{"id":152250,"date":"2024-08-14T09:41:34","date_gmt":"2024-08-14T07:41:34","guid":{"rendered":"https:\/\/lavozdehellin.com\/noticias\/?p=152250"},"modified":"2024-08-18T11:06:23","modified_gmt":"2024-08-18T09:06:23","slug":"v08-960-cabanero-no-falta-a-uno-de-los-momentos-mas-emblematicos-de-las-fiestas-de-san-roque-en-villargordo-del-jucar","status":"publish","type":"post","link":"https:\/\/lavozdehellin.com\/noticias\/v08-960-cabanero-no-falta-a-uno-de-los-momentos-mas-emblematicos-de-las-fiestas-de-san-roque-en-villargordo-del-jucar\/","title":{"rendered":"LVH NOTICIAS | CABA\u00d1ERO NO FALTA A UNO DE LOS MOMENTOS M\u00c1S EMBLEM\u00c1TICOS DE LAS FIESTAS DE SAN ROQUE EN VILLARGORDO DEL J\u00daCAR"},"content":{"rendered":"<p style=\"text-align: justify;\">En el marco de las celebraciones en honor a San Roque, el presidente de la Diputaci\u00f3n de Albacete, Santi Caba\u00f1ero, acompa\u00f1ado de los diputados Miguel Zamora y Jos\u00e9 Antonio Calvo, visitaba anoche la localidad de Villalgordo del J\u00facar, para vivir junto al alcalde, Jos\u00e9 Luis Mart\u00ednez Cano, el resto de su equipo al frente del Ayuntamiento y m\u00faltiples representantes de distintas instituciones, como el Gobierno de la JCCM y las Cortes Regionales, una de las noches m\u00e1s especiales de las fiestas que se desarrollan en la localidad del 10 al 18 de agosto.<\/p>\n<p><!--more--><br \/>\n<!--publicidad-voz01--><a href=\"https:\/\/www.facebook.com\/SoloRadioHellin\/?locale=es_ES\"><img decoding=\"async\" class=\"alignnone size-medium\" src=\"https:\/\/blogger.googleusercontent.com\/img\/b\/R29vZ2xl\/AVvXsEiNncirNnyGedv00mhjZjh5Wl4_YPdJGanoAl8tL8zH-HwqE8uHqjEfSt340RHdx-9tuCSIkZ8rFamZiGyYlgDGxCsmXjCH_1xk5eYM3ntFZRvJP_jndOKR7w1UAo9Tu0vrZyOLfqRpHIxYI5SymJJ-pfGCQw6QVpggBH-UgfjiFQ2JOxqxG0Jx94kW83c\/s1600\/logo-principal.jpg\" width=\"100%\" height=\"100\" \/><\/a><!--bestpublic-voz01--><!--desk-in-out-voz01--><br \/>\n<!--publicidad-voz02--><a href=\"https:\/\/www.hellincf.com\/\"><img decoding=\"async\" class=\"alignnone size-medium\" src=\"https:\/\/blogger.googleusercontent.com\/img\/b\/R29vZ2xl\/AVvXsEhuZ4-XfBVj3UtdP8-RZugy3WVrg-Zv28c53m4oV47qYCxL1rX_dqWX_YddsGSnpH5SRDqZ7bZeKPIfDVCDncpjVlhy3aQs2vojcJBn7Gdv9hC2_Nzct_pRFrnFE1a7KTCdY1bT_kAgnY3-iadRZrGeJf1fR2P5fu11bokx0pWjaypoy-ctwCjklldpEbA\/s1600\/logo-principal7.jpg\" width=\"100%\" height=\"100\" \/><\/a><!--bestpublic-voz02--><!--desk-in-out-voz02--><\/p>\n<p style=\"text-align: justify;\">Durante su visita, Caba\u00f1ero fue testigo del encendido del alumbrado festivo que marc\u00f3 el inicio de una velada llena de tradici\u00f3n y de emoci\u00f3n. Desde el Ayuntamiento, la comitiva, compuesta por las Damas de Honor, la Corte Infantil, la Reina de las Fiestas 2023 y la Corte de Honor 2024, junto al resto de autoridades y la Uni\u00f3n Musical La Lira, se dirigi\u00f3 a la pista municipal Boca del Caz. All\u00ed tuvo lugar la esperada gala de presentaci\u00f3n y coronaci\u00f3n de la Reina de las Fiestas 2024 y de su Corte de Honor, momento seguido por el Preg\u00f3n: un emotivo discurso a cargo de la enfermera jubilada Remedios Gabald\u00f3n Garc\u00eda, muy querida en la localidad como qued\u00f3 patente en el acto.<\/p>\n<p style=\"text-align: justify;\">Previamente, el presidente de la Diputaci\u00f3n tuvo ocasi\u00f3n de disfrutar, en el Ayuntamiento de Villalgordo, de las obras que conforman la exposici\u00f3n solidaria de pintura de Jos\u00e9 Dami\u00e1n Arribas, destinada a la recaudaci\u00f3n de fondos para la asociaci\u00f3n de afectados por el TCA, Alienta. Caba\u00f1ero tuvo ocasi\u00f3n de conversar con el artista y con la presidenta de dicha entidad, Gema Arribas Palencia, que le coment\u00f3 c\u00f3mo esta muestra se centra en las personas, principalmente ni\u00f1os, que sufren TCA y que viven estigmatizadas, as\u00ed como que la iniciativa de impulsar esta exposici\u00f3n busca recaudar fondos para apoyar a las familias afectadas, brind\u00e1ndoles ayuda y consuelo en su dif\u00edcil situaci\u00f3n.<\/p>\n<p style=\"text-align: justify;\">Ya sobre el transcurso de las propias celebraciones, el m\u00e1ximo responsable provincial tuvo ocasi\u00f3n de expresar su satisfacci\u00f3n por poder compartir un a\u00f1o m\u00e1s estos momentos tan significativos con la poblaci\u00f3n de Villalgordo del J\u00facar, multiplicada estos d\u00edas atra\u00edda por una programaci\u00f3n de gran calidad repleta de citas para todas las edades. Unas celebraciones que, como subraya Caba\u00f1ero, \u201crepresentan el esplendor y la alegr\u00eda que inundan esta localidad\u00bb.<\/p>\n<p style=\"text-align: justify;\">Las celebraciones, que se extienden hasta el 18 de agosto, cuentan con una variada oferta de citas, incluyendo los tradicionales encierros, verbenas y el desfile de carrozas: eventos con los que cada se vuelcan, por igual, vecinos y visitantes.<\/p>\n<p style=\"text-align: justify;\">El presidente no dej\u00f3 pasar la oportunidad de desear unas felices fiestas a los y las habitantes de Villalgordo del J\u00facar, as\u00ed como a quienes regresan a su pueblo natal y a sus ra\u00edces durante estas fechas, llenas de \u201cmomentos inolvidables\u201d junto a las amistades y seres queridos, haciendo provincia desde el respeto y la puesta en valor de las tradiciones para impulsarlas al futuro y hacerlas crecer de la mano de las nuevas generaciones.<\/p>\n<p style=\"text-align: justify;\">A trav\u00e9s de su presidente, la Diputaci\u00f3n de Albacete reiteraba el compromiso con el apoyo a celebraciones locales, \u201cparte esencial de la identidad y el patrimonio cultural de la provincia\u201d.<\/p>\n<p><!--publicidad-voz03--><a href=\"https:\/\/www.facebook.com\/profile.php?id=100063593791305&amp;locale=es_ES\"><img decoding=\"async\" class=\"alignnone size-medium\" src=\"https:\/\/blogger.googleusercontent.com\/img\/b\/R29vZ2xl\/AVvXsEi8_n_ll8UOcGxCqzFvb_9Io4ICczlGC990BPtPj2w9Px-u7B3oqWUW5vtjZUqPNJ-nyjiUIorE0ATsib_l5tV8BVN-UJ03RTnU__IHJF_4DgDBtY4LIqXNG-FomrO-7ywes20CBCRM2Hcm7EJSh3UUw1dO-c_uTflUrtgY1i7uBRezj_DpympmEFkfbQY\/s1600\/logo-principal2.jpg\" width=\"100%\" height=\"100\" \/><\/a><!--bestpublic-voz03--><!--desk-in-out-voz03--><br \/>\n<!--publicidad-voz04--><a href=\"https:\/\/www.facebook.com\/profile.php?id=61557370768692&amp;locale=es_ES\"><img decoding=\"async\" class=\"alignnone size-medium\" src=\"https:\/\/blogger.googleusercontent.com\/img\/b\/R29vZ2xl\/AVvXsEgy5RdcfffrnrItnYTcV9bCJjgJwldsQLWssfVfrLbyfXeBNTFKgBf0rMIvhrUaGUhiXzVr9_eQgCbi-j63ZDpfTvLIty9w7s140y-m1yHe7eKmEK7v2NAHUJDVYGdfeiQFeRCqUjdwWmN1MX_AUxxz4IVdJ4WIM0APxit8bjWkXzrnEFGqBvW_1F13H1g\/s1600\/logo-principal5.jpg\" width=\"100%\" height=\"100\" \/><\/a><!--bestpublic-voz04--><!--desk-in-out-voz04--><br \/>\n<!--publicidad-voz05--><a href=\"https:\/\/www.facebook.com\/asociaciontamborileroshellin?locale=es_ES\"><img decoding=\"async\" class=\"alignnone size-medium\" src=\"https:\/\/blogger.googleusercontent.com\/img\/b\/R29vZ2xl\/AVvXsEhHEEpZsKK1VpwiYMrS7aE2ujtqIDZoLd4B5wtbiseSU9s2HdTdQfhF84So2XwEB1fv0BLw95GADm6hUl1bkKtzh-eIgVigXONuu_5RxeIMPhjk8q6uNX4EaEHbooKkbu7pCADWPpVJjhKIH5NQSJpWqedC-YBez4QAQeJYokkLot9bhrIaUAeztsGis6M\/s1600\/logo-principal3.jpg\" width=\"100%\" height=\"100\" \/><\/a><!--bestpublic-voz05--><!--desk-in-out-voz05--><br \/>\n<!--publicidad-voz06--><!--bestpublic-voz06--><!--desk-in-out-voz06--><br \/>\n<!--publicidad-voz07--><!--bestpublic-voz07--><!--desk-in-out-voz07--><br \/>\n<!--publicidad-voz08--><!--bestpublic-voz08--><!--desk-in-out-voz08--><br \/>\n<!--publicidad-voz09--><!--bestpublic-voz09--><!--desk-in-out-voz09--><br \/>\n<!--publicidad-voz10--><!--bestpublic-voz10--><!--desk-in-out-voz10--><br \/>\n<!--publicidad-voz11--><!--bestpublic-voz11--><!--desk-in-out-voz11--><br \/>\n<!--publicidad-voz12--><!--bestpublic-voz12--><!--desk-in-out-voz12--><br \/>\n<!--publicidad-voz13--><!--bestpublic-voz13--><!--desk-in-out-voz13--><br \/>\n<!--publicidad-voz14--><!--bestpublic-voz14--><!--desk-in-out-voz14--><br \/>\n<!--publicidad-voz15--><!--bestpublic-voz15--><!--desk-in-out-voz15--><br \/>\n<!--publicidad-voz16--><!--bestpublic-voz16--><!--desk-in-out-voz16--><\/p>\n","protected":false},"excerpt":{"rendered":"<p>En el marco de las celebraciones en honor a San Roque, el presidente de la Diputaci\u00f3n de Albacete, Santi Caba\u00f1ero, acompa\u00f1ado de los diputados Miguel Zamora y Jos\u00e9 Antonio Calvo,&#8230;<\/p>\n","protected":false},"author":2,"featured_media":152251,"comment_status":"closed","ping_status":"closed","sticky":false,"template":"","format":"standard","meta":{"footnotes":""},"categories":[755,718,715,716,717],"tags":[],"class_list":["post-152250","post","type-post","status-publish","format-standard","has-post-thumbnail","hentry","category-blog-lv036","category-blogger","category-la-voz-de-hellin","category-la-voz-de-hellin-la-voz-de-hellin","category-noticias"],"_links":{"self":[{"href":"https:\/\/lavozdehellin.com\/noticias\/wp-json\/wp\/v2\/posts\/152250","targetHints":{"allow":["GET"]}}],"collection":[{"href":"https:\/\/lavozdehellin.com\/noticias\/wp-json\/wp\/v2\/posts"}],"about":[{"href":"https:\/\/lavozdehellin.com\/noticias\/wp-json\/wp\/v2\/types\/post"}],"author":[{"embeddable":true,"href":"https:\/\/lavozdehellin.com\/noticias\/wp-json\/wp\/v2\/users\/2"}],"replies":[{"embeddable":true,"href":"https:\/\/lavozdehellin.com\/noticias\/wp-json\/wp\/v2\/comments?post=152250"}],"version-history":[{"count":0,"href":"https:\/\/lavozdehellin.com\/noticias\/wp-json\/wp\/v2\/posts\/152250\/revisions"}],"wp:featuredmedia":[{"embeddable":true,"href":"https:\/\/lavozdehellin.com\/noticias\/wp-json\/wp\/v2\/media\/152251"}],"wp:attachment":[{"href":"https:\/\/lavozdehellin.com\/noticias\/wp-json\/wp\/v2\/media?parent=152250"}],"wp:term":[{"taxonomy":"category","embeddable":true,"href":"https:\/\/lavozdehellin.com\/noticias\/wp-json\/wp\/v2\/categories?post=152250"},{"taxonomy":"post_tag","embeddable":true,"href":"https:\/\/lavozdehellin.com\/noticias\/wp-json\/wp\/v2\/tags?post=152250"}],"curies":[{"name":"wp","href":"https:\/\/api.w.org\/{rel}","templated":true}]}}