{"id":152253,"date":"2024-08-14T10:17:00","date_gmt":"2024-08-14T08:17:00","guid":{"rendered":"https:\/\/lavozdehellin.com\/noticias\/?p=152253"},"modified":"2024-08-18T11:06:23","modified_gmt":"2024-08-18T09:06:23","slug":"v08-961-la-diputacion-de-albacete-invierte-100-000-euros-en-300-carpas-de-usos-versatiles-dando-mas-prestaciones-al-dinamismo-municipal-en-localidades-con-menos-de-5-000-habitantes","status":"publish","type":"post","link":"https:\/\/lavozdehellin.com\/noticias\/v08-961-la-diputacion-de-albacete-invierte-100-000-euros-en-300-carpas-de-usos-versatiles-dando-mas-prestaciones-al-dinamismo-municipal-en-localidades-con-menos-de-5-000-habitantes\/","title":{"rendered":"LVH NOTICIAS | LA DIPUTACI\u00d3N DE ALBACETE INVIERTE 100.000 EUROS EN 300 CARPAS DE USOS VERS\u00c1TILES, DANDO M\u00c1S PRESTACIONES AL DINAMISMO MUNICIPAL EN LOCALIDADES CON MENOS DE 5.000 HABITANTES"},"content":{"rendered":"<p style=\"text-align: justify;\">En una muestra m\u00e1s de su compromiso con el desarrollo local y el apoyo a la gesti\u00f3n municipal, la Diputaci\u00f3n de Albacete ha adquirido cerca de 300 carpas plegables destinadas a los 80 ayuntamientos de municipios de menos de 5.000 habitantes con los que cuenta la provincia.<\/p>\n<p><!--more--><br \/>\n<!--publicidad-voz01--><a href=\"https:\/\/www.facebook.com\/SoloRadioHellin\/?locale=es_ES\"><img decoding=\"async\" class=\"alignnone size-medium\" src=\"https:\/\/blogger.googleusercontent.com\/img\/b\/R29vZ2xl\/AVvXsEiNncirNnyGedv00mhjZjh5Wl4_YPdJGanoAl8tL8zH-HwqE8uHqjEfSt340RHdx-9tuCSIkZ8rFamZiGyYlgDGxCsmXjCH_1xk5eYM3ntFZRvJP_jndOKR7w1UAo9Tu0vrZyOLfqRpHIxYI5SymJJ-pfGCQw6QVpggBH-UgfjiFQ2JOxqxG0Jx94kW83c\/s1600\/logo-principal.jpg\" width=\"100%\" height=\"100\" \/><\/a><!--bestpublic-voz01--><!--desk-in-out-voz01--><br \/>\n<!--publicidad-voz02--><a href=\"https:\/\/www.hellincf.com\/\"><img decoding=\"async\" class=\"alignnone size-medium\" src=\"https:\/\/blogger.googleusercontent.com\/img\/b\/R29vZ2xl\/AVvXsEhuZ4-XfBVj3UtdP8-RZugy3WVrg-Zv28c53m4oV47qYCxL1rX_dqWX_YddsGSnpH5SRDqZ7bZeKPIfDVCDncpjVlhy3aQs2vojcJBn7Gdv9hC2_Nzct_pRFrnFE1a7KTCdY1bT_kAgnY3-iadRZrGeJf1fR2P5fu11bokx0pWjaypoy-ctwCjklldpEbA\/s1600\/logo-principal7.jpg\" width=\"100%\" height=\"100\" \/><\/a><!--bestpublic-voz02--><!--desk-in-out-voz02--><\/p>\n<p style=\"text-align: justify;\">Esta iniciativa, traducida en una inversi\u00f3n que asciende a casi 100.000 euros, se suma a la inversi\u00f3n de m\u00e1s de 400.000 euros en mobiliario urbano realizada desde 2021 por el equipo que encabeza Caba\u00f1ero, consolidando la apuesta de su Gobierno Provincial por dotar a las peque\u00f1as localidades de recursos que fomenten el dinamismo social, cultural y de ocio.<\/p>\n<p style=\"text-align: justify;\">El propio presidente, Santi Caba\u00f1ero, y el vicepresidente, Fran Valera, han visitado las instalaciones del Parque M\u00f3vil de la Diputaci\u00f3n, en el Pol\u00edgono Industrial Campollano, donde han sido recibidas estas casi 300 carpas que ya han comenzado a repartirse paulatinamente entre los ayuntamientos.<\/p>\n<p style=\"text-align: justify;\">Los 27 municipios con menos de 500 habitantes recibir\u00e1n 3 carpas cada uno, mientras que los 53 municipios de entre 501 y 5.000 habitantes recibir\u00e1n 4 unidades, asegurando as\u00ed que todos dispongan de los medios necesarios para organizar eventos p\u00fablicos de diversa \u00edndole.<\/p>\n<p style=\"text-align: justify;\">\u201cSabemos que, especialmente ahora, en verano, en los pueblos se hacen muchas actividades al aire libre (tambi\u00e9n a lo largo del a\u00f1o), y que los ayuntamientos necesitan de la instalaci\u00f3n de carpas que, muchas veces, pues no tienen a su alcance o comprarlas supone un problema para econom\u00edas peque\u00f1as como las de muchos de los ayuntamientos\u2026\u201d, ha explicado Caba\u00f1ero sobre el destino que el Gobierno Provincial ha dado este a\u00f1o a esa partida que implement\u00f3 hace unos ejercicios para la adquisici\u00f3n paulatina de mobiliario urbano.<\/p>\n<p style=\"text-align: justify;\">Un recurso vers\u00e1til para fomentar actividades p\u00fablicas asegurando espacios de sombra<\/p>\n<p style=\"text-align: justify;\">Estas carpas, de 3\u00d73 metros, est\u00e1n dise\u00f1adas con materiales de alta calidad, incluyendo lonas de poli\u00e9ster ign\u00edfugo y estructuras de aluminio ligero reforzado, garantizando durabilidad y seguridad, incluso en condiciones meteorol\u00f3gicas adversas. Su f\u00e1cil transporte y montaje las convierte en una herramienta esencial para la celebraci\u00f3n de ferias, mercados, eventos culturales y deportivos, y cualquier otra actividad que requiera un espacio cubierto y c\u00f3modo para los vecinos y vecinas.<\/p>\n<p style=\"text-align: justify;\">El presidente Caba\u00f1ero ha destacado la importancia de esta inversi\u00f3n en unas carpas que \u201cno s\u00f3lo facilitan la organizaci\u00f3n de actividades al aire libre en nuestros pueblos, sino que contribuyen a crear espacios de sombra que hagan m\u00e1s agradables todas esas posibles iniciativas que se desarrollen en ellos, especialmente, en los meses de verano\u00bb.<\/p>\n<p style=\"text-align: justify;\">Esta adquisici\u00f3n se enmarca dentro de una pol\u00edtica m\u00e1s amplia de la Diputaci\u00f3n de Albacete, que en los \u00faltimos cuatro a\u00f1os ha invertido cerca de 540.000 euros en mobiliario urbano, facilitando a las Entidades Locales cubrir necesidades latentes sin ning\u00fan coste adicional para sus arcas.<\/p>\n<p style=\"text-align: justify;\">Por ejemplo, hasta la fecha y dentro de ese gran \u2018plan de acci\u00f3n\u2019, se han distribuido cerca de 2.200 bancos en localidades de toda la provincia, con especial atenci\u00f3n a los municipios m\u00e1s peque\u00f1os que, a menudo, enfrentan mayores dificultades para adquirir por s\u00ed mismos este tipo de recursos.<\/p>\n<p style=\"text-align: justify;\">Caba\u00f1ero ha subrayado que estas acciones responden al objetivo de \u201casegurar que todos los municipios, sin importar su tama\u00f1o, tengan las herramientas necesarias para dinamizar la vida social y cultural y mejorar las prestaciones que ofrecen a sus habitantes\u00bb, ha afirmado.<\/p>\n<p style=\"text-align: justify;\">Como la adquisici\u00f3n del resto de mobiliario urbano, esta medida tambi\u00e9n se alinea con los Objetivos de Desarrollo Sostenible (ODS) que marcan la hoja de ruta del Gobierno de la Diputaci\u00f3n de Albacete, favoreciendo la creaci\u00f3n de puntos de encuentro y el uso adecuado y saludable de los espacios p\u00fablicos.<\/p>\n<p style=\"text-align: justify;\">La entrega de estas carpas, que cuentan con una garant\u00eda m\u00ednima de 2 a\u00f1os, refuerza el compromiso de la instituci\u00f3n provincial con el bienestar de todos los municipios, impulsando su capacidad para organizar actividades que promuevan el encuentro, la cultura y el ocio entre su poblaci\u00f3n local y visitante.<\/p>\n<p><!--publicidad-voz03--><a href=\"https:\/\/www.facebook.com\/profile.php?id=100063593791305&amp;locale=es_ES\"><img decoding=\"async\" class=\"alignnone size-medium\" src=\"https:\/\/blogger.googleusercontent.com\/img\/b\/R29vZ2xl\/AVvXsEi8_n_ll8UOcGxCqzFvb_9Io4ICczlGC990BPtPj2w9Px-u7B3oqWUW5vtjZUqPNJ-nyjiUIorE0ATsib_l5tV8BVN-UJ03RTnU__IHJF_4DgDBtY4LIqXNG-FomrO-7ywes20CBCRM2Hcm7EJSh3UUw1dO-c_uTflUrtgY1i7uBRezj_DpympmEFkfbQY\/s1600\/logo-principal2.jpg\" width=\"100%\" height=\"100\" \/><\/a><!--bestpublic-voz03--><!--desk-in-out-voz03--><br \/>\n<!--publicidad-voz04--><a href=\"https:\/\/www.facebook.com\/profile.php?id=61557370768692&amp;locale=es_ES\"><img decoding=\"async\" class=\"alignnone size-medium\" src=\"https:\/\/blogger.googleusercontent.com\/img\/b\/R29vZ2xl\/AVvXsEgy5RdcfffrnrItnYTcV9bCJjgJwldsQLWssfVfrLbyfXeBNTFKgBf0rMIvhrUaGUhiXzVr9_eQgCbi-j63ZDpfTvLIty9w7s140y-m1yHe7eKmEK7v2NAHUJDVYGdfeiQFeRCqUjdwWmN1MX_AUxxz4IVdJ4WIM0APxit8bjWkXzrnEFGqBvW_1F13H1g\/s1600\/logo-principal5.jpg\" width=\"100%\" height=\"100\" \/><\/a><!--bestpublic-voz04--><!--desk-in-out-voz04--><br \/>\n<!--publicidad-voz05--><a href=\"https:\/\/www.facebook.com\/asociaciontamborileroshellin?locale=es_ES\"><img decoding=\"async\" class=\"alignnone size-medium\" src=\"https:\/\/blogger.googleusercontent.com\/img\/b\/R29vZ2xl\/AVvXsEhHEEpZsKK1VpwiYMrS7aE2ujtqIDZoLd4B5wtbiseSU9s2HdTdQfhF84So2XwEB1fv0BLw95GADm6hUl1bkKtzh-eIgVigXONuu_5RxeIMPhjk8q6uNX4EaEHbooKkbu7pCADWPpVJjhKIH5NQSJpWqedC-YBez4QAQeJYokkLot9bhrIaUAeztsGis6M\/s1600\/logo-principal3.jpg\" width=\"100%\" height=\"100\" \/><\/a><!--bestpublic-voz05--><!--desk-in-out-voz05--><br \/>\n<!--publicidad-voz06--><!--bestpublic-voz06--><!--desk-in-out-voz06--><br \/>\n<!--publicidad-voz07--><!--bestpublic-voz07--><!--desk-in-out-voz07--><br \/>\n<!--publicidad-voz08--><!--bestpublic-voz08--><!--desk-in-out-voz08--><br \/>\n<!--publicidad-voz09--><!--bestpublic-voz09--><!--desk-in-out-voz09--><br \/>\n<!--publicidad-voz10--><!--bestpublic-voz10--><!--desk-in-out-voz10--><br \/>\n<!--publicidad-voz11--><!--bestpublic-voz11--><!--desk-in-out-voz11--><br \/>\n<!--publicidad-voz12--><!--bestpublic-voz12--><!--desk-in-out-voz12--><br \/>\n<!--publicidad-voz13--><!--bestpublic-voz13--><!--desk-in-out-voz13--><br \/>\n<!--publicidad-voz14--><!--bestpublic-voz14--><!--desk-in-out-voz14--><br \/>\n<!--publicidad-voz15--><!--bestpublic-voz15--><!--desk-in-out-voz15--><br \/>\n<!--publicidad-voz16--><!--bestpublic-voz16--><!--desk-in-out-voz16--><\/p>\n","protected":false},"excerpt":{"rendered":"<p>En una muestra m\u00e1s de su compromiso con el desarrollo local y el apoyo a la gesti\u00f3n municipal, la Diputaci\u00f3n de Albacete ha adquirido cerca de 300 carpas plegables destinadas&#8230;<\/p>\n","protected":false},"author":2,"featured_media":152254,"comment_status":"closed","ping_status":"closed","sticky":false,"template":"","format":"standard","meta":{"footnotes":""},"categories":[755,718,715,716,717],"tags":[],"class_list":["post-152253","post","type-post","status-publish","format-standard","has-post-thumbnail","hentry","category-blog-lv036","category-blogger","category-la-voz-de-hellin","category-la-voz-de-hellin-la-voz-de-hellin","category-noticias"],"_links":{"self":[{"href":"https:\/\/lavozdehellin.com\/noticias\/wp-json\/wp\/v2\/posts\/152253","targetHints":{"allow":["GET"]}}],"collection":[{"href":"https:\/\/lavozdehellin.com\/noticias\/wp-json\/wp\/v2\/posts"}],"about":[{"href":"https:\/\/lavozdehellin.com\/noticias\/wp-json\/wp\/v2\/types\/post"}],"author":[{"embeddable":true,"href":"https:\/\/lavozdehellin.com\/noticias\/wp-json\/wp\/v2\/users\/2"}],"replies":[{"embeddable":true,"href":"https:\/\/lavozdehellin.com\/noticias\/wp-json\/wp\/v2\/comments?post=152253"}],"version-history":[{"count":0,"href":"https:\/\/lavozdehellin.com\/noticias\/wp-json\/wp\/v2\/posts\/152253\/revisions"}],"wp:featuredmedia":[{"embeddable":true,"href":"https:\/\/lavozdehellin.com\/noticias\/wp-json\/wp\/v2\/media\/152254"}],"wp:attachment":[{"href":"https:\/\/lavozdehellin.com\/noticias\/wp-json\/wp\/v2\/media?parent=152253"}],"wp:term":[{"taxonomy":"category","embeddable":true,"href":"https:\/\/lavozdehellin.com\/noticias\/wp-json\/wp\/v2\/categories?post=152253"},{"taxonomy":"post_tag","embeddable":true,"href":"https:\/\/lavozdehellin.com\/noticias\/wp-json\/wp\/v2\/tags?post=152253"}],"curies":[{"name":"wp","href":"https:\/\/api.w.org\/{rel}","templated":true}]}}