{"id":152256,"date":"2024-08-15T09:58:46","date_gmt":"2024-08-15T07:58:46","guid":{"rendered":"https:\/\/lavozdehellin.com\/noticias\/?p=152256"},"modified":"2024-08-18T11:06:23","modified_gmt":"2024-08-18T09:06:23","slug":"v08-962-el-toro-de-fuego-enciende-las-fiestas-mayores-de-barrax-con-santi-cabanero-como-fijo-en-la-cita-con-esta-tradicion-centenaria","status":"publish","type":"post","link":"https:\/\/lavozdehellin.com\/noticias\/v08-962-el-toro-de-fuego-enciende-las-fiestas-mayores-de-barrax-con-santi-cabanero-como-fijo-en-la-cita-con-esta-tradicion-centenaria\/","title":{"rendered":"LVH NOTICIAS | EL TORO DE FUEGO \u2018ENCIENDE\u2019 LAS FIESTAS MAYORES DE BARRAX CON SANTI CABA\u00d1ERO COMO FIJO EN LA CITA CON ESTA TRADICI\u00d3N CENTENARIA"},"content":{"rendered":"<p style=\"text-align: justify;\">El presidente de la Diputaci\u00f3n de Albacete, Santi Caba\u00f1ero, asist\u00eda un a\u00f1o m\u00e1s al inicio de las Fiestas Mayores que Barrax celebra, del 14 al 18 de agosto, en honor a San Roque.<\/p>\n<p><!--more--><br \/>\n<!--publicidad-voz01--><a href=\"https:\/\/www.facebook.com\/SoloRadioHellin\/?locale=es_ES\"><img decoding=\"async\" class=\"alignnone size-medium\" src=\"https:\/\/blogger.googleusercontent.com\/img\/b\/R29vZ2xl\/AVvXsEiNncirNnyGedv00mhjZjh5Wl4_YPdJGanoAl8tL8zH-HwqE8uHqjEfSt340RHdx-9tuCSIkZ8rFamZiGyYlgDGxCsmXjCH_1xk5eYM3ntFZRvJP_jndOKR7w1UAo9Tu0vrZyOLfqRpHIxYI5SymJJ-pfGCQw6QVpggBH-UgfjiFQ2JOxqxG0Jx94kW83c\/s1600\/logo-principal.jpg\" width=\"100%\" height=\"100\" \/><\/a><!--bestpublic-voz01--><!--desk-in-out-voz01--><br \/>\n<!--publicidad-voz02--><a href=\"https:\/\/www.hellincf.com\/\"><img decoding=\"async\" class=\"alignnone size-medium\" src=\"https:\/\/blogger.googleusercontent.com\/img\/b\/R29vZ2xl\/AVvXsEhuZ4-XfBVj3UtdP8-RZugy3WVrg-Zv28c53m4oV47qYCxL1rX_dqWX_YddsGSnpH5SRDqZ7bZeKPIfDVCDncpjVlhy3aQs2vojcJBn7Gdv9hC2_Nzct_pRFrnFE1a7KTCdY1bT_kAgnY3-iadRZrGeJf1fR2P5fu11bokx0pWjaypoy-ctwCjklldpEbA\/s1600\/logo-principal7.jpg\" width=\"100%\" height=\"100\" \/><\/a><!--bestpublic-voz02--><!--desk-in-out-voz02--><\/p>\n<p style=\"text-align: justify;\">Unas celebraciones profundamente arraigadas en la tradici\u00f3n local que destacan por la emblem\u00e1tica presencia del Toro de Fuego: una de las grandes se\u00f1as de identidad, no s\u00f3lo de Barrax, sino del conjunto de la provincia y la regi\u00f3n, como subrayaba el propio dirigente.<\/p>\n<p style=\"text-align: justify;\">Caba\u00f1ero, que siempre explica que siente estas fiestas como suyas, participaba en los actos inaugurales que, anoche, marcaban el comienzo de los \u2018d\u00edas grandes\u2019 del municipio. La Plaza Alcalde Domingo Castillejo fue testigo de la presentaci\u00f3n de las reinas de las fiestas, Raquel Ati\u00e9nzar Garrido y Sof\u00eda Ca\u00f1averas Garc\u00eda (\u00e9sta, reina infantil), junto a la Corte de Honor, en una gala dirigida por Nerea Haro, V\u00edctor Jos\u00e9 Rubio y Pablo Garc\u00eda, j\u00f3venes del municipio<\/p>\n<p style=\"text-align: justify;\">El preg\u00f3n, a cargo del periodista Jes\u00fas R\u00f3denas Cano, emocion\u00f3 a los presentes con palabras llenas de cari\u00f1o hacia su tierra natal. A punto de cumplir apenas 24 a\u00f1os, R\u00f3denas, que trabaja en Radio C-LM y es natural de Barrax, destaca por su talento y profesionalidad en el \u00e1mbito radiof\u00f3nico, superando las barreras que la ceguera total le impone desde que naci\u00f3. Caba\u00f1ero aplaud\u00eda su intervenci\u00f3n, destacando \u201cel orgullo de Barrax\u201d por contar con un pregonero de su val\u00eda.<\/p>\n<p style=\"text-align: justify;\">Tras la gala, la poblaci\u00f3n local y visitante vibr\u00f3 con el primer Toro de Fuego de las fiestas: una tradici\u00f3n que data de principios del siglo XIX y que este a\u00f1o celebra su sexto aniversario como Fiesta de Inter\u00e9s Tur\u00edstico Regional. M\u00e1s de 60 \u2018ejemplares\u2019 de Toro de Fuego iluminar\u00e1n las calles de Barrax durante estas noches de celebraciones, simbolizando la alegr\u00eda, la pasi\u00f3n, la intensidad y la fraternidad que impregnan cada rinc\u00f3n del pueblo.<\/p>\n<p style=\"text-align: justify;\">No obstante, Barrax viene vibrando desde que, varias jornadas atr\u00e1s, la poblaci\u00f3n disfrutara de unas no menos intensas pre-fiestas, llenas de actos emblem\u00e1ticos (como la Cuerva Literaria) que han sido la mejor antesala posible a la programaci\u00f3n de las Fiestas Mayores: repleta de m\u00fasica, cultura, tradiciones, gastronom\u00eda, deporte y actividades infantiles, ofreciendo al p\u00fablico todo tipo de experiencias inolvidables divertirse, aprender y compartir.<\/p>\n<p style=\"text-align: justify;\">El presidente de la Diputaci\u00f3n insist\u00eda en poner en valor el esplendor de estas celebraciones y felicitaba a toda la poblaci\u00f3n de Barrax y, en su nombre, a la alcaldesa, Josefina Navarrete, y todo su equipo, por \u201cla dedicaci\u00f3n y el cari\u00f1o puestos en cada detalle de la organizaci\u00f3n\u201d. Adem\u00e1s, recordaba \u201cla impronta\u201d del legado del gran pintor barraje\u00f1o Benjam\u00edn Palencia, cuya influencia se refleja en la identidad cultural de todo un pueblo que hizo universal.<\/p>\n<p style=\"text-align: justify;\">Caba\u00f1ero deseaba a los vecinos y vecinas (as\u00ed como al buen n\u00famero de visitantes que hacen que Barrax pr\u00e1cticamente triplique su poblaci\u00f3n estos d\u00edas), el mayor disfrute posible de sus fiestas, compartiendo momentos m\u00e1gicos con familiares y seres queridos, \u201ccelebrando con orgullo la tradici\u00f3n que hace que Barrax brille con la luz propia e inconfundible del Toro de Fuego\u201d.<\/p>\n<p style=\"text-align: justify;\">Una cita que, en su primera noche, tambi\u00e9n vivieron junto a Caba\u00f1ero m\u00faltiples representantes institucionales, as\u00ed como integrantes de otros Grupos de la Corporaci\u00f3n Provincial y de distintos ayuntamientos de localidades cercanas.<\/p>\n<p><!--publicidad-voz03--><a href=\"https:\/\/www.facebook.com\/profile.php?id=100063593791305&amp;locale=es_ES\"><img decoding=\"async\" class=\"alignnone size-medium\" src=\"https:\/\/blogger.googleusercontent.com\/img\/b\/R29vZ2xl\/AVvXsEi8_n_ll8UOcGxCqzFvb_9Io4ICczlGC990BPtPj2w9Px-u7B3oqWUW5vtjZUqPNJ-nyjiUIorE0ATsib_l5tV8BVN-UJ03RTnU__IHJF_4DgDBtY4LIqXNG-FomrO-7ywes20CBCRM2Hcm7EJSh3UUw1dO-c_uTflUrtgY1i7uBRezj_DpympmEFkfbQY\/s1600\/logo-principal2.jpg\" width=\"100%\" height=\"100\" \/><\/a><!--bestpublic-voz03--><!--desk-in-out-voz03--><br \/>\n<!--publicidad-voz04--><a href=\"https:\/\/www.facebook.com\/profile.php?id=61557370768692&amp;locale=es_ES\"><img decoding=\"async\" class=\"alignnone size-medium\" src=\"https:\/\/blogger.googleusercontent.com\/img\/b\/R29vZ2xl\/AVvXsEgy5RdcfffrnrItnYTcV9bCJjgJwldsQLWssfVfrLbyfXeBNTFKgBf0rMIvhrUaGUhiXzVr9_eQgCbi-j63ZDpfTvLIty9w7s140y-m1yHe7eKmEK7v2NAHUJDVYGdfeiQFeRCqUjdwWmN1MX_AUxxz4IVdJ4WIM0APxit8bjWkXzrnEFGqBvW_1F13H1g\/s1600\/logo-principal5.jpg\" width=\"100%\" height=\"100\" \/><\/a><!--bestpublic-voz04--><!--desk-in-out-voz04--><br \/>\n<!--publicidad-voz05--><a href=\"https:\/\/www.facebook.com\/asociaciontamborileroshellin?locale=es_ES\"><img decoding=\"async\" class=\"alignnone size-medium\" src=\"https:\/\/blogger.googleusercontent.com\/img\/b\/R29vZ2xl\/AVvXsEhHEEpZsKK1VpwiYMrS7aE2ujtqIDZoLd4B5wtbiseSU9s2HdTdQfhF84So2XwEB1fv0BLw95GADm6hUl1bkKtzh-eIgVigXONuu_5RxeIMPhjk8q6uNX4EaEHbooKkbu7pCADWPpVJjhKIH5NQSJpWqedC-YBez4QAQeJYokkLot9bhrIaUAeztsGis6M\/s1600\/logo-principal3.jpg\" width=\"100%\" height=\"100\" \/><\/a><!--bestpublic-voz05--><!--desk-in-out-voz05--><br \/>\n<!--publicidad-voz06--><!--bestpublic-voz06--><!--desk-in-out-voz06--><br \/>\n<!--publicidad-voz07--><!--bestpublic-voz07--><!--desk-in-out-voz07--><br \/>\n<!--publicidad-voz08--><!--bestpublic-voz08--><!--desk-in-out-voz08--><br \/>\n<!--publicidad-voz09--><!--bestpublic-voz09--><!--desk-in-out-voz09--><br \/>\n<!--publicidad-voz10--><!--bestpublic-voz10--><!--desk-in-out-voz10--><br \/>\n<!--publicidad-voz11--><!--bestpublic-voz11--><!--desk-in-out-voz11--><br \/>\n<!--publicidad-voz12--><!--bestpublic-voz12--><!--desk-in-out-voz12--><br \/>\n<!--publicidad-voz13--><!--bestpublic-voz13--><!--desk-in-out-voz13--><br \/>\n<!--publicidad-voz14--><!--bestpublic-voz14--><!--desk-in-out-voz14--><br \/>\n<!--publicidad-voz15--><!--bestpublic-voz15--><!--desk-in-out-voz15--><br \/>\n<!--publicidad-voz16--><!--bestpublic-voz16--><!--desk-in-out-voz16--><\/p>\n","protected":false},"excerpt":{"rendered":"<p>El presidente de la Diputaci\u00f3n de Albacete, Santi Caba\u00f1ero, asist\u00eda un a\u00f1o m\u00e1s al inicio de las Fiestas Mayores que Barrax celebra, del 14 al 18 de agosto, en honor&#8230;<\/p>\n","protected":false},"author":2,"featured_media":152257,"comment_status":"closed","ping_status":"closed","sticky":false,"template":"","format":"standard","meta":{"footnotes":""},"categories":[755,718,715,716,717],"tags":[],"class_list":["post-152256","post","type-post","status-publish","format-standard","has-post-thumbnail","hentry","category-blog-lv036","category-blogger","category-la-voz-de-hellin","category-la-voz-de-hellin-la-voz-de-hellin","category-noticias"],"_links":{"self":[{"href":"https:\/\/lavozdehellin.com\/noticias\/wp-json\/wp\/v2\/posts\/152256","targetHints":{"allow":["GET"]}}],"collection":[{"href":"https:\/\/lavozdehellin.com\/noticias\/wp-json\/wp\/v2\/posts"}],"about":[{"href":"https:\/\/lavozdehellin.com\/noticias\/wp-json\/wp\/v2\/types\/post"}],"author":[{"embeddable":true,"href":"https:\/\/lavozdehellin.com\/noticias\/wp-json\/wp\/v2\/users\/2"}],"replies":[{"embeddable":true,"href":"https:\/\/lavozdehellin.com\/noticias\/wp-json\/wp\/v2\/comments?post=152256"}],"version-history":[{"count":0,"href":"https:\/\/lavozdehellin.com\/noticias\/wp-json\/wp\/v2\/posts\/152256\/revisions"}],"wp:featuredmedia":[{"embeddable":true,"href":"https:\/\/lavozdehellin.com\/noticias\/wp-json\/wp\/v2\/media\/152257"}],"wp:attachment":[{"href":"https:\/\/lavozdehellin.com\/noticias\/wp-json\/wp\/v2\/media?parent=152256"}],"wp:term":[{"taxonomy":"category","embeddable":true,"href":"https:\/\/lavozdehellin.com\/noticias\/wp-json\/wp\/v2\/categories?post=152256"},{"taxonomy":"post_tag","embeddable":true,"href":"https:\/\/lavozdehellin.com\/noticias\/wp-json\/wp\/v2\/tags?post=152256"}],"curies":[{"name":"wp","href":"https:\/\/api.w.org\/{rel}","templated":true}]}}