{"id":152259,"date":"2024-08-15T12:35:54","date_gmt":"2024-08-15T10:35:54","guid":{"rendered":"https:\/\/lavozdehellin.com\/noticias\/?p=152259"},"modified":"2024-08-18T11:06:23","modified_gmt":"2024-08-18T09:06:23","slug":"v08-963-el-vicepresidente-provincial-encabeza-la-delegacion-de-la-diputacion-de-albacete-que-acompanaba-a-la-poblacion-de-villarrobledo-en-su-esperada-apertura-de-la-feria-2024","status":"publish","type":"post","link":"https:\/\/lavozdehellin.com\/noticias\/v08-963-el-vicepresidente-provincial-encabeza-la-delegacion-de-la-diputacion-de-albacete-que-acompanaba-a-la-poblacion-de-villarrobledo-en-su-esperada-apertura-de-la-feria-2024\/","title":{"rendered":"LVH NOTICIAS | EL VICEPRESIDENTE PROVINCIAL ENCABEZA LA DELEGACI\u00d3N DE LA DIPUTACI\u00d3N DE ALBACETE QUE ACOMPA\u00d1ABA A LA POBLACI\u00d3N DE VILLARROBLEDO EN SU ESPERADA APERTURA DE LA FERIA 2024"},"content":{"rendered":"<p style=\"text-align: justify;\">La Diputaci\u00f3n de Albacete ten\u00eda una destacada representaci\u00f3n en la apertura de la Feria 2024 de Villarrobledo que ten\u00eda lugar en la tarde-noche de ayer.<\/p>\n<p><!--more--><br \/>\n<!--publicidad-voz01--><a href=\"https:\/\/www.facebook.com\/SoloRadioHellin\/?locale=es_ES\"><img decoding=\"async\" class=\"alignnone size-medium\" src=\"https:\/\/blogger.googleusercontent.com\/img\/b\/R29vZ2xl\/AVvXsEiNncirNnyGedv00mhjZjh5Wl4_YPdJGanoAl8tL8zH-HwqE8uHqjEfSt340RHdx-9tuCSIkZ8rFamZiGyYlgDGxCsmXjCH_1xk5eYM3ntFZRvJP_jndOKR7w1UAo9Tu0vrZyOLfqRpHIxYI5SymJJ-pfGCQw6QVpggBH-UgfjiFQ2JOxqxG0Jx94kW83c\/s1600\/logo-principal.jpg\" width=\"100%\" height=\"100\" \/><\/a><!--bestpublic-voz01--><!--desk-in-out-voz01--><br \/>\n<!--publicidad-voz02--><a href=\"https:\/\/www.hellincf.com\/\"><img decoding=\"async\" class=\"alignnone size-medium\" src=\"https:\/\/blogger.googleusercontent.com\/img\/b\/R29vZ2xl\/AVvXsEhuZ4-XfBVj3UtdP8-RZugy3WVrg-Zv28c53m4oV47qYCxL1rX_dqWX_YddsGSnpH5SRDqZ7bZeKPIfDVCDncpjVlhy3aQs2vojcJBn7Gdv9hC2_Nzct_pRFrnFE1a7KTCdY1bT_kAgnY3-iadRZrGeJf1fR2P5fu11bokx0pWjaypoy-ctwCjklldpEbA\/s1600\/logo-principal7.jpg\" width=\"100%\" height=\"100\" \/><\/a><!--bestpublic-voz02--><!--desk-in-out-voz02--><\/p>\n<p style=\"text-align: justify;\">Un evento esperado con gran entusiasmo por los villarrobletanos y villarrobletanas en el que la delegaci\u00f3n de la Diputaci\u00f3n, encabezada por el vicepresidente, Fran Valera, contaba tambi\u00e9n con la presencia de los diputados Dani Sancha y Jos\u00e9 Antonio Calvo Requena por parte del Equipo de Gobierno, quienes han estado acompa\u00f1ados por representantes del Grupo Popular en la Corporaci\u00f3n, como su portavoz, as\u00ed como por integrantes de otras instituciones como, el Gobierno de C-LM o el Congreso de los Diputados.<\/p>\n<p style=\"text-align: justify;\">La noche, considerada una de las m\u00e1s especiales para los y las habitantes de Villarrobledo, comenzaba con el Preg\u00f3n, a cargo del atleta Manuel Guijarro Arenas. El deportista, muy orgulloso de sus ra\u00edces, ofrec\u00eda un discurso cargado de gui\u00f1os hacia su pueblo y su gente, destacando el esfuerzo y la pasi\u00f3n que le han llevado a representar a Espa\u00f1a en los Juegos Ol\u00edmpicos y que desat\u00f3 la algarab\u00eda, sobre todo, entre la poblaci\u00f3n juvenil.<\/p>\n<p style=\"text-align: justify;\">Junto al alcalde de Villarrobledo, Valent\u00edn Bueno, los dirigentes provinciales ten\u00edan el honor de participar en el desfile inaugural de la Feria, protagonizado por los ic\u00f3nicos Gigantes y Cabezudos, acompa\u00f1ados por la Banda Municipal de M\u00fasica y diversas comparsas que llenaron de alegr\u00eda y buen ambiente un recorrido multitudinario que se extend\u00eda desde la imponente Plaza de Ram\u00f3n y Cajal hasta el Paseo de la Virgen donde, tras el tradicional corte de cinta, se interpretaba la Salve y se ofrec\u00edan flores a la Virgen de la Caridad en su Santuario.<\/p>\n<p style=\"text-align: justify;\">El \u2018broche de oro\u2019 a la inauguraci\u00f3n lo pon\u00eda el espectacular despliegue de fuegos artificiales de \u2018La P\u00f3lvora\u2019, que ilumin\u00f3 la explanada frente al p\u00e1rking de un Ferial que, este a\u00f1o, ser\u00e1 el gran epicentro de una intensa programaci\u00f3n de actividades para p\u00fablicos de todas las edades, con un marcado protagonismo de la m\u00fasica, bajo el esl\u00f3gan \u2018Villarrobledo Suena\u2019.<\/p>\n<p style=\"text-align: justify;\">Fran Valera ha destacaba el profundo respeto por las tradiciones y la identidad de Villarrobledo, ayudando a resaltar el potencial de la provincia de Albacete de la que, productos emblem\u00e1ticos como el vino o el queso (de los que esta localidad es \u2018santo y se\u00f1a\u2019), hablan por s\u00ed solos m\u00e1s all\u00e1 de las fronteras, generando no s\u00f3lo promoci\u00f3n para el territorio, sino trabajo y avance para muchas familias.<\/p>\n<p style=\"text-align: justify;\">Adem\u00e1s, subrayaba lo clave de poner en valor nuestras ra\u00edces y agradec\u00eda el esfuerzo a la Corporaci\u00f3n Municipal, a los colectivos de todo tipo, a los empresarios y empresarias, y a los y las profesionales que se vuelcan en trabajar intensamente durante estas jornadas para que se traduzcan en mayor proyecci\u00f3n para la localidad y la provincia.<\/p>\n<p style=\"text-align: justify;\">Valera animaba a todo el mundo que pueda, a conocer esta Feria y disfrutarla, deseando a los vecinos y vecinas de Villarrobledo que la aprovechen al m\u00e1ximo junto a sus amistades y seres queridos, resaltando que \u00e9ste es un espacio de encuentro, tradici\u00f3n y diversi\u00f3n, consolid\u00e1ndose una vez m\u00e1s como un referente en la provincia de Albacete.<\/p>\n<p><!--publicidad-voz03--><a href=\"https:\/\/www.facebook.com\/profile.php?id=100063593791305&amp;locale=es_ES\"><img decoding=\"async\" class=\"alignnone size-medium\" src=\"https:\/\/blogger.googleusercontent.com\/img\/b\/R29vZ2xl\/AVvXsEi8_n_ll8UOcGxCqzFvb_9Io4ICczlGC990BPtPj2w9Px-u7B3oqWUW5vtjZUqPNJ-nyjiUIorE0ATsib_l5tV8BVN-UJ03RTnU__IHJF_4DgDBtY4LIqXNG-FomrO-7ywes20CBCRM2Hcm7EJSh3UUw1dO-c_uTflUrtgY1i7uBRezj_DpympmEFkfbQY\/s1600\/logo-principal2.jpg\" width=\"100%\" height=\"100\" \/><\/a><!--bestpublic-voz03--><!--desk-in-out-voz03--><br \/>\n<!--publicidad-voz04--><a href=\"https:\/\/www.facebook.com\/profile.php?id=61557370768692&amp;locale=es_ES\"><img decoding=\"async\" class=\"alignnone size-medium\" src=\"https:\/\/blogger.googleusercontent.com\/img\/b\/R29vZ2xl\/AVvXsEgy5RdcfffrnrItnYTcV9bCJjgJwldsQLWssfVfrLbyfXeBNTFKgBf0rMIvhrUaGUhiXzVr9_eQgCbi-j63ZDpfTvLIty9w7s140y-m1yHe7eKmEK7v2NAHUJDVYGdfeiQFeRCqUjdwWmN1MX_AUxxz4IVdJ4WIM0APxit8bjWkXzrnEFGqBvW_1F13H1g\/s1600\/logo-principal5.jpg\" width=\"100%\" height=\"100\" \/><\/a><!--bestpublic-voz04--><!--desk-in-out-voz04--><br \/>\n<!--publicidad-voz05--><a href=\"https:\/\/www.facebook.com\/asociaciontamborileroshellin?locale=es_ES\"><img decoding=\"async\" class=\"alignnone size-medium\" src=\"https:\/\/blogger.googleusercontent.com\/img\/b\/R29vZ2xl\/AVvXsEhHEEpZsKK1VpwiYMrS7aE2ujtqIDZoLd4B5wtbiseSU9s2HdTdQfhF84So2XwEB1fv0BLw95GADm6hUl1bkKtzh-eIgVigXONuu_5RxeIMPhjk8q6uNX4EaEHbooKkbu7pCADWPpVJjhKIH5NQSJpWqedC-YBez4QAQeJYokkLot9bhrIaUAeztsGis6M\/s1600\/logo-principal3.jpg\" width=\"100%\" height=\"100\" \/><\/a><!--bestpublic-voz05--><!--desk-in-out-voz05--><br \/>\n<!--publicidad-voz06--><!--bestpublic-voz06--><!--desk-in-out-voz06--><br \/>\n<!--publicidad-voz07--><!--bestpublic-voz07--><!--desk-in-out-voz07--><br \/>\n<!--publicidad-voz08--><!--bestpublic-voz08--><!--desk-in-out-voz08--><br \/>\n<!--publicidad-voz09--><!--bestpublic-voz09--><!--desk-in-out-voz09--><br \/>\n<!--publicidad-voz10--><!--bestpublic-voz10--><!--desk-in-out-voz10--><br \/>\n<!--publicidad-voz11--><!--bestpublic-voz11--><!--desk-in-out-voz11--><br \/>\n<!--publicidad-voz12--><!--bestpublic-voz12--><!--desk-in-out-voz12--><br \/>\n<!--publicidad-voz13--><!--bestpublic-voz13--><!--desk-in-out-voz13--><br \/>\n<!--publicidad-voz14--><!--bestpublic-voz14--><!--desk-in-out-voz14--><br \/>\n<!--publicidad-voz15--><!--bestpublic-voz15--><!--desk-in-out-voz15--><br \/>\n<!--publicidad-voz16--><!--bestpublic-voz16--><!--desk-in-out-voz16--><\/p>\n","protected":false},"excerpt":{"rendered":"<p>La Diputaci\u00f3n de Albacete ten\u00eda una destacada representaci\u00f3n en la apertura de la Feria 2024 de Villarrobledo que ten\u00eda lugar en la tarde-noche de ayer.<\/p>\n","protected":false},"author":2,"featured_media":152260,"comment_status":"closed","ping_status":"closed","sticky":false,"template":"","format":"standard","meta":{"footnotes":""},"categories":[755,718,715,716,717],"tags":[],"class_list":["post-152259","post","type-post","status-publish","format-standard","has-post-thumbnail","hentry","category-blog-lv036","category-blogger","category-la-voz-de-hellin","category-la-voz-de-hellin-la-voz-de-hellin","category-noticias"],"_links":{"self":[{"href":"https:\/\/lavozdehellin.com\/noticias\/wp-json\/wp\/v2\/posts\/152259","targetHints":{"allow":["GET"]}}],"collection":[{"href":"https:\/\/lavozdehellin.com\/noticias\/wp-json\/wp\/v2\/posts"}],"about":[{"href":"https:\/\/lavozdehellin.com\/noticias\/wp-json\/wp\/v2\/types\/post"}],"author":[{"embeddable":true,"href":"https:\/\/lavozdehellin.com\/noticias\/wp-json\/wp\/v2\/users\/2"}],"replies":[{"embeddable":true,"href":"https:\/\/lavozdehellin.com\/noticias\/wp-json\/wp\/v2\/comments?post=152259"}],"version-history":[{"count":0,"href":"https:\/\/lavozdehellin.com\/noticias\/wp-json\/wp\/v2\/posts\/152259\/revisions"}],"wp:featuredmedia":[{"embeddable":true,"href":"https:\/\/lavozdehellin.com\/noticias\/wp-json\/wp\/v2\/media\/152260"}],"wp:attachment":[{"href":"https:\/\/lavozdehellin.com\/noticias\/wp-json\/wp\/v2\/media?parent=152259"}],"wp:term":[{"taxonomy":"category","embeddable":true,"href":"https:\/\/lavozdehellin.com\/noticias\/wp-json\/wp\/v2\/categories?post=152259"},{"taxonomy":"post_tag","embeddable":true,"href":"https:\/\/lavozdehellin.com\/noticias\/wp-json\/wp\/v2\/tags?post=152259"}],"curies":[{"name":"wp","href":"https:\/\/api.w.org\/{rel}","templated":true}]}}