{"id":152262,"date":"2024-08-15T17:58:18","date_gmt":"2024-08-15T15:58:18","guid":{"rendered":"https:\/\/lavozdehellin.com\/noticias\/?p=152262"},"modified":"2024-08-18T11:06:22","modified_gmt":"2024-08-18T09:06:22","slug":"v08-964-el-presidente-de-la-diputacion-de-albacete-celebra-junto-a-los-vecinos-y-vecinas-de-mahora-sus-tradicionales-fiestas-en-honor-a-nuestra-senora-de-gracia-y-san-roque","status":"publish","type":"post","link":"https:\/\/lavozdehellin.com\/noticias\/v08-964-el-presidente-de-la-diputacion-de-albacete-celebra-junto-a-los-vecinos-y-vecinas-de-mahora-sus-tradicionales-fiestas-en-honor-a-nuestra-senora-de-gracia-y-san-roque\/","title":{"rendered":"LVH NOTICIAS | EL PRESIDENTE DE LA DIPUTACI\u00d3N DE ALBACETE CELEBRA JUNTO A LOS VECINOS Y VECINAS DE MAHORA SUS TRADICIONALES FIESTAS EN HONOR A NUESTRA SE\u00d1ORA DE GRACIA Y SAN ROQUE"},"content":{"rendered":"<p style=\"text-align: justify;\">El presidente de la Diputaci\u00f3n de Albacete, Santi Caba\u00f1ero, ha vuelto a participar en una de las celebraciones m\u00e1s queridas por los vecinos y vecinas de Mahora.<\/p>\n<p><!--more--><br \/>\n<!--publicidad-voz01--><a href=\"https:\/\/www.facebook.com\/SoloRadioHellin\/?locale=es_ES\"><img decoding=\"async\" class=\"alignnone size-medium\" src=\"https:\/\/blogger.googleusercontent.com\/img\/b\/R29vZ2xl\/AVvXsEiNncirNnyGedv00mhjZjh5Wl4_YPdJGanoAl8tL8zH-HwqE8uHqjEfSt340RHdx-9tuCSIkZ8rFamZiGyYlgDGxCsmXjCH_1xk5eYM3ntFZRvJP_jndOKR7w1UAo9Tu0vrZyOLfqRpHIxYI5SymJJ-pfGCQw6QVpggBH-UgfjiFQ2JOxqxG0Jx94kW83c\/s1600\/logo-principal.jpg\" width=\"100%\" height=\"100\" \/><\/a><!--bestpublic-voz01--><!--desk-in-out-voz01--><br \/>\n<!--publicidad-voz02--><a href=\"https:\/\/www.hellincf.com\/\"><img decoding=\"async\" class=\"alignnone size-medium\" src=\"https:\/\/blogger.googleusercontent.com\/img\/b\/R29vZ2xl\/AVvXsEhuZ4-XfBVj3UtdP8-RZugy3WVrg-Zv28c53m4oV47qYCxL1rX_dqWX_YddsGSnpH5SRDqZ7bZeKPIfDVCDncpjVlhy3aQs2vojcJBn7Gdv9hC2_Nzct_pRFrnFE1a7KTCdY1bT_kAgnY3-iadRZrGeJf1fR2P5fu11bokx0pWjaypoy-ctwCjklldpEbA\/s1600\/logo-principal7.jpg\" width=\"100%\" height=\"100\" \/><\/a><!--bestpublic-voz02--><!--desk-in-out-voz02--><\/p>\n<p style=\"text-align: justify;\">Acompa\u00f1ado de los miembros de la Corporaci\u00f3n Local as\u00ed como de integrantes del Grupo Popular de la Provincial, y junto al delegado provincial de Agricultura, Caba\u00f1ero ha participado en los actos centrales que cada 15 de agosto vive la localidad, coincidiendo con la celebraci\u00f3n de la Asunci\u00f3n de Mar\u00eda en el marco de las Fiestas Patronales en honor a Nuestra Se\u00f1ora de Gracia y San Roque.<\/p>\n<p style=\"text-align: justify;\">Como cada a\u00f1o, el presidente ha sido recibido por el alcalde de Mahora, Antonio Mart\u00ednez G\u00f3mez, y ha compartido con los vecinos y vecinas una ma\u00f1ana cargada de emociones y tradici\u00f3n, asistiendo a la solemne procesi\u00f3n (animada por la gran Agrupaci\u00f3n Musical Mahore\u00f1a) y a la misa, destacando el valor de momentos como esos que mantienen viva la identidad cultural de Mahora y de toda la provincia de Albacete.<\/p>\n<p style=\"text-align: justify;\">Caba\u00f1ero ha aprovechado para felicitar a la poblaci\u00f3n por su activa participaci\u00f3n en todos los eventos organizados, subrayando el esfuerzo y la dedicaci\u00f3n de quienes trabajan incansablemente para que todo luzca a la perfecci\u00f3n, se\u00f1alando que \u201ces admirable\u201d ver c\u00f3mo a\u00f1o tras a\u00f1o, Mahora cuida sus tradiciones, y ha agradecido muy especialmente el trabajo de quienes, desde diferentes oficios, se esfuerzan doblemente estos d\u00edas para que el resto pueda disfrutarlos m\u00e1s plenamente.<\/p>\n<p style=\"text-align: justify;\">En esa l\u00ednea, el presidente ha compartido el recuerdo a todas aquellas personas que, aunque ya no est\u00e1n, fueron parte indispensable de estas celebraciones y a las que \u201ces imposible no tener presentes con cari\u00f1o\u201d .<\/p>\n<p style=\"text-align: justify;\">Las Fiestas de Mahora, que se extienden hasta el 18 de agosto, son otro de los grandes ejemplos del dinamismo y la participaci\u00f3n que caracterizan a la provincia de Albacete. Actividades como la ofrenda de flores, la cabalgata de apertura, la ruta en bicicleta, las verbenas nocturnas, los tradicionales Toros de Fuego y el castillo de fuegos artificiales, re\u00fanen a\u00f1o tras a\u00f1o a vecinos y visitantes en un ambiente festivo de uni\u00f3n y camarader\u00eda.<\/p>\n<p style=\"text-align: justify;\">En este sentido, Caba\u00f1ero ha subrayado la importancia de continuar alentando este tipo de celebraciones que son vitales para mantener la cohesi\u00f3n social y cultural de los pueblos, reiterando la mano tendida que, tambi\u00e9n en esta faceta, encuentran en la Diputaci\u00f3n de Albacete.<\/p>\n<p><!--publicidad-voz03--><a href=\"https:\/\/www.facebook.com\/profile.php?id=100063593791305&amp;locale=es_ES\"><img decoding=\"async\" class=\"alignnone size-medium\" src=\"https:\/\/blogger.googleusercontent.com\/img\/b\/R29vZ2xl\/AVvXsEi8_n_ll8UOcGxCqzFvb_9Io4ICczlGC990BPtPj2w9Px-u7B3oqWUW5vtjZUqPNJ-nyjiUIorE0ATsib_l5tV8BVN-UJ03RTnU__IHJF_4DgDBtY4LIqXNG-FomrO-7ywes20CBCRM2Hcm7EJSh3UUw1dO-c_uTflUrtgY1i7uBRezj_DpympmEFkfbQY\/s1600\/logo-principal2.jpg\" width=\"100%\" height=\"100\" \/><\/a><!--bestpublic-voz03--><!--desk-in-out-voz03--><br \/>\n<!--publicidad-voz04--><a href=\"https:\/\/www.facebook.com\/profile.php?id=61557370768692&amp;locale=es_ES\"><img decoding=\"async\" class=\"alignnone size-medium\" src=\"https:\/\/blogger.googleusercontent.com\/img\/b\/R29vZ2xl\/AVvXsEgy5RdcfffrnrItnYTcV9bCJjgJwldsQLWssfVfrLbyfXeBNTFKgBf0rMIvhrUaGUhiXzVr9_eQgCbi-j63ZDpfTvLIty9w7s140y-m1yHe7eKmEK7v2NAHUJDVYGdfeiQFeRCqUjdwWmN1MX_AUxxz4IVdJ4WIM0APxit8bjWkXzrnEFGqBvW_1F13H1g\/s1600\/logo-principal5.jpg\" width=\"100%\" height=\"100\" \/><\/a><!--bestpublic-voz04--><!--desk-in-out-voz04--><br \/>\n<!--publicidad-voz05--><a href=\"https:\/\/www.facebook.com\/asociaciontamborileroshellin?locale=es_ES\"><img decoding=\"async\" class=\"alignnone size-medium\" src=\"https:\/\/blogger.googleusercontent.com\/img\/b\/R29vZ2xl\/AVvXsEhHEEpZsKK1VpwiYMrS7aE2ujtqIDZoLd4B5wtbiseSU9s2HdTdQfhF84So2XwEB1fv0BLw95GADm6hUl1bkKtzh-eIgVigXONuu_5RxeIMPhjk8q6uNX4EaEHbooKkbu7pCADWPpVJjhKIH5NQSJpWqedC-YBez4QAQeJYokkLot9bhrIaUAeztsGis6M\/s1600\/logo-principal3.jpg\" width=\"100%\" height=\"100\" \/><\/a><!--bestpublic-voz05--><!--desk-in-out-voz05--><br \/>\n<!--publicidad-voz06--><!--bestpublic-voz06--><!--desk-in-out-voz06--><br \/>\n<!--publicidad-voz07--><!--bestpublic-voz07--><!--desk-in-out-voz07--><br \/>\n<!--publicidad-voz08--><!--bestpublic-voz08--><!--desk-in-out-voz08--><br \/>\n<!--publicidad-voz09--><!--bestpublic-voz09--><!--desk-in-out-voz09--><br \/>\n<!--publicidad-voz10--><!--bestpublic-voz10--><!--desk-in-out-voz10--><br \/>\n<!--publicidad-voz11--><!--bestpublic-voz11--><!--desk-in-out-voz11--><br \/>\n<!--publicidad-voz12--><!--bestpublic-voz12--><!--desk-in-out-voz12--><br \/>\n<!--publicidad-voz13--><!--bestpublic-voz13--><!--desk-in-out-voz13--><br \/>\n<!--publicidad-voz14--><!--bestpublic-voz14--><!--desk-in-out-voz14--><br \/>\n<!--publicidad-voz15--><!--bestpublic-voz15--><!--desk-in-out-voz15--><br \/>\n<!--publicidad-voz16--><!--bestpublic-voz16--><!--desk-in-out-voz16--><\/p>\n","protected":false},"excerpt":{"rendered":"<p>El presidente de la Diputaci\u00f3n de Albacete, Santi Caba\u00f1ero, ha vuelto a participar en una de las celebraciones m\u00e1s queridas por los vecinos y vecinas de Mahora.<\/p>\n","protected":false},"author":2,"featured_media":152263,"comment_status":"closed","ping_status":"closed","sticky":false,"template":"","format":"standard","meta":{"footnotes":""},"categories":[755,718,715,716,717],"tags":[],"class_list":["post-152262","post","type-post","status-publish","format-standard","has-post-thumbnail","hentry","category-blog-lv036","category-blogger","category-la-voz-de-hellin","category-la-voz-de-hellin-la-voz-de-hellin","category-noticias"],"_links":{"self":[{"href":"https:\/\/lavozdehellin.com\/noticias\/wp-json\/wp\/v2\/posts\/152262","targetHints":{"allow":["GET"]}}],"collection":[{"href":"https:\/\/lavozdehellin.com\/noticias\/wp-json\/wp\/v2\/posts"}],"about":[{"href":"https:\/\/lavozdehellin.com\/noticias\/wp-json\/wp\/v2\/types\/post"}],"author":[{"embeddable":true,"href":"https:\/\/lavozdehellin.com\/noticias\/wp-json\/wp\/v2\/users\/2"}],"replies":[{"embeddable":true,"href":"https:\/\/lavozdehellin.com\/noticias\/wp-json\/wp\/v2\/comments?post=152262"}],"version-history":[{"count":0,"href":"https:\/\/lavozdehellin.com\/noticias\/wp-json\/wp\/v2\/posts\/152262\/revisions"}],"wp:featuredmedia":[{"embeddable":true,"href":"https:\/\/lavozdehellin.com\/noticias\/wp-json\/wp\/v2\/media\/152263"}],"wp:attachment":[{"href":"https:\/\/lavozdehellin.com\/noticias\/wp-json\/wp\/v2\/media?parent=152262"}],"wp:term":[{"taxonomy":"category","embeddable":true,"href":"https:\/\/lavozdehellin.com\/noticias\/wp-json\/wp\/v2\/categories?post=152262"},{"taxonomy":"post_tag","embeddable":true,"href":"https:\/\/lavozdehellin.com\/noticias\/wp-json\/wp\/v2\/tags?post=152262"}],"curies":[{"name":"wp","href":"https:\/\/api.w.org\/{rel}","templated":true}]}}