{"id":152265,"date":"2024-08-16T09:52:50","date_gmt":"2024-08-16T07:52:50","guid":{"rendered":"https:\/\/lavozdehellin.com\/noticias\/?p=152265"},"modified":"2024-08-18T11:06:22","modified_gmt":"2024-08-18T09:06:22","slug":"v08-965-el-presidente-provincial-repite-compartiendo-con-los-vecinos-y-vecinas-de-fuentealbilla-el-inicio-de-las-fiestas-patronales-en-honor-al-santisimo-cristo-del-valle","status":"publish","type":"post","link":"https:\/\/lavozdehellin.com\/noticias\/v08-965-el-presidente-provincial-repite-compartiendo-con-los-vecinos-y-vecinas-de-fuentealbilla-el-inicio-de-las-fiestas-patronales-en-honor-al-santisimo-cristo-del-valle\/","title":{"rendered":"LVH NOTICIAS | EL PRESIDENTE PROVINCIAL \u2018REPITE\u2019 COMPARTIENDO CON LOS VECINOS Y VECINAS DE FUENTEALBILLA EL INICIO DE LAS FIESTAS PATRONALES EN HONOR AL SANT\u00cdSIMO CRISTO DEL VALLE"},"content":{"rendered":"<p style=\"text-align: justify;\">El presidente de la Diputaci\u00f3n de Albacete, Santi Caba\u00f1ero, se desplazaba en la tarde-noche de este jueves hasta la localidad de Fuentealbilla para, un a\u00f1o m\u00e1s, compartir con sus vecinos y vecinas uno de los momentos m\u00e1s participativos y esperados de las Fiestas Patronales en honor al Sant\u00edsimo Cristo del Valle en este emblem\u00e1tico municipio de La Manchuela albacetense.<\/p>\n<p><!--more--><br \/>\n<!--publicidad-voz01--><a href=\"https:\/\/www.facebook.com\/SoloRadioHellin\/?locale=es_ES\"><img decoding=\"async\" class=\"alignnone size-medium\" src=\"https:\/\/blogger.googleusercontent.com\/img\/b\/R29vZ2xl\/AVvXsEiNncirNnyGedv00mhjZjh5Wl4_YPdJGanoAl8tL8zH-HwqE8uHqjEfSt340RHdx-9tuCSIkZ8rFamZiGyYlgDGxCsmXjCH_1xk5eYM3ntFZRvJP_jndOKR7w1UAo9Tu0vrZyOLfqRpHIxYI5SymJJ-pfGCQw6QVpggBH-UgfjiFQ2JOxqxG0Jx94kW83c\/s1600\/logo-principal.jpg\" width=\"100%\" height=\"100\" \/><\/a><!--bestpublic-voz01--><!--desk-in-out-voz01--><br \/>\n<!--publicidad-voz02--><a href=\"https:\/\/www.hellincf.com\/\"><img decoding=\"async\" class=\"alignnone size-medium\" src=\"https:\/\/blogger.googleusercontent.com\/img\/b\/R29vZ2xl\/AVvXsEhuZ4-XfBVj3UtdP8-RZugy3WVrg-Zv28c53m4oV47qYCxL1rX_dqWX_YddsGSnpH5SRDqZ7bZeKPIfDVCDncpjVlhy3aQs2vojcJBn7Gdv9hC2_Nzct_pRFrnFE1a7KTCdY1bT_kAgnY3-iadRZrGeJf1fR2P5fu11bokx0pWjaypoy-ctwCjklldpEbA\/s1600\/logo-principal7.jpg\" width=\"100%\" height=\"100\" \/><\/a><!--bestpublic-voz02--><!--desk-in-out-voz02--><\/p>\n<p style=\"text-align: justify;\">Acompa\u00f1ado de la diputada provincial Llanos S\u00e1nchez as\u00ed como de otros miembros, tanto del Grupo Popular de la Corporaci\u00f3n Provincial como de otras instituciones, caso del delegado de Agricultura, Caba\u00f1ero disfrutaba de la divertida cabalgata junto a la alcaldesa, Amparo G\u00f3mez, y al resto del equipo municipal, con un gran ambiente que, lejos de defraudar, sigue super\u00e1ndose.<\/p>\n<p style=\"text-align: justify;\">Y es que numerosas carrozas y comparsas se dieron cita en esta tradicional cabalgata de apertura, llena de j\u00fabilo y marcada por la participaci\u00f3n, la diversi\u00f3n y la implicaci\u00f3n de m\u00faltiples grupos y colectivos del pueblo, con salida y llegada a las inmediaciones del Ayuntamiento y encabezada de forma magistral por la Agrupaci\u00f3n Musical \u2018La Armonizadora\u2019 que abr\u00eda el desfile.<\/p>\n<p style=\"text-align: justify;\">Las fiestas locales, un motor tur\u00edstico y cultural en la provincia<\/p>\n<p style=\"text-align: justify;\">Compartiendo con la poblaci\u00f3n local y visitante an\u00e9cdotas y experiencias, tanto de la localidad como del resto de la comarca, Caba\u00f1ero resaltaba el creciente impacto que las fiestas populares tienen en el turismo rural provincial: un sector que sigue ganando \u2018fieles\u2019 temporada tras temporada y que, verano tras verano, va en aumento.<\/p>\n<p style=\"text-align: justify;\">El presidente se\u00f1alaba que este tipo de celebraciones contin\u00faan consolid\u00e1ndose como uno de los grandes atractivos para quienes buscan experiencias desde \u2018lo aut\u00e9ntico\u2019, conociendo la rica historia y las tradiciones de los diversos pueblos, y subrayando c\u00f3mo estos eventos no s\u00f3lo ponen en valor la identidad local, sino que contribuyen a mover sus econom\u00edas y a dinamizarlos.<\/p>\n<p style=\"text-align: justify;\">Asimismo, reconoc\u00eda el esfuerzo y la dedicaci\u00f3n de los vecinos y vecinas de Fuentealbilla por mantener y mejorar esas costumbres y por fortalecerlas a\u00f1o tras a\u00f1o, destacando su capacidad para fortalecer el tejido cultural y hacer de sus fiestas un referente en toda La Manchuela.<\/p>\n<p style=\"text-align: justify;\">Caba\u00f1ero deseaba a los y las presentes\u2014residentes, visitantes o quienes regresan al pueblo para estas fechas\u2014unos d\u00edas de disfrute pleno. Adem\u00e1s, dirigi\u00e9ndose a la poblaci\u00f3n m\u00e1s \u2018menuda\u2019, animaba a disfrutar de toda la programaci\u00f3n y de la variedad de actividades programadas por el Equipo de Gobierno Municipal, a quienes felicitaba por el trabajo materializado en ese abanico de iniciativas a disposici\u00f3n de todo el p\u00fablico.<\/p>\n<p style=\"text-align: justify;\">Unas festividades que, nuevamente, prometen ser un \u00e9xito, reflejando el esp\u00edritu festivo y acogedor de la ciudadan\u00eda de Fuentalbilla.<\/p>\n<p><!--publicidad-voz03--><a href=\"https:\/\/www.facebook.com\/profile.php?id=100063593791305&amp;locale=es_ES\"><img decoding=\"async\" class=\"alignnone size-medium\" src=\"https:\/\/blogger.googleusercontent.com\/img\/b\/R29vZ2xl\/AVvXsEi8_n_ll8UOcGxCqzFvb_9Io4ICczlGC990BPtPj2w9Px-u7B3oqWUW5vtjZUqPNJ-nyjiUIorE0ATsib_l5tV8BVN-UJ03RTnU__IHJF_4DgDBtY4LIqXNG-FomrO-7ywes20CBCRM2Hcm7EJSh3UUw1dO-c_uTflUrtgY1i7uBRezj_DpympmEFkfbQY\/s1600\/logo-principal2.jpg\" width=\"100%\" height=\"100\" \/><\/a><!--bestpublic-voz03--><!--desk-in-out-voz03--><br \/>\n<!--publicidad-voz04--><a href=\"https:\/\/www.facebook.com\/profile.php?id=61557370768692&amp;locale=es_ES\"><img decoding=\"async\" class=\"alignnone size-medium\" src=\"https:\/\/blogger.googleusercontent.com\/img\/b\/R29vZ2xl\/AVvXsEgy5RdcfffrnrItnYTcV9bCJjgJwldsQLWssfVfrLbyfXeBNTFKgBf0rMIvhrUaGUhiXzVr9_eQgCbi-j63ZDpfTvLIty9w7s140y-m1yHe7eKmEK7v2NAHUJDVYGdfeiQFeRCqUjdwWmN1MX_AUxxz4IVdJ4WIM0APxit8bjWkXzrnEFGqBvW_1F13H1g\/s1600\/logo-principal5.jpg\" width=\"100%\" height=\"100\" \/><\/a><!--bestpublic-voz04--><!--desk-in-out-voz04--><br \/>\n<!--publicidad-voz05--><a href=\"https:\/\/www.facebook.com\/asociaciontamborileroshellin?locale=es_ES\"><img decoding=\"async\" class=\"alignnone size-medium\" src=\"https:\/\/blogger.googleusercontent.com\/img\/b\/R29vZ2xl\/AVvXsEhHEEpZsKK1VpwiYMrS7aE2ujtqIDZoLd4B5wtbiseSU9s2HdTdQfhF84So2XwEB1fv0BLw95GADm6hUl1bkKtzh-eIgVigXONuu_5RxeIMPhjk8q6uNX4EaEHbooKkbu7pCADWPpVJjhKIH5NQSJpWqedC-YBez4QAQeJYokkLot9bhrIaUAeztsGis6M\/s1600\/logo-principal3.jpg\" width=\"100%\" height=\"100\" \/><\/a><!--bestpublic-voz05--><!--desk-in-out-voz05--><br \/>\n<!--publicidad-voz06--><!--bestpublic-voz06--><!--desk-in-out-voz06--><br \/>\n<!--publicidad-voz07--><!--bestpublic-voz07--><!--desk-in-out-voz07--><br \/>\n<!--publicidad-voz08--><!--bestpublic-voz08--><!--desk-in-out-voz08--><br \/>\n<!--publicidad-voz09--><!--bestpublic-voz09--><!--desk-in-out-voz09--><br \/>\n<!--publicidad-voz10--><!--bestpublic-voz10--><!--desk-in-out-voz10--><br \/>\n<!--publicidad-voz11--><!--bestpublic-voz11--><!--desk-in-out-voz11--><br \/>\n<!--publicidad-voz12--><!--bestpublic-voz12--><!--desk-in-out-voz12--><br \/>\n<!--publicidad-voz13--><!--bestpublic-voz13--><!--desk-in-out-voz13--><br \/>\n<!--publicidad-voz14--><!--bestpublic-voz14--><!--desk-in-out-voz14--><br \/>\n<!--publicidad-voz15--><!--bestpublic-voz15--><!--desk-in-out-voz15--><br \/>\n<!--publicidad-voz16--><!--bestpublic-voz16--><!--desk-in-out-voz16--><\/p>\n","protected":false},"excerpt":{"rendered":"<p>El presidente de la Diputaci\u00f3n de Albacete, Santi Caba\u00f1ero, se desplazaba en la tarde-noche de este jueves hasta la localidad de Fuentealbilla para, un a\u00f1o m\u00e1s, compartir con sus vecinos&#8230;<\/p>\n","protected":false},"author":2,"featured_media":152266,"comment_status":"closed","ping_status":"closed","sticky":false,"template":"","format":"standard","meta":{"footnotes":""},"categories":[755,718,715,716,717],"tags":[],"class_list":["post-152265","post","type-post","status-publish","format-standard","has-post-thumbnail","hentry","category-blog-lv036","category-blogger","category-la-voz-de-hellin","category-la-voz-de-hellin-la-voz-de-hellin","category-noticias"],"_links":{"self":[{"href":"https:\/\/lavozdehellin.com\/noticias\/wp-json\/wp\/v2\/posts\/152265","targetHints":{"allow":["GET"]}}],"collection":[{"href":"https:\/\/lavozdehellin.com\/noticias\/wp-json\/wp\/v2\/posts"}],"about":[{"href":"https:\/\/lavozdehellin.com\/noticias\/wp-json\/wp\/v2\/types\/post"}],"author":[{"embeddable":true,"href":"https:\/\/lavozdehellin.com\/noticias\/wp-json\/wp\/v2\/users\/2"}],"replies":[{"embeddable":true,"href":"https:\/\/lavozdehellin.com\/noticias\/wp-json\/wp\/v2\/comments?post=152265"}],"version-history":[{"count":0,"href":"https:\/\/lavozdehellin.com\/noticias\/wp-json\/wp\/v2\/posts\/152265\/revisions"}],"wp:featuredmedia":[{"embeddable":true,"href":"https:\/\/lavozdehellin.com\/noticias\/wp-json\/wp\/v2\/media\/152266"}],"wp:attachment":[{"href":"https:\/\/lavozdehellin.com\/noticias\/wp-json\/wp\/v2\/media?parent=152265"}],"wp:term":[{"taxonomy":"category","embeddable":true,"href":"https:\/\/lavozdehellin.com\/noticias\/wp-json\/wp\/v2\/categories?post=152265"},{"taxonomy":"post_tag","embeddable":true,"href":"https:\/\/lavozdehellin.com\/noticias\/wp-json\/wp\/v2\/tags?post=152265"}],"curies":[{"name":"wp","href":"https:\/\/api.w.org\/{rel}","templated":true}]}}