{"id":152268,"date":"2024-08-16T10:37:45","date_gmt":"2024-08-16T08:37:45","guid":{"rendered":"https:\/\/lavozdehellin.com\/noticias\/?p=152268"},"modified":"2024-08-18T11:06:22","modified_gmt":"2024-08-18T09:06:22","slug":"v08-966-la-flota-del-consorcio-provincial-de-medio-ambiente-se-refuerza-con-la-licitacion-de-tres-nuevos-camiones-autocompactadores-para-los-programas-de-recogida-selectiva","status":"publish","type":"post","link":"https:\/\/lavozdehellin.com\/noticias\/v08-966-la-flota-del-consorcio-provincial-de-medio-ambiente-se-refuerza-con-la-licitacion-de-tres-nuevos-camiones-autocompactadores-para-los-programas-de-recogida-selectiva\/","title":{"rendered":"LVH NOTICIAS | LA FLOTA DEL CONSORCIO PROVINCIAL DE MEDIO AMBIENTE SE REFUERZA CON LA LICITACI\u00d3N DE TRES NUEVOS CAMIONES AUTOCOMPACTADORES PARA LOS PROGRAMAS DE RECOGIDA SELECTIVA"},"content":{"rendered":"<p style=\"text-align: justify;\">La Diputaci\u00f3n de Albacete, a trav\u00e9s del Consorcio Provincial de Medio Ambiente, ha puesto en marcha una nueva licitaci\u00f3n para la adquisici\u00f3n de tres camiones autocompactadores destinados a mejorar la eficacia y la calidad del servicio de recogida selectiva de residuos en la provincia.<\/p>\n<p><!--more--><br \/>\n<!--publicidad-voz01--><a href=\"https:\/\/www.facebook.com\/SoloRadioHellin\/?locale=es_ES\"><img decoding=\"async\" class=\"alignnone size-medium\" src=\"https:\/\/blogger.googleusercontent.com\/img\/b\/R29vZ2xl\/AVvXsEiNncirNnyGedv00mhjZjh5Wl4_YPdJGanoAl8tL8zH-HwqE8uHqjEfSt340RHdx-9tuCSIkZ8rFamZiGyYlgDGxCsmXjCH_1xk5eYM3ntFZRvJP_jndOKR7w1UAo9Tu0vrZyOLfqRpHIxYI5SymJJ-pfGCQw6QVpggBH-UgfjiFQ2JOxqxG0Jx94kW83c\/s1600\/logo-principal.jpg\" width=\"100%\" height=\"100\" \/><\/a><!--bestpublic-voz01--><!--desk-in-out-voz01--><br \/>\n<!--publicidad-voz02--><a href=\"https:\/\/www.hellincf.com\/\"><img decoding=\"async\" class=\"alignnone size-medium\" src=\"https:\/\/blogger.googleusercontent.com\/img\/b\/R29vZ2xl\/AVvXsEhuZ4-XfBVj3UtdP8-RZugy3WVrg-Zv28c53m4oV47qYCxL1rX_dqWX_YddsGSnpH5SRDqZ7bZeKPIfDVCDncpjVlhy3aQs2vojcJBn7Gdv9hC2_Nzct_pRFrnFE1a7KTCdY1bT_kAgnY3-iadRZrGeJf1fR2P5fu11bokx0pWjaypoy-ctwCjklldpEbA\/s1600\/logo-principal7.jpg\" width=\"100%\" height=\"100\" \/><\/a><!--bestpublic-voz02--><!--desk-in-out-voz02--><\/p>\n<p style=\"text-align: justify;\">Con una inversi\u00f3n total de 831.270 euros, la iniciativa vendr\u00e1 a seguir incrementando la flota encargada de la prestaci\u00f3n de estos servicios.<\/p>\n<p style=\"text-align: justify;\">En concreto, la licitaci\u00f3n contempla la compra de dos camiones para el Programa de Recogida Selectiva de Envases y de un cami\u00f3n para el Programa de Recogida Selectiva de Papel-Cart\u00f3n, ambos gestionados por el Consorcio Provincial de Medio Ambiente con \u2018coste cero\u2019 para la ciudadan\u00eda.<\/p>\n<p style=\"text-align: justify;\">Un esfuerzo en l\u00ednea con el compromiso continuo del Gobierno de la Diputaci\u00f3n de Albacete por avanzar en la modernizaci\u00f3n y optimizaci\u00f3n de servicios que, tambi\u00e9n en lo relativo al \u00e1mbito medioambiental, presta a los municipios de la provincia.<\/p>\n<p style=\"text-align: justify;\">Veh\u00edculos al servicio de un recurso m\u00e1s avanzado, \u00f3ptimo y sostenible<\/p>\n<p style=\"text-align: justify;\">Esta inversi\u00f3n supondr\u00e1 un paso m\u00e1s en la estrategia de incremento paulatino y constante que se viene haciendo en los recursos de Consorcio, especialmente, en el caso de los veh\u00edculos que integran su flota. Fruto de esta estrategia, cuando se materialice la llegada de estas tres nuevas unidades, ser\u00e1n ocho las incorporadas durante estos \u00faltimos a\u00f1os a los programas de recogida selectiva de envases y papel-cart\u00f3n, con una inversi\u00f3n total superior a 1.700.000 euros.<\/p>\n<p style=\"text-align: justify;\">La nueva licitaci\u00f3n permitir\u00e1 seguir incorporando veh\u00edculos de \u00faltima generaci\u00f3n, equipados con tecnolog\u00eda avanzada que no s\u00f3lo aumentan la capacidad de carga, sino que optimizan las rutas de recogida, reduciendo el tiempo entre descargas y mejorando la sostenibilidad del recurso.<\/p>\n<p style=\"text-align: justify;\">Los camiones est\u00e1n dise\u00f1ados para operar de manera m\u00e1s eficiente y segura, contribuyendo as\u00ed al objetivo de la Diputaci\u00f3n de seguir posicionando a la provincia de Albacete a la vanguardia de la transici\u00f3n ecol\u00f3gica y la econom\u00eda circular.<\/p>\n<p style=\"text-align: justify;\">Con esta medida, la Diputaci\u00f3n de Albacete contin\u00faa demostrando su compromiso con el medio ambiente y la sostenibilidad en los municipios de la provincia, proporcionando servicios de calidad sin coste adicional para los ayuntamientos implicados y haciendo valer a una ciudadan\u00eda cada vez m\u00e1s sensibilizada con el respeto por sus entornos.<\/p>\n<p><!--publicidad-voz03--><a href=\"https:\/\/www.facebook.com\/profile.php?id=100063593791305&amp;locale=es_ES\"><img decoding=\"async\" class=\"alignnone size-medium\" src=\"https:\/\/blogger.googleusercontent.com\/img\/b\/R29vZ2xl\/AVvXsEi8_n_ll8UOcGxCqzFvb_9Io4ICczlGC990BPtPj2w9Px-u7B3oqWUW5vtjZUqPNJ-nyjiUIorE0ATsib_l5tV8BVN-UJ03RTnU__IHJF_4DgDBtY4LIqXNG-FomrO-7ywes20CBCRM2Hcm7EJSh3UUw1dO-c_uTflUrtgY1i7uBRezj_DpympmEFkfbQY\/s1600\/logo-principal2.jpg\" width=\"100%\" height=\"100\" \/><\/a><!--bestpublic-voz03--><!--desk-in-out-voz03--><br \/>\n<!--publicidad-voz04--><a href=\"https:\/\/www.facebook.com\/profile.php?id=61557370768692&amp;locale=es_ES\"><img decoding=\"async\" class=\"alignnone size-medium\" src=\"https:\/\/blogger.googleusercontent.com\/img\/b\/R29vZ2xl\/AVvXsEgy5RdcfffrnrItnYTcV9bCJjgJwldsQLWssfVfrLbyfXeBNTFKgBf0rMIvhrUaGUhiXzVr9_eQgCbi-j63ZDpfTvLIty9w7s140y-m1yHe7eKmEK7v2NAHUJDVYGdfeiQFeRCqUjdwWmN1MX_AUxxz4IVdJ4WIM0APxit8bjWkXzrnEFGqBvW_1F13H1g\/s1600\/logo-principal5.jpg\" width=\"100%\" height=\"100\" \/><\/a><!--bestpublic-voz04--><!--desk-in-out-voz04--><br \/>\n<!--publicidad-voz05--><a href=\"https:\/\/www.facebook.com\/asociaciontamborileroshellin?locale=es_ES\"><img decoding=\"async\" class=\"alignnone size-medium\" src=\"https:\/\/blogger.googleusercontent.com\/img\/b\/R29vZ2xl\/AVvXsEhHEEpZsKK1VpwiYMrS7aE2ujtqIDZoLd4B5wtbiseSU9s2HdTdQfhF84So2XwEB1fv0BLw95GADm6hUl1bkKtzh-eIgVigXONuu_5RxeIMPhjk8q6uNX4EaEHbooKkbu7pCADWPpVJjhKIH5NQSJpWqedC-YBez4QAQeJYokkLot9bhrIaUAeztsGis6M\/s1600\/logo-principal3.jpg\" width=\"100%\" height=\"100\" \/><\/a><!--bestpublic-voz05--><!--desk-in-out-voz05--><br \/>\n<!--publicidad-voz06--><!--bestpublic-voz06--><!--desk-in-out-voz06--><br \/>\n<!--publicidad-voz07--><!--bestpublic-voz07--><!--desk-in-out-voz07--><br \/>\n<!--publicidad-voz08--><!--bestpublic-voz08--><!--desk-in-out-voz08--><br \/>\n<!--publicidad-voz09--><!--bestpublic-voz09--><!--desk-in-out-voz09--><br \/>\n<!--publicidad-voz10--><!--bestpublic-voz10--><!--desk-in-out-voz10--><br \/>\n<!--publicidad-voz11--><!--bestpublic-voz11--><!--desk-in-out-voz11--><br \/>\n<!--publicidad-voz12--><!--bestpublic-voz12--><!--desk-in-out-voz12--><br \/>\n<!--publicidad-voz13--><!--bestpublic-voz13--><!--desk-in-out-voz13--><br \/>\n<!--publicidad-voz14--><!--bestpublic-voz14--><!--desk-in-out-voz14--><br \/>\n<!--publicidad-voz15--><!--bestpublic-voz15--><!--desk-in-out-voz15--><br \/>\n<!--publicidad-voz16--><!--bestpublic-voz16--><!--desk-in-out-voz16--><\/p>\n","protected":false},"excerpt":{"rendered":"<p>La Diputaci\u00f3n de Albacete, a trav\u00e9s del Consorcio Provincial de Medio Ambiente, ha puesto en marcha una nueva licitaci\u00f3n para la adquisici\u00f3n de tres camiones autocompactadores destinados a mejorar la&#8230;<\/p>\n","protected":false},"author":2,"featured_media":152269,"comment_status":"closed","ping_status":"closed","sticky":false,"template":"","format":"standard","meta":{"footnotes":""},"categories":[755,718,715,716,717],"tags":[],"class_list":["post-152268","post","type-post","status-publish","format-standard","has-post-thumbnail","hentry","category-blog-lv036","category-blogger","category-la-voz-de-hellin","category-la-voz-de-hellin-la-voz-de-hellin","category-noticias"],"_links":{"self":[{"href":"https:\/\/lavozdehellin.com\/noticias\/wp-json\/wp\/v2\/posts\/152268","targetHints":{"allow":["GET"]}}],"collection":[{"href":"https:\/\/lavozdehellin.com\/noticias\/wp-json\/wp\/v2\/posts"}],"about":[{"href":"https:\/\/lavozdehellin.com\/noticias\/wp-json\/wp\/v2\/types\/post"}],"author":[{"embeddable":true,"href":"https:\/\/lavozdehellin.com\/noticias\/wp-json\/wp\/v2\/users\/2"}],"replies":[{"embeddable":true,"href":"https:\/\/lavozdehellin.com\/noticias\/wp-json\/wp\/v2\/comments?post=152268"}],"version-history":[{"count":0,"href":"https:\/\/lavozdehellin.com\/noticias\/wp-json\/wp\/v2\/posts\/152268\/revisions"}],"wp:featuredmedia":[{"embeddable":true,"href":"https:\/\/lavozdehellin.com\/noticias\/wp-json\/wp\/v2\/media\/152269"}],"wp:attachment":[{"href":"https:\/\/lavozdehellin.com\/noticias\/wp-json\/wp\/v2\/media?parent=152268"}],"wp:term":[{"taxonomy":"category","embeddable":true,"href":"https:\/\/lavozdehellin.com\/noticias\/wp-json\/wp\/v2\/categories?post=152268"},{"taxonomy":"post_tag","embeddable":true,"href":"https:\/\/lavozdehellin.com\/noticias\/wp-json\/wp\/v2\/tags?post=152268"}],"curies":[{"name":"wp","href":"https:\/\/api.w.org\/{rel}","templated":true}]}}