{"id":152271,"date":"2024-08-17T10:30:23","date_gmt":"2024-08-17T08:30:23","guid":{"rendered":"https:\/\/lavozdehellin.com\/noticias\/?p=152271"},"modified":"2024-08-18T11:06:22","modified_gmt":"2024-08-18T09:06:22","slug":"v08-967-ayuntamientos-instalaran-camaras-de-videovigilancia-en-los-accesos-a-sus-localidades-con-ayuda-de-la-diputacion-de-albacete","status":"publish","type":"post","link":"https:\/\/lavozdehellin.com\/noticias\/v08-967-ayuntamientos-instalaran-camaras-de-videovigilancia-en-los-accesos-a-sus-localidades-con-ayuda-de-la-diputacion-de-albacete\/","title":{"rendered":"LVH NOTICIAS | 75 AYUNTAMIENTOS INSTALAR\u00c1N C\u00c1MARAS DE VIDEOVIGILANCIA EN LOS ACCESOS A SUS LOCALIDADES CON AYUDA DE LA DIPUTACI\u00d3N DE ALBACETE"},"content":{"rendered":"<p style=\"text-align: justify;\">La Diputaci\u00f3n de Albacete ha finalizado la resoluci\u00f3n de la Convocatoria de Ayudas dirigida a los ayuntamientos de la provincia para la adquisici\u00f3n e instalaci\u00f3n de sistemas de videovigilancia en accesos y puntos estrat\u00e9gicos de sus localidades.<\/p>\n<p><!--more--><br \/>\n<!--publicidad-voz01--><a href=\"https:\/\/www.facebook.com\/SoloRadioHellin\/?locale=es_ES\"><img decoding=\"async\" class=\"alignnone size-medium\" src=\"https:\/\/blogger.googleusercontent.com\/img\/b\/R29vZ2xl\/AVvXsEiNncirNnyGedv00mhjZjh5Wl4_YPdJGanoAl8tL8zH-HwqE8uHqjEfSt340RHdx-9tuCSIkZ8rFamZiGyYlgDGxCsmXjCH_1xk5eYM3ntFZRvJP_jndOKR7w1UAo9Tu0vrZyOLfqRpHIxYI5SymJJ-pfGCQw6QVpggBH-UgfjiFQ2JOxqxG0Jx94kW83c\/s1600\/logo-principal.jpg\" width=\"100%\" height=\"100\" \/><\/a><!--bestpublic-voz01--><!--desk-in-out-voz01--><br \/>\n<!--publicidad-voz02--><a href=\"https:\/\/www.hellincf.com\/\"><img decoding=\"async\" class=\"alignnone size-medium\" src=\"https:\/\/blogger.googleusercontent.com\/img\/b\/R29vZ2xl\/AVvXsEhuZ4-XfBVj3UtdP8-RZugy3WVrg-Zv28c53m4oV47qYCxL1rX_dqWX_YddsGSnpH5SRDqZ7bZeKPIfDVCDncpjVlhy3aQs2vojcJBn7Gdv9hC2_Nzct_pRFrnFE1a7KTCdY1bT_kAgnY3-iadRZrGeJf1fR2P5fu11bokx0pWjaypoy-ctwCjklldpEbA\/s1600\/logo-principal7.jpg\" width=\"100%\" height=\"100\" \/><\/a><!--bestpublic-voz02--><!--desk-in-out-voz02--><\/p>\n<p style=\"text-align: justify;\">Menos de dos semanas despu\u00e9s de la finalizaci\u00f3n del plazo de presentaci\u00f3n de solicitudes (que fue del 18 de julio al 6 de agosto), la Oficina de Gesti\u00f3n y Coordinaci\u00f3n de Subvenciones de la instituci\u00f3n provincial ha resuelto adjudicando el total de 300.000 euros dispuesto por el Gobierno Provincial para esta l\u00ednea de ayudas, dando respuesta a las necesidades de 75 Entidades Locales.<\/p>\n<p style=\"text-align: justify;\">La iniciativa, con gran acogida, tuvo una primera experiencia en 2021<\/p>\n<p style=\"text-align: justify;\">Esta convocatoria supone la continuaci\u00f3n y expansi\u00f3n de una iniciativa que ya fue implementada con \u00e9xito en 2021 por el Gobierno de Santi Caba\u00f1ero en la Diputaci\u00f3n de Albacete. La medida, que surgi\u00f3 como respuesta a una sugerencia de la Guardia Civil de Albacete, tuvo un impacto positivo reflejado en un presupuesto final que entonces ascendi\u00f3 a los 187.000 euros y benefici\u00f3 a 45 localidades.<\/p>\n<p style=\"text-align: justify;\">Este 2024 el equipo de Caba\u00f1ero ha reeditado esa medida, incrementando significativamente la dotaci\u00f3n econ\u00f3mica hasta esos citados 300.000 euros, con el fin de seguir reforzando la seguridad en el medio rural, en respuesta a las sugerencias de las propias localidades que, de esta forma, bien dan el paso de sumarse a la iniciativa por primera vez, o \u2018repiten\u2019 con ella pudiendo as\u00ed actualizar y ampliar los dispositivos que instalaron en aquel momento.<\/p>\n<p style=\"text-align: justify;\">Las ayudas concedidas cubren hasta el 80% de la inversi\u00f3n total de los proyectos de videovigilancia solicitados por las 75 entidades locales beneficiadas, con importes que oscilan entre los 700 y los 4.300 euros, siendo \u00e9sta \u00faltima la cantidad m\u00e1s otorgada.<\/p>\n<p style=\"text-align: justify;\">Con estas subvenciones, el Gobierno Provincial busca no s\u00f3lo contribuir a prevenir posibles incidentes vinculados a la seguridad y la protecci\u00f3n ciudadana, sino ayudar a la Guardia Civil en el desarrollo de sus funciones, claves para el d\u00eda a d\u00eda de las distintas localidades.<\/p>\n<p style=\"text-align: justify;\">La Convocatoria financia la compra e instalaci\u00f3n de c\u00e1maras de seguridad, sistemas de lectura de matr\u00edculas y dispositivos de control de tr\u00e1fico que, ubicados en puntos estrat\u00e9gicos de los municipios beneficiarios, contribuir\u00e1n significativamente a seguir fortaleciendo la seguridad en las localidades beneficiarias, mejorando tanto el tr\u00e1nsito de veh\u00edculos tr\u00e1fico como la vigilancia en accesos y espacios p\u00fablicos.<\/p>\n<p style=\"text-align: justify;\">Con la adopci\u00f3n de tecnolog\u00eda moderna se da mayor tranquilidad a habitantes y visitantes de las poblaciones y se refuerzan las capacidades de prevenci\u00f3n y resoluci\u00f3n de incidentes por parte de los y las efectivos de la Guardia Civil que operan en el medio rural provincial, apostando por la cooperaci\u00f3n institucional como pilares fundamentales para garantizar el bienestar de sus vecinos.<\/p>\n<p style=\"text-align: justify;\">Los ayuntamientos beneficiarios deber\u00e1n aceptar expl\u00edcitamente la subvenci\u00f3n dentro de los pr\u00f3ximos 15 d\u00edas y justificar el uso de los fondos antes del 30 de noviembre de este a\u00f1o.<\/p>\n<p><!--publicidad-voz03--><a href=\"https:\/\/www.facebook.com\/profile.php?id=100063593791305&amp;locale=es_ES\"><img decoding=\"async\" class=\"alignnone size-medium\" src=\"https:\/\/blogger.googleusercontent.com\/img\/b\/R29vZ2xl\/AVvXsEi8_n_ll8UOcGxCqzFvb_9Io4ICczlGC990BPtPj2w9Px-u7B3oqWUW5vtjZUqPNJ-nyjiUIorE0ATsib_l5tV8BVN-UJ03RTnU__IHJF_4DgDBtY4LIqXNG-FomrO-7ywes20CBCRM2Hcm7EJSh3UUw1dO-c_uTflUrtgY1i7uBRezj_DpympmEFkfbQY\/s1600\/logo-principal2.jpg\" width=\"100%\" height=\"100\" \/><\/a><!--bestpublic-voz03--><!--desk-in-out-voz03--><br \/>\n<!--publicidad-voz04--><a href=\"https:\/\/www.facebook.com\/profile.php?id=61557370768692&amp;locale=es_ES\"><img decoding=\"async\" class=\"alignnone size-medium\" src=\"https:\/\/blogger.googleusercontent.com\/img\/b\/R29vZ2xl\/AVvXsEgy5RdcfffrnrItnYTcV9bCJjgJwldsQLWssfVfrLbyfXeBNTFKgBf0rMIvhrUaGUhiXzVr9_eQgCbi-j63ZDpfTvLIty9w7s140y-m1yHe7eKmEK7v2NAHUJDVYGdfeiQFeRCqUjdwWmN1MX_AUxxz4IVdJ4WIM0APxit8bjWkXzrnEFGqBvW_1F13H1g\/s1600\/logo-principal5.jpg\" width=\"100%\" height=\"100\" \/><\/a><!--bestpublic-voz04--><!--desk-in-out-voz04--><br \/>\n<!--publicidad-voz05--><a href=\"https:\/\/www.facebook.com\/asociaciontamborileroshellin?locale=es_ES\"><img decoding=\"async\" class=\"alignnone size-medium\" src=\"https:\/\/blogger.googleusercontent.com\/img\/b\/R29vZ2xl\/AVvXsEhHEEpZsKK1VpwiYMrS7aE2ujtqIDZoLd4B5wtbiseSU9s2HdTdQfhF84So2XwEB1fv0BLw95GADm6hUl1bkKtzh-eIgVigXONuu_5RxeIMPhjk8q6uNX4EaEHbooKkbu7pCADWPpVJjhKIH5NQSJpWqedC-YBez4QAQeJYokkLot9bhrIaUAeztsGis6M\/s1600\/logo-principal3.jpg\" width=\"100%\" height=\"100\" \/><\/a><!--bestpublic-voz05--><!--desk-in-out-voz05--><br \/>\n<!--publicidad-voz06--><!--bestpublic-voz06--><!--desk-in-out-voz06--><br \/>\n<!--publicidad-voz07--><!--bestpublic-voz07--><!--desk-in-out-voz07--><br \/>\n<!--publicidad-voz08--><!--bestpublic-voz08--><!--desk-in-out-voz08--><br \/>\n<!--publicidad-voz09--><!--bestpublic-voz09--><!--desk-in-out-voz09--><br \/>\n<!--publicidad-voz10--><!--bestpublic-voz10--><!--desk-in-out-voz10--><br \/>\n<!--publicidad-voz11--><!--bestpublic-voz11--><!--desk-in-out-voz11--><br \/>\n<!--publicidad-voz12--><!--bestpublic-voz12--><!--desk-in-out-voz12--><br \/>\n<!--publicidad-voz13--><!--bestpublic-voz13--><!--desk-in-out-voz13--><br \/>\n<!--publicidad-voz14--><!--bestpublic-voz14--><!--desk-in-out-voz14--><br \/>\n<!--publicidad-voz15--><!--bestpublic-voz15--><!--desk-in-out-voz15--><br \/>\n<!--publicidad-voz16--><!--bestpublic-voz16--><!--desk-in-out-voz16--><\/p>\n","protected":false},"excerpt":{"rendered":"<p>La Diputaci\u00f3n de Albacete ha finalizado la resoluci\u00f3n de la Convocatoria de Ayudas dirigida a los ayuntamientos de la provincia para la adquisici\u00f3n e instalaci\u00f3n de sistemas de videovigilancia en&#8230;<\/p>\n","protected":false},"author":2,"featured_media":152272,"comment_status":"closed","ping_status":"closed","sticky":false,"template":"","format":"standard","meta":{"footnotes":""},"categories":[755,718,715,716,717],"tags":[],"class_list":["post-152271","post","type-post","status-publish","format-standard","has-post-thumbnail","hentry","category-blog-lv036","category-blogger","category-la-voz-de-hellin","category-la-voz-de-hellin-la-voz-de-hellin","category-noticias"],"_links":{"self":[{"href":"https:\/\/lavozdehellin.com\/noticias\/wp-json\/wp\/v2\/posts\/152271","targetHints":{"allow":["GET"]}}],"collection":[{"href":"https:\/\/lavozdehellin.com\/noticias\/wp-json\/wp\/v2\/posts"}],"about":[{"href":"https:\/\/lavozdehellin.com\/noticias\/wp-json\/wp\/v2\/types\/post"}],"author":[{"embeddable":true,"href":"https:\/\/lavozdehellin.com\/noticias\/wp-json\/wp\/v2\/users\/2"}],"replies":[{"embeddable":true,"href":"https:\/\/lavozdehellin.com\/noticias\/wp-json\/wp\/v2\/comments?post=152271"}],"version-history":[{"count":0,"href":"https:\/\/lavozdehellin.com\/noticias\/wp-json\/wp\/v2\/posts\/152271\/revisions"}],"wp:featuredmedia":[{"embeddable":true,"href":"https:\/\/lavozdehellin.com\/noticias\/wp-json\/wp\/v2\/media\/152272"}],"wp:attachment":[{"href":"https:\/\/lavozdehellin.com\/noticias\/wp-json\/wp\/v2\/media?parent=152271"}],"wp:term":[{"taxonomy":"category","embeddable":true,"href":"https:\/\/lavozdehellin.com\/noticias\/wp-json\/wp\/v2\/categories?post=152271"},{"taxonomy":"post_tag","embeddable":true,"href":"https:\/\/lavozdehellin.com\/noticias\/wp-json\/wp\/v2\/tags?post=152271"}],"curies":[{"name":"wp","href":"https:\/\/api.w.org\/{rel}","templated":true}]}}