{"id":152299,"date":"2024-08-18T10:22:30","date_gmt":"2024-08-18T08:22:30","guid":{"rendered":"https:\/\/lavozdehellin.com\/noticias\/?p=152299"},"modified":"2024-08-19T11:59:40","modified_gmt":"2024-08-19T09:59:40","slug":"v08-968-el-gobierno-de-la-diputacion-de-albacete-distribuye-1-500-000-euros-entre-78-ayuntamientos-para-la-adquisicion-de-vehiculos-y-maquinaria-que-optimicen-su-cartera-de-servicios","status":"publish","type":"post","link":"https:\/\/lavozdehellin.com\/noticias\/v08-968-el-gobierno-de-la-diputacion-de-albacete-distribuye-1-500-000-euros-entre-78-ayuntamientos-para-la-adquisicion-de-vehiculos-y-maquinaria-que-optimicen-su-cartera-de-servicios\/","title":{"rendered":"LVH NOTICIAS | EL GOBIERNO DE LA DIPUTACI\u00d3N DE ALBACETE DISTRIBUYE 1.500.000 EUROS ENTRE 78 AYUNTAMIENTOS PARA LA ADQUISICI\u00d3N DE VEH\u00cdCULOS Y MAQUINARIA QUE OPTIMICEN SU CARTERA DE SERVICIOS"},"content":{"rendered":"<p style=\"text-align: justify;\">La Diputaci\u00f3n de Albacete ha resuelto la concesi\u00f3n de subvenciones para la compra de veh\u00edculos y maquinaria para el a\u00f1o 2024, beneficiando a las 78 Entidades Locales que se han mostrado interesadas.<\/p>\n<p><!--more--><br \/>\n<!--publicidad-voz01--><a href=\"https:\/\/www.facebook.com\/SoloRadioHellin\/?locale=es_ES\"><img decoding=\"async\" class=\"alignnone size-medium\" src=\"https:\/\/blogger.googleusercontent.com\/img\/b\/R29vZ2xl\/AVvXsEiNncirNnyGedv00mhjZjh5Wl4_YPdJGanoAl8tL8zH-HwqE8uHqjEfSt340RHdx-9tuCSIkZ8rFamZiGyYlgDGxCsmXjCH_1xk5eYM3ntFZRvJP_jndOKR7w1UAo9Tu0vrZyOLfqRpHIxYI5SymJJ-pfGCQw6QVpggBH-UgfjiFQ2JOxqxG0Jx94kW83c\/s1600\/logo-principal.jpg\" width=\"100%\" height=\"100\" \/><\/a><!--bestpublic-voz01--><!--desk-in-out-voz01--><br \/>\n<!--publicidad-voz02--><a href=\"https:\/\/www.hellincf.com\/\"><img decoding=\"async\" class=\"alignnone size-medium\" src=\"https:\/\/blogger.googleusercontent.com\/img\/b\/R29vZ2xl\/AVvXsEhuZ4-XfBVj3UtdP8-RZugy3WVrg-Zv28c53m4oV47qYCxL1rX_dqWX_YddsGSnpH5SRDqZ7bZeKPIfDVCDncpjVlhy3aQs2vojcJBn7Gdv9hC2_Nzct_pRFrnFE1a7KTCdY1bT_kAgnY3-iadRZrGeJf1fR2P5fu11bokx0pWjaypoy-ctwCjklldpEbA\/s1600\/logo-principal7.jpg\" width=\"100%\" height=\"100\" \/><\/a><!--bestpublic-voz02--><!--desk-in-out-voz02--><\/p>\n<p style=\"text-align: justify;\">Esta l\u00ednea de subvenciones, que cuenta con una dotaci\u00f3n presupuestaria total de 1.500.000 euros, destaca por su enfoque innovador y se postula como una de las m\u00e1s potentes de las impulsadas recientemente por el Gobierno de Santi Caba\u00f1ero, en respuesta a las peticiones y necesidades planteadas por los distintos ayuntamientos y buscando v\u00edas con las que serles de la mayor utilidad.<\/p>\n<p style=\"text-align: justify;\">En esta Convocatoria, los recursos se han distribuido para la adquisici\u00f3n de una amplia variedad de equipos; entre los solicitados, se incluyen furgonetas, maquinaria agr\u00edcola e industrial, miniexcavadoras con accesorios, remolques, bio trituradoras, barredoras y carretillas elevadoras, entre otros. Los importes concedidos oscilan, en funci\u00f3n de las peticiones, desde los 4.662 hasta los 19.980 euros, siendo esta \u00faltima cantidad la m\u00e1s otorgada.<\/p>\n<p style=\"text-align: justify;\">La variedad de adquisiciones refleja lo diverso de las necesidades de los municipios para mejorar las prestaciones que ofrecen a su ciudadan\u00eda. Esta inversi\u00f3n no s\u00f3lo optimiza la gesti\u00f3n de obras y servicios p\u00fablicos en la provincia, sino que fomenta la modernizaci\u00f3n de los recursos locales mediante la adquisici\u00f3n de maquinaria moderna y veh\u00edculos especializados. Con la renovaci\u00f3n de equipamientos, se impulsa una mayor eficiencia y calidad en las labores municipales.<\/p>\n<p style=\"text-align: justify;\">Una l\u00ednea de ayudas dise\u00f1ada para incentivar la sostenibilidad<\/p>\n<p style=\"text-align: justify;\">Adem\u00e1s, sobresale la sensibilidad medioambiental con la que desde el Equipo de Gobierno Provincial se ha impulsado esta Convocatoria de subvenciones, dise\u00f1ada con un enfoque que mira de forma especial hacia la sostenibilidad.<\/p>\n<p style=\"text-align: justify;\">As\u00ed, los municipios que han optado por comprar recursos con bajas emisiones y veh\u00edculos m\u00e1s \u2018respetuosos\u2019 con el medio ambiente, van a recibir un apoyo mayor. Las ayudas contemplan un anticipo del 50% del importe otorgado y var\u00edan en funci\u00f3n del tipo de veh\u00edculo o maquinaria adquirido. Los de etiqueta azul (\u20180 emisiones\u2019) no requieren cofinanciaci\u00f3n de las Entidades Locales; en el caso de veh\u00edculos con etiqueta \u2018Eco\u2019 (h\u00edbridos, a gas o combinaciones), aportar\u00e1n un 5%. Para veh\u00edculos con etiqueta C (verde), cofinanciar\u00e1n el 10%; de etiqueta B (amarilla), el 15%; y, en aqu\u00e9llos sin distintivo, el 25%.<\/p>\n<p style=\"text-align: justify;\">El proceso de concesi\u00f3n ha seguido los procedimientos establecidos en las bases. Los beneficiarios deber\u00e1n aceptar la subvenci\u00f3n en los 15 d\u00edas siguientes a la notificaci\u00f3n y han de aportar la documentaci\u00f3n requerida para la justificaci\u00f3n antes del 31 de diciembre de 2024.<\/p>\n<p style=\"text-align: justify;\">Esta medida refuerza el compromiso del Gobierno Provincial de Santi Caba\u00f1ero con la mejora de los recursos p\u00fablicos y el apoyo a una gesti\u00f3n local responsable, econ\u00f3mica y medioambientalmente, facilitando la adquisici\u00f3n de equipos que redundan en mejores servicios en favor del desarrollo y el bienestar de la ciudadan\u00eda en las distintas localidades.<\/p>\n<p><!--publicidad-voz03--><a href=\"https:\/\/www.facebook.com\/profile.php?id=100063593791305&amp;locale=es_ES\"><img decoding=\"async\" class=\"alignnone size-medium\" src=\"https:\/\/blogger.googleusercontent.com\/img\/b\/R29vZ2xl\/AVvXsEi8_n_ll8UOcGxCqzFvb_9Io4ICczlGC990BPtPj2w9Px-u7B3oqWUW5vtjZUqPNJ-nyjiUIorE0ATsib_l5tV8BVN-UJ03RTnU__IHJF_4DgDBtY4LIqXNG-FomrO-7ywes20CBCRM2Hcm7EJSh3UUw1dO-c_uTflUrtgY1i7uBRezj_DpympmEFkfbQY\/s1600\/logo-principal2.jpg\" width=\"100%\" height=\"100\" \/><\/a><!--bestpublic-voz03--><!--desk-in-out-voz03--><br \/>\n<!--publicidad-voz04--><a href=\"https:\/\/www.facebook.com\/profile.php?id=61557370768692&amp;locale=es_ES\"><img decoding=\"async\" class=\"alignnone size-medium\" src=\"https:\/\/blogger.googleusercontent.com\/img\/b\/R29vZ2xl\/AVvXsEgy5RdcfffrnrItnYTcV9bCJjgJwldsQLWssfVfrLbyfXeBNTFKgBf0rMIvhrUaGUhiXzVr9_eQgCbi-j63ZDpfTvLIty9w7s140y-m1yHe7eKmEK7v2NAHUJDVYGdfeiQFeRCqUjdwWmN1MX_AUxxz4IVdJ4WIM0APxit8bjWkXzrnEFGqBvW_1F13H1g\/s1600\/logo-principal5.jpg\" width=\"100%\" height=\"100\" \/><\/a><!--bestpublic-voz04--><!--desk-in-out-voz04--><br \/>\n<!--publicidad-voz05--><a href=\"https:\/\/www.facebook.com\/asociaciontamborileroshellin?locale=es_ES\"><img decoding=\"async\" class=\"alignnone size-medium\" src=\"https:\/\/blogger.googleusercontent.com\/img\/b\/R29vZ2xl\/AVvXsEhHEEpZsKK1VpwiYMrS7aE2ujtqIDZoLd4B5wtbiseSU9s2HdTdQfhF84So2XwEB1fv0BLw95GADm6hUl1bkKtzh-eIgVigXONuu_5RxeIMPhjk8q6uNX4EaEHbooKkbu7pCADWPpVJjhKIH5NQSJpWqedC-YBez4QAQeJYokkLot9bhrIaUAeztsGis6M\/s1600\/logo-principal3.jpg\" width=\"100%\" height=\"100\" \/><\/a><!--bestpublic-voz05--><!--desk-in-out-voz05--><br \/>\n<!--publicidad-voz06--><!--bestpublic-voz06--><!--desk-in-out-voz06--><br \/>\n<!--publicidad-voz07--><!--bestpublic-voz07--><!--desk-in-out-voz07--><br \/>\n<!--publicidad-voz08--><!--bestpublic-voz08--><!--desk-in-out-voz08--><br \/>\n<!--publicidad-voz09--><!--bestpublic-voz09--><!--desk-in-out-voz09--><br \/>\n<!--publicidad-voz10--><!--bestpublic-voz10--><!--desk-in-out-voz10--><br \/>\n<!--publicidad-voz11--><!--bestpublic-voz11--><!--desk-in-out-voz11--><br \/>\n<!--publicidad-voz12--><!--bestpublic-voz12--><!--desk-in-out-voz12--><br \/>\n<!--publicidad-voz13--><!--bestpublic-voz13--><!--desk-in-out-voz13--><br \/>\n<!--publicidad-voz14--><!--bestpublic-voz14--><!--desk-in-out-voz14--><br \/>\n<!--publicidad-voz15--><!--bestpublic-voz15--><!--desk-in-out-voz15--><br \/>\n<!--publicidad-voz16--><!--bestpublic-voz16--><!--desk-in-out-voz16--><\/p>\n","protected":false},"excerpt":{"rendered":"<p>La Diputaci\u00f3n de Albacete ha resuelto la concesi\u00f3n de subvenciones para la compra de veh\u00edculos y maquinaria para el a\u00f1o 2024, beneficiando a las 78 Entidades Locales que se han&#8230;<\/p>\n","protected":false},"author":2,"featured_media":152300,"comment_status":"closed","ping_status":"closed","sticky":false,"template":"","format":"standard","meta":{"footnotes":""},"categories":[755,718,715,716,717],"tags":[],"class_list":["post-152299","post","type-post","status-publish","format-standard","has-post-thumbnail","hentry","category-blog-lv036","category-blogger","category-la-voz-de-hellin","category-la-voz-de-hellin-la-voz-de-hellin","category-noticias"],"_links":{"self":[{"href":"https:\/\/lavozdehellin.com\/noticias\/wp-json\/wp\/v2\/posts\/152299","targetHints":{"allow":["GET"]}}],"collection":[{"href":"https:\/\/lavozdehellin.com\/noticias\/wp-json\/wp\/v2\/posts"}],"about":[{"href":"https:\/\/lavozdehellin.com\/noticias\/wp-json\/wp\/v2\/types\/post"}],"author":[{"embeddable":true,"href":"https:\/\/lavozdehellin.com\/noticias\/wp-json\/wp\/v2\/users\/2"}],"replies":[{"embeddable":true,"href":"https:\/\/lavozdehellin.com\/noticias\/wp-json\/wp\/v2\/comments?post=152299"}],"version-history":[{"count":0,"href":"https:\/\/lavozdehellin.com\/noticias\/wp-json\/wp\/v2\/posts\/152299\/revisions"}],"wp:featuredmedia":[{"embeddable":true,"href":"https:\/\/lavozdehellin.com\/noticias\/wp-json\/wp\/v2\/media\/152300"}],"wp:attachment":[{"href":"https:\/\/lavozdehellin.com\/noticias\/wp-json\/wp\/v2\/media?parent=152299"}],"wp:term":[{"taxonomy":"category","embeddable":true,"href":"https:\/\/lavozdehellin.com\/noticias\/wp-json\/wp\/v2\/categories?post=152299"},{"taxonomy":"post_tag","embeddable":true,"href":"https:\/\/lavozdehellin.com\/noticias\/wp-json\/wp\/v2\/tags?post=152299"}],"curies":[{"name":"wp","href":"https:\/\/api.w.org\/{rel}","templated":true}]}}