{"id":152305,"date":"2024-08-19T11:51:24","date_gmt":"2024-08-19T09:51:24","guid":{"rendered":"https:\/\/lavozdehellin.com\/noticias\/?p=152305"},"modified":"2024-11-25T19:24:41","modified_gmt":"2024-11-25T17:24:41","slug":"v08-969-seve-felipe-y-andrea-torres-establecen-nuevos-records-en-minaya","status":"publish","type":"post","link":"https:\/\/lavozdehellin.com\/noticias\/v08-969-seve-felipe-y-andrea-torres-establecen-nuevos-records-en-minaya\/","title":{"rendered":"LVH NOTICIAS | SEVE FELIPE Y ANDREA TORRES ESTABLECEN NUEVOS R\u00c9CORDS EN MINAYA"},"content":{"rendered":"<p style=\"text-align: justify;\">Circuito de Diputaci\u00f3n \u2018Ferlabs\u2019<\/p>\n<p><!--more--><br \/>\n<!--publicidad-voz01--><a href=\"https:\/\/www.facebook.com\/SoloRadioHellin\/?locale=es_ES\"><img decoding=\"async\" class=\"alignnone size-medium\" src=\"https:\/\/blogger.googleusercontent.com\/img\/b\/R29vZ2xl\/AVvXsEiNncirNnyGedv00mhjZjh5Wl4_YPdJGanoAl8tL8zH-HwqE8uHqjEfSt340RHdx-9tuCSIkZ8rFamZiGyYlgDGxCsmXjCH_1xk5eYM3ntFZRvJP_jndOKR7w1UAo9Tu0vrZyOLfqRpHIxYI5SymJJ-pfGCQw6QVpggBH-UgfjiFQ2JOxqxG0Jx94kW83c\/s1600\/logo-principal.jpg\" width=\"100%\" height=\"100\" \/><\/a><!--bestpublic-voz01--><!--desk-in-out-voz01--><br \/>\n<!--publicidad-voz02--><a href=\"https:\/\/www.hellincf.com\/\"><img decoding=\"async\" class=\"alignnone size-medium\" src=\"https:\/\/blogger.googleusercontent.com\/img\/b\/R29vZ2xl\/AVvXsEhuZ4-XfBVj3UtdP8-RZugy3WVrg-Zv28c53m4oV47qYCxL1rX_dqWX_YddsGSnpH5SRDqZ7bZeKPIfDVCDncpjVlhy3aQs2vojcJBn7Gdv9hC2_Nzct_pRFrnFE1a7KTCdY1bT_kAgnY3-iadRZrGeJf1fR2P5fu11bokx0pWjaypoy-ctwCjklldpEbA\/s1600\/logo-principal7.jpg\" width=\"100%\" height=\"100\" \/><\/a><!--bestpublic-voz02--><!--desk-in-out-voz02--><\/p>\n<p style=\"text-align: justify;\">Seve Felipe y Andrea Torres establecen nuevos r\u00e9cords en Minaya<\/p>\n<p style=\"text-align: justify;\">Entrenador y disc\u00edpula dominan la prueba, rebajan las marcas del trazado y obtienen los 100 euros de premio especial<\/p>\n<p style=\"text-align: justify;\">Seve Felipe G\u00f3mez (Club de Atletismo Albacete-Diputaci\u00f3n) y Andrea Torres Garc\u00eda (Independiente) vencieron en la XII Carrera Popular 10K de Minaya, 31\u00aa cita del XXIII Circuito Provincial de Carreras Populares que organiza la Diputaci\u00f3n de Albacete. Y lo hicieron rebajando los r\u00e9cords del trazado, por lo que ambos obtuvieron 100 euros de premio por bajar la marca previamente establecida.<\/p>\n<p style=\"text-align: justify;\">La primera victoria de Seve Felipe esta temporada en el Circuito Provincial lleg\u00f3 de manera solvente, pues a mitad de prueba, al paso por el kil\u00f3metro 5, ya llevaba m\u00e1s de medio minuto de ventaja. El laureado atleta del C.A. Albacete-Diputaci\u00f3n mantuvo un ritmo constante durante toda la prueba, consciente de que pod\u00eda bajar el r\u00e9cord del trazado, que estaba en 33\u201950\u2019\u2019 (Manuel Guti\u00e9rrez en 2022). Lo rebaj\u00f3 en m\u00e1s de un minuto, si bien es cierto que unas peque\u00f1as modificaciones en el recorrido de esta edici\u00f3n han propiciado que la prueba sea m\u00e1s r\u00e1pida que en anteriores ocasiones. Seve Felipe dej\u00f3 el nuevo r\u00e9cord en 32\u201934\u2019\u2019.<\/p>\n<p style=\"text-align: justify;\">Por detr\u00e1s, Javier Mart\u00ednez Gonz\u00e1lez se hizo con la segunda posici\u00f3n, mientras que David Morcillo Garc\u00eda, atleta que suma dos victorias este a\u00f1o, accedi\u00f3 al tercer caj\u00f3n del p\u00f3dium en una prueba que registr\u00f3 un total de 339 corredores en la l\u00ednea de meta.<\/p>\n<p style=\"text-align: justify;\">En la categor\u00eda femenina, la albacete\u00f1a Andrea Torres Garc\u00eda, disc\u00edpula de Seve Felipe, sigui\u00f3 los pasos de su entrenador y mentor, domin\u00f3 de principio a fin la carrera, sac\u00f3 m\u00e1s de dos minutos a sus rivales en la l\u00ednea de meta, fue la \u00fanica capaz de bajar de 40 minutos y estableci\u00f3 una nueva marca en Minaya, 39\u201957\u2019\u2019, pulverizando el tiempo de 41\u201911\u2019 que ten\u00eda M\u00aa Carmen Risue\u00f1o en 2022. Precisamente Risue\u00f1o la acompa\u00f1\u00f3 en el p\u00f3dium, en la tercera posici\u00f3n. Paula Fern\u00e1ndez Javega fue la atleta que ocup\u00f3 el segundo caj\u00f3n. Es la segunda victoria Andrea Torres en esta edici\u00f3n del Circuito, pues ya gan\u00f3 la Carrera Popular 10K de Albacete.<\/p>\n<p style=\"text-align: justify;\">Minaya tambi\u00e9n celebr\u00f3 una prueba de Iniciaci\u00f3n, la segunda edici\u00f3n de sus 5K. En esta carrera, el p\u00f3dium masculino fue para \u00c1lvaro Iniesta T\u00e9bar (Don Quijote Albacete), Jos\u00e9 Antonio Garc\u00eda Alfaro (C.D.A. P\u00e9trola-Partisanos Trail) y Borja Corell Custardoy (Independiente). En la categor\u00eda femenina venci\u00f3 Isabel Lozano Garc\u00eda (Independiente), por delante de Miriam Soria Cotillas (Independiente) y Henar Bello Fraile (Independiente).<\/p>\n<p style=\"text-align: justify;\">El Club de Atletismo Kronos fue el equipo con m\u00e1s atletas en meta, seguido del C.A. Chinchilla y Don Quijote Albacete, ambos con 17 corredores. El Premio de la Hermandad de Donantes de Sangre de Albacete a la posici\u00f3n 71 en la l\u00ednea de meta fue para Miguel \u00c1ngel Catal\u00e1n Belmonte (C.A. Chinchilla). La ceremonia de entrega de premios, el aperitivo para reponer fuerzas y un refrescante ba\u00f1o en la piscina municipal pusieron el broche de oro a esta prueba en Minaya.<\/p>\n<p style=\"text-align: justify;\">Siguiente cita, El Salobral<\/p>\n<p style=\"text-align: justify;\">El XXIII Circuito Provincial de Carreras Populares que organiza la Diputaci\u00f3n de Albacete viajar\u00e1 el pr\u00f3ximo fin de semana hasta la localidad de El Salobral, donde se disputar\u00e1 su XV Carrera Popular, que por segundo a\u00f1o consecutivo ser\u00e1 un \u20185K Nocturno\u2019. Esta prueba arrancar\u00e1 el s\u00e1bado d\u00eda 24 de agosto a partir de las 21:00 horas desde la Calle La Fuente, junto al Complejo Polideportivo. Las inscripciones para esta carrera est\u00e1n abiertas hasta el pr\u00f3ximo jueves d\u00eda 22 de agosto a las 14:00 horas.<\/p>\n<p style=\"text-align: justify;\">CLASIFICACIONES XII CARRERA POPULAR DE MINAYA<\/p>\n<p style=\"text-align: justify;\">&#8211; HOMBRES &#8211;<\/p>\n<p style=\"text-align: justify;\">Nombre Club Tiempo Ritmo<\/p>\n<p style=\"text-align: justify;\">1\u00ba.- Seve Felipe G\u00f3mez C.A. Albacete-Diputaci\u00f3n 32:34 3:15<\/p>\n<p style=\"text-align: justify;\">2\u00ba.- Javier Mart\u00ednez Gonz\u00e1lez San Blas Elche de la Sierra 33:48 3:23<\/p>\n<p style=\"text-align: justify;\">3\u00ba.- David Morcillo Garc\u00eda C.A. Chinchilla 34:37 3:28<\/p>\n<p style=\"text-align: justify;\">4\u00ba.- Pablo Villena Ferrer C.A. Albacete-Diputaci\u00f3n 34:53 3:29<\/p>\n<p style=\"text-align: justify;\">5\u00ba.- Urbano Garrido Mu\u00f1oz C.A. Albacete-Diputaci\u00f3n 34:54 3:29<\/p>\n<p style=\"text-align: justify;\">6\u00ba.- Bernardo Maestre S\u00e1nchez C.D. Atletas de Alpera 34:56 3:30<\/p>\n<p style=\"text-align: justify;\">7\u00ba.- Agust\u00edn S\u00e1nchez Belmonte C.A. Hoya Gonzalo 35:03 3:30<\/p>\n<p style=\"text-align: justify;\">8\u00ba.- Juan S\u00e1nchez Belmonte C.A. Hoya Gonzalo 35:22 3:32<\/p>\n<p style=\"text-align: justify;\">9\u00ba.- Rafael Madrid Almenas Triatl\u00f3n Albacete Res 35:24 3:32<\/p>\n<p style=\"text-align: justify;\">10\u00ba.- Ra\u00fal Picazo Carrilero Independiente 35:28 3:33<\/p>\n<p style=\"text-align: justify;\">&#8211; MUJERES &#8211;<\/p>\n<p style=\"text-align: justify;\">Nombre Club Tiempo Ritmo<\/p>\n<p style=\"text-align: justify;\">1\u00aa.- Andrea Torres Garc\u00eda Independiente 39:57 4:00<\/p>\n<p style=\"text-align: justify;\">2\u00aa.- Paula Fern\u00e1ndez Javega EQTR-Rodacal Beyem 42:01 4:12<\/p>\n<p style=\"text-align: justify;\">3\u00aa.- M\u00aa Carmen Risue\u00f1o S\u00e1nchez C.A. Kronos 43:03 4:18<\/p>\n<p style=\"text-align: justify;\">4\u00aa.- Eva Moreno S\u00e1nchez C.A. Hell\u00edn 43:14 4:19<\/p>\n<p style=\"text-align: justify;\">5\u00aa.- Irene Requena Navarro CAYT Valdeganga 43:45 4:23<\/p>\n<p style=\"text-align: justify;\">6\u00aa.- Rebeca Juncos Alfaro C.A. Navas de Jorquera 44:18 4:26<\/p>\n<p style=\"text-align: justify;\">7\u00aa.- Sara Palomares P\u00e9rez C.A. Kronos 44:50 4:29<\/p>\n<p style=\"text-align: justify;\">8\u00aa.- Ana L\u00f3pez Poveda C.A. Albacete-Diputaci\u00f3n 45:15 4:32<\/p>\n<p style=\"text-align: justify;\">9\u00aa.- Sonia Moreno Mass\u00f3 Don Quijote Albacete 47:03 4:42<\/p>\n<p style=\"text-align: justify;\">10\u00aa.- Conchi S\u00e1nchez Izquierdo GECI Running 47:11 4:43<\/p>\n<p><!--publicidad-voz03--><a href=\"https:\/\/www.facebook.com\/profile.php?id=100063593791305&amp;locale=es_ES\"><img decoding=\"async\" class=\"alignnone size-medium\" src=\"https:\/\/blogger.googleusercontent.com\/img\/b\/R29vZ2xl\/AVvXsEi8_n_ll8UOcGxCqzFvb_9Io4ICczlGC990BPtPj2w9Px-u7B3oqWUW5vtjZUqPNJ-nyjiUIorE0ATsib_l5tV8BVN-UJ03RTnU__IHJF_4DgDBtY4LIqXNG-FomrO-7ywes20CBCRM2Hcm7EJSh3UUw1dO-c_uTflUrtgY1i7uBRezj_DpympmEFkfbQY\/s1600\/logo-principal2.jpg\" width=\"100%\" height=\"100\" \/><\/a><!--bestpublic-voz03--><!--desk-in-out-voz03--><br \/>\n<!--publicidad-voz04--><a href=\"https:\/\/www.facebook.com\/profile.php?id=61557370768692&amp;locale=es_ES\"><img decoding=\"async\" class=\"alignnone size-medium\" src=\"https:\/\/blogger.googleusercontent.com\/img\/b\/R29vZ2xl\/AVvXsEgy5RdcfffrnrItnYTcV9bCJjgJwldsQLWssfVfrLbyfXeBNTFKgBf0rMIvhrUaGUhiXzVr9_eQgCbi-j63ZDpfTvLIty9w7s140y-m1yHe7eKmEK7v2NAHUJDVYGdfeiQFeRCqUjdwWmN1MX_AUxxz4IVdJ4WIM0APxit8bjWkXzrnEFGqBvW_1F13H1g\/s1600\/logo-principal5.jpg\" width=\"100%\" height=\"100\" \/><\/a><!--bestpublic-voz04--><!--desk-in-out-voz04--><br \/>\n<!--publicidad-voz05--><a href=\"https:\/\/www.facebook.com\/asociaciontamborileroshellin?locale=es_ES\"><img decoding=\"async\" class=\"alignnone size-medium\" src=\"https:\/\/blogger.googleusercontent.com\/img\/b\/R29vZ2xl\/AVvXsEhHEEpZsKK1VpwiYMrS7aE2ujtqIDZoLd4B5wtbiseSU9s2HdTdQfhF84So2XwEB1fv0BLw95GADm6hUl1bkKtzh-eIgVigXONuu_5RxeIMPhjk8q6uNX4EaEHbooKkbu7pCADWPpVJjhKIH5NQSJpWqedC-YBez4QAQeJYokkLot9bhrIaUAeztsGis6M\/s1600\/logo-principal3.jpg\" width=\"100%\" height=\"100\" \/><\/a><!--bestpublic-voz05--><!--desk-in-out-voz05--><br \/>\n<!--publicidad-voz06--><!--bestpublic-voz06--><!--desk-in-out-voz06--><br \/>\n<!--publicidad-voz07--><!--bestpublic-voz07--><!--desk-in-out-voz07--><br \/>\n<!--publicidad-voz08--><!--bestpublic-voz08--><!--desk-in-out-voz08--><br \/>\n<!--publicidad-voz09--><!--bestpublic-voz09--><!--desk-in-out-voz09--><br \/>\n<!--publicidad-voz10--><!--bestpublic-voz10--><!--desk-in-out-voz10--><br \/>\n<!--publicidad-voz11--><!--bestpublic-voz11--><!--desk-in-out-voz11--><br \/>\n<!--publicidad-voz12--><!--bestpublic-voz12--><!--desk-in-out-voz12--><br \/>\n<!--publicidad-voz13--><!--bestpublic-voz13--><!--desk-in-out-voz13--><br \/>\n<!--publicidad-voz14--><!--bestpublic-voz14--><!--desk-in-out-voz14--><br \/>\n<!--publicidad-voz15--><!--bestpublic-voz15--><!--desk-in-out-voz15--><br \/>\n<!--publicidad-voz16--><!--bestpublic-voz16--><!--desk-in-out-voz16--><\/p>\n","protected":false},"excerpt":{"rendered":"<p>Circuito de Diputaci\u00f3n \u2018Ferlabs\u2019<\/p>\n","protected":false},"author":2,"featured_media":152306,"comment_status":"closed","ping_status":"closed","sticky":false,"template":"","format":"standard","meta":{"footnotes":""},"categories":[755,718,715,716,717],"tags":[],"class_list":["post-152305","post","type-post","status-publish","format-standard","has-post-thumbnail","hentry","category-blog-lv036","category-blogger","category-la-voz-de-hellin","category-la-voz-de-hellin-la-voz-de-hellin","category-noticias"],"_links":{"self":[{"href":"https:\/\/lavozdehellin.com\/noticias\/wp-json\/wp\/v2\/posts\/152305","targetHints":{"allow":["GET"]}}],"collection":[{"href":"https:\/\/lavozdehellin.com\/noticias\/wp-json\/wp\/v2\/posts"}],"about":[{"href":"https:\/\/lavozdehellin.com\/noticias\/wp-json\/wp\/v2\/types\/post"}],"author":[{"embeddable":true,"href":"https:\/\/lavozdehellin.com\/noticias\/wp-json\/wp\/v2\/users\/2"}],"replies":[{"embeddable":true,"href":"https:\/\/lavozdehellin.com\/noticias\/wp-json\/wp\/v2\/comments?post=152305"}],"version-history":[{"count":0,"href":"https:\/\/lavozdehellin.com\/noticias\/wp-json\/wp\/v2\/posts\/152305\/revisions"}],"wp:featuredmedia":[{"embeddable":true,"href":"https:\/\/lavozdehellin.com\/noticias\/wp-json\/wp\/v2\/media\/152306"}],"wp:attachment":[{"href":"https:\/\/lavozdehellin.com\/noticias\/wp-json\/wp\/v2\/media?parent=152305"}],"wp:term":[{"taxonomy":"category","embeddable":true,"href":"https:\/\/lavozdehellin.com\/noticias\/wp-json\/wp\/v2\/categories?post=152305"},{"taxonomy":"post_tag","embeddable":true,"href":"https:\/\/lavozdehellin.com\/noticias\/wp-json\/wp\/v2\/tags?post=152305"}],"curies":[{"name":"wp","href":"https:\/\/api.w.org\/{rel}","templated":true}]}}