{"id":152326,"date":"2024-08-19T13:52:49","date_gmt":"2024-08-19T11:52:49","guid":{"rendered":"https:\/\/lavozdehellin.com\/noticias\/?p=152326"},"modified":"2024-08-20T16:02:40","modified_gmt":"2024-08-20T14:02:40","slug":"v08-973-las-obras-de-mejora-en-el-cuartel-de-nerpio-abren-una-nueva-via-de-colaboracion-entre-la-diputacion-de-albacete-y-la-guardia-civil","status":"publish","type":"post","link":"https:\/\/lavozdehellin.com\/noticias\/v08-973-las-obras-de-mejora-en-el-cuartel-de-nerpio-abren-una-nueva-via-de-colaboracion-entre-la-diputacion-de-albacete-y-la-guardia-civil\/","title":{"rendered":"LVH NOTICIAS | LAS OBRAS DE MEJORA EN EL CUARTEL DE NERPIO ABREN UNA NUEVA V\u00cdA DE COLABORACI\u00d3N ENTRE LA DIPUTACI\u00d3N DE ALBACETE Y LA GUARDIA CIVIL"},"content":{"rendered":"<p style=\"text-align: justify;\">El presidente de la Diputaci\u00f3n de Albacete, Santi Caba\u00f1ero, ha visitado Nerpio este lunes para comprobar la evoluci\u00f3n de las actuaciones de mejora que se est\u00e1n desarrollando en el cuartel de la Guardia Civil de la localidad.<\/p>\n<p><!--more--><br \/>\n<!--publicidad-voz01--><a href=\"https:\/\/www.facebook.com\/SoloRadioHellin\/?locale=es_ES\"><img decoding=\"async\" class=\"alignnone size-medium\" src=\"https:\/\/blogger.googleusercontent.com\/img\/b\/R29vZ2xl\/AVvXsEiNncirNnyGedv00mhjZjh5Wl4_YPdJGanoAl8tL8zH-HwqE8uHqjEfSt340RHdx-9tuCSIkZ8rFamZiGyYlgDGxCsmXjCH_1xk5eYM3ntFZRvJP_jndOKR7w1UAo9Tu0vrZyOLfqRpHIxYI5SymJJ-pfGCQw6QVpggBH-UgfjiFQ2JOxqxG0Jx94kW83c\/s1600\/logo-principal.jpg\" width=\"100%\" height=\"100\" \/><\/a><!--bestpublic-voz01--><!--desk-in-out-voz01--><br \/>\n<!--publicidad-voz02--><a href=\"https:\/\/www.hellincf.com\/\"><img decoding=\"async\" class=\"alignnone size-medium\" src=\"https:\/\/blogger.googleusercontent.com\/img\/b\/R29vZ2xl\/AVvXsEhuZ4-XfBVj3UtdP8-RZugy3WVrg-Zv28c53m4oV47qYCxL1rX_dqWX_YddsGSnpH5SRDqZ7bZeKPIfDVCDncpjVlhy3aQs2vojcJBn7Gdv9hC2_Nzct_pRFrnFE1a7KTCdY1bT_kAgnY3-iadRZrGeJf1fR2P5fu11bokx0pWjaypoy-ctwCjklldpEbA\/s1600\/logo-principal7.jpg\" width=\"100%\" height=\"100\" \/><\/a><!--bestpublic-voz02--><!--desk-in-out-voz02--><\/p>\n<p style=\"text-align: justify;\">Lo ha hecho acompa\u00f1ado del vicepresidente y responsable de Obras, Fran Valera; del alcalde de Nerpio (y diputado de Medio Ambiente y del SEPEI), Jos\u00e9 Antonio G\u00f3mez, junto a los concejales Ana Bel\u00e9n Mart\u00ednez y Jos\u00e9 G\u00f3mez; del subdelegado del Gobierno de Espa\u00f1a en Albacete, Miguel Juan Espinosa; y del teniente coronel Jes\u00fas Manuel Rodrigo, jefe de la Comandancia de la Guardia Civil de Albacete.<\/p>\n<p style=\"text-align: justify;\">Las obras que se desarrollan a buen ritmo en el acuartelamiento de este municipio clave de la Sierra del Segura incluyen la demolici\u00f3n parcial y la reconstrucci\u00f3n de la fachada trasera, en respuesta a problemas estructurales significativos que compromet\u00edan la seguridad del edificio y, por extensi\u00f3n, la operatividad en \u00e9l de los y las agentes de la propia benem\u00e9rita.<\/p>\n<p style=\"text-align: justify;\">Se trata de una actuaci\u00f3n que marca un nuevo hito en la estrecha colaboraci\u00f3n institucional que vienen manteniendo la Diputaci\u00f3n y la Guardia Civil, abriendo una nueva v\u00eda de trabajo conjunto. Y es que el proyecto ha sido redactado por el propio Servicio de Arquitectura de la instituci\u00f3n provincial, cuya responsable, Beatriz L\u00f3pez, ha participado en la visita dando cuenta de los detalles de los trabajos, asumi\u00e9ndose tambi\u00e9n la Direcci\u00f3n de Obra.<\/p>\n<p style=\"text-align: justify;\">La mejora se ha impulsado con el objetivo no s\u00f3lo de abordar los da\u00f1os urgentes, sino de optimizar las instalaciones para asegurar su funcionalidad a largo plazo. Y cuenta con un presupuesto de 60.000 euros financiados en su totalidad por la Direcci\u00f3n General de la Guardia Civil.<\/p>\n<p style=\"text-align: justify;\">El presidente provincial ha destacado la importancia de la colaboraci\u00f3n constante y profunda que vienen manteniendo la Diputaci\u00f3n y la Guardia Civil, consolid\u00e1ndose y creciendo a lo largo del tiempo. En este sentido, Caba\u00f1ero ha destacado que \u00abla alianza\u201d entre ambas partes es m\u00e1s que una medida de apoyo, conformando \u201cuna estrategia integral para mejorar la calidad de vida y la seguridad en nuestra provincia, especialmente, en \u00e1reas rurales donde el bienestar comunitario est\u00e1 intr\u00ednsecamente ligado a la capacidad y condiciones de nuestras instalaciones de seguridad\u00bb.<\/p>\n<p style=\"text-align: justify;\">Cooperaci\u00f3n institucional diversa y constante<\/p>\n<p style=\"text-align: justify;\">As\u00ed, adem\u00e1s de con esta intervenci\u00f3n, la Diputaci\u00f3n de Albacete viene demostrado un compromiso continuo con la mejora de infraestructuras de seguridad en la provincia, invirtiendo este a\u00f1o alrededor de 70.000 euros en el acondicionamiento de siete acuartelamientos de la Guardia Civil m\u00e1s, abarcando desde ampliaciones de infraestructura hasta mejoras en sistemas de abastecimiento de agua y evacuaci\u00f3n.<\/p>\n<p style=\"text-align: justify;\">Un esfuerzo conjunto que se enmarca en el convenio de colaboraci\u00f3n que el Gobierno de la Diputaci\u00f3n y la Direcci\u00f3n General de la Guardia Civil rubricaron en 2022 y que, desde entonces, viene traduci\u00e9ndose en mejoras diversas en distintos cuarteles del territorio, contribuyendo con ello a la vertebraci\u00f3n territorial y a incrementar la calidad de vida de quienes viven o desarrollan sus actividades profesionales en el medio rural.<\/p>\n<p style=\"text-align: justify;\">Durante la visita, que coincide con las destacadas y muy participativas \u2018Fiestas de Agosto\u2019 en la localidad, el presidente ha transmitido un mensaje de felicitaci\u00f3n a su poblaci\u00f3n y al buen n\u00famero de visitantes que se acercan a disfrutar de estas celebraciones, inst\u00e1ndoles a hacerlo con la tranquilidad de que \u00absu seguridad est\u00e1 siendo reforzada con esfuerzos continuos y coordinados\u00bb donde la Guardia Civil es determinante.<\/p>\n<p style=\"text-align: justify;\">Abierta a seguir \u2018sumando\u2019 con el cuerpo de la benem\u00e9rita, tambi\u00e9n desde el punto de vista del apoyo m\u00e1s t\u00e9cnico que se hace imprescindible para impulsar las obras, la Diputaci\u00f3n de Albacete reafirma su compromiso no s\u00f3lo con las mejoras tangibles en este tipo de infraestructuras, sino con el apoyo constante a la Guardia Civil en su labor esencial de protecci\u00f3n ciudadana.<\/p>\n<p><!--publicidad-voz03--><a href=\"https:\/\/www.facebook.com\/profile.php?id=100063593791305&amp;locale=es_ES\"><img decoding=\"async\" class=\"alignnone size-medium\" src=\"https:\/\/blogger.googleusercontent.com\/img\/b\/R29vZ2xl\/AVvXsEi8_n_ll8UOcGxCqzFvb_9Io4ICczlGC990BPtPj2w9Px-u7B3oqWUW5vtjZUqPNJ-nyjiUIorE0ATsib_l5tV8BVN-UJ03RTnU__IHJF_4DgDBtY4LIqXNG-FomrO-7ywes20CBCRM2Hcm7EJSh3UUw1dO-c_uTflUrtgY1i7uBRezj_DpympmEFkfbQY\/s1600\/logo-principal2.jpg\" width=\"100%\" height=\"100\" \/><\/a><!--bestpublic-voz03--><!--desk-in-out-voz03--><br \/>\n<!--publicidad-voz04--><a href=\"https:\/\/www.facebook.com\/profile.php?id=61557370768692&amp;locale=es_ES\"><img decoding=\"async\" class=\"alignnone size-medium\" src=\"https:\/\/blogger.googleusercontent.com\/img\/b\/R29vZ2xl\/AVvXsEgy5RdcfffrnrItnYTcV9bCJjgJwldsQLWssfVfrLbyfXeBNTFKgBf0rMIvhrUaGUhiXzVr9_eQgCbi-j63ZDpfTvLIty9w7s140y-m1yHe7eKmEK7v2NAHUJDVYGdfeiQFeRCqUjdwWmN1MX_AUxxz4IVdJ4WIM0APxit8bjWkXzrnEFGqBvW_1F13H1g\/s1600\/logo-principal5.jpg\" width=\"100%\" height=\"100\" \/><\/a><!--bestpublic-voz04--><!--desk-in-out-voz04--><br \/>\n<!--publicidad-voz05--><a href=\"https:\/\/www.facebook.com\/asociaciontamborileroshellin?locale=es_ES\"><img decoding=\"async\" class=\"alignnone size-medium\" src=\"https:\/\/blogger.googleusercontent.com\/img\/b\/R29vZ2xl\/AVvXsEhHEEpZsKK1VpwiYMrS7aE2ujtqIDZoLd4B5wtbiseSU9s2HdTdQfhF84So2XwEB1fv0BLw95GADm6hUl1bkKtzh-eIgVigXONuu_5RxeIMPhjk8q6uNX4EaEHbooKkbu7pCADWPpVJjhKIH5NQSJpWqedC-YBez4QAQeJYokkLot9bhrIaUAeztsGis6M\/s1600\/logo-principal3.jpg\" width=\"100%\" height=\"100\" \/><\/a><!--bestpublic-voz05--><!--desk-in-out-voz05--><br \/>\n<!--publicidad-voz06--><!--bestpublic-voz06--><!--desk-in-out-voz06--><br \/>\n<!--publicidad-voz07--><!--bestpublic-voz07--><!--desk-in-out-voz07--><br \/>\n<!--publicidad-voz08--><!--bestpublic-voz08--><!--desk-in-out-voz08--><br \/>\n<!--publicidad-voz09--><!--bestpublic-voz09--><!--desk-in-out-voz09--><br \/>\n<!--publicidad-voz10--><!--bestpublic-voz10--><!--desk-in-out-voz10--><br \/>\n<!--publicidad-voz11--><!--bestpublic-voz11--><!--desk-in-out-voz11--><br \/>\n<!--publicidad-voz12--><!--bestpublic-voz12--><!--desk-in-out-voz12--><br \/>\n<!--publicidad-voz13--><!--bestpublic-voz13--><!--desk-in-out-voz13--><br \/>\n<!--publicidad-voz14--><!--bestpublic-voz14--><!--desk-in-out-voz14--><br \/>\n<!--publicidad-voz15--><!--bestpublic-voz15--><!--desk-in-out-voz15--><br \/>\n<!--publicidad-voz16--><!--bestpublic-voz16--><!--desk-in-out-voz16--><\/p>\n","protected":false},"excerpt":{"rendered":"<p>El presidente de la Diputaci\u00f3n de Albacete, Santi Caba\u00f1ero, ha visitado Nerpio este lunes para comprobar la evoluci\u00f3n de las actuaciones de mejora que se est\u00e1n desarrollando en el cuartel&#8230;<\/p>\n","protected":false},"author":2,"featured_media":152327,"comment_status":"closed","ping_status":"closed","sticky":false,"template":"","format":"standard","meta":{"footnotes":""},"categories":[755,718,715,716,717],"tags":[],"class_list":["post-152326","post","type-post","status-publish","format-standard","has-post-thumbnail","hentry","category-blog-lv036","category-blogger","category-la-voz-de-hellin","category-la-voz-de-hellin-la-voz-de-hellin","category-noticias"],"_links":{"self":[{"href":"https:\/\/lavozdehellin.com\/noticias\/wp-json\/wp\/v2\/posts\/152326","targetHints":{"allow":["GET"]}}],"collection":[{"href":"https:\/\/lavozdehellin.com\/noticias\/wp-json\/wp\/v2\/posts"}],"about":[{"href":"https:\/\/lavozdehellin.com\/noticias\/wp-json\/wp\/v2\/types\/post"}],"author":[{"embeddable":true,"href":"https:\/\/lavozdehellin.com\/noticias\/wp-json\/wp\/v2\/users\/2"}],"replies":[{"embeddable":true,"href":"https:\/\/lavozdehellin.com\/noticias\/wp-json\/wp\/v2\/comments?post=152326"}],"version-history":[{"count":0,"href":"https:\/\/lavozdehellin.com\/noticias\/wp-json\/wp\/v2\/posts\/152326\/revisions"}],"wp:featuredmedia":[{"embeddable":true,"href":"https:\/\/lavozdehellin.com\/noticias\/wp-json\/wp\/v2\/media\/152327"}],"wp:attachment":[{"href":"https:\/\/lavozdehellin.com\/noticias\/wp-json\/wp\/v2\/media?parent=152326"}],"wp:term":[{"taxonomy":"category","embeddable":true,"href":"https:\/\/lavozdehellin.com\/noticias\/wp-json\/wp\/v2\/categories?post=152326"},{"taxonomy":"post_tag","embeddable":true,"href":"https:\/\/lavozdehellin.com\/noticias\/wp-json\/wp\/v2\/tags?post=152326"}],"curies":[{"name":"wp","href":"https:\/\/api.w.org\/{rel}","templated":true}]}}