{"id":152753,"date":"2024-09-12T17:41:17","date_gmt":"2024-09-12T15:41:17","guid":{"rendered":"https:\/\/lavozdehellin.com\/noticias\/?p=152753"},"modified":"2024-09-16T18:29:28","modified_gmt":"2024-09-16T16:29:28","slug":"v09-060-cabanero-destaca-el-protagonismo-imprescindible-del-tejido-social-haciendo-una-feria-de-albacete-mas-inclusiva-y-solidaria","status":"publish","type":"post","link":"https:\/\/lavozdehellin.com\/noticias\/v09-060-cabanero-destaca-el-protagonismo-imprescindible-del-tejido-social-haciendo-una-feria-de-albacete-mas-inclusiva-y-solidaria\/","title":{"rendered":"LVH NOTICIAS | CABA\u00d1ERO DESTACA EL PROTAGONISMO IMPRESCINDIBLE DEL TEJIDO SOCIAL HACIENDO UNA FERIA DE ALBACETE M\u00c1S INCLUSIVA Y SOLIDARIA"},"content":{"rendered":"<p style=\"text-align: justify;\">Como viene sucediendo cada a\u00f1o durante los \u2018d\u00edas grandes\u2019 de Albacete, el presidente de la Diputaci\u00f3n, Santi Caba\u00f1ero, ha visitado junto al presidente de Castilla-La Mancha, Emiliano Garc\u00eda-Page, los estands de diversos colectivos sociales, (especialmente, del \u00e1mbito sociosanitario) que, estas jornadas, trasladan su \u2018casa\u2019 al Recinto Ferial.<\/p>\n<p><!--more--><br \/>\n<!--publicidad-voz01--><a href=\"https:\/\/www.facebook.com\/SoloRadioHellin\/?locale=es_ES\"><img decoding=\"async\" class=\"alignnone size-medium\" src=\"https:\/\/blogger.googleusercontent.com\/img\/b\/R29vZ2xl\/AVvXsEiNncirNnyGedv00mhjZjh5Wl4_YPdJGanoAl8tL8zH-HwqE8uHqjEfSt340RHdx-9tuCSIkZ8rFamZiGyYlgDGxCsmXjCH_1xk5eYM3ntFZRvJP_jndOKR7w1UAo9Tu0vrZyOLfqRpHIxYI5SymJJ-pfGCQw6QVpggBH-UgfjiFQ2JOxqxG0Jx94kW83c\/s1600\/logo-principal.jpg\" width=\"100%\" height=\"100\" \/><\/a><!--bestpublic-voz01--><!--desk-in-out-voz01--><br \/>\n<!--publicidad-voz02--><a href=\"https:\/\/www.hellincf.com\/\"><img decoding=\"async\" class=\"alignnone size-medium\" src=\"https:\/\/blogger.googleusercontent.com\/img\/b\/R29vZ2xl\/AVvXsEhuZ4-XfBVj3UtdP8-RZugy3WVrg-Zv28c53m4oV47qYCxL1rX_dqWX_YddsGSnpH5SRDqZ7bZeKPIfDVCDncpjVlhy3aQs2vojcJBn7Gdv9hC2_Nzct_pRFrnFE1a7KTCdY1bT_kAgnY3-iadRZrGeJf1fR2P5fu11bokx0pWjaypoy-ctwCjklldpEbA\/s1600\/logo-principal7.jpg\" width=\"100%\" height=\"100\" \/><\/a><!--bestpublic-voz02--><!--desk-in-out-voz02--><\/p>\n<p style=\"text-align: justify;\">Una visita que ha resaltado la labor que desempe\u00f1an estas entidades, llenando de actividad, activismo social y solidaridad una Feria de Albacete m\u00e1s abierta y humana gracias a su presencia, como les ha transmitido Caba\u00f1ero a sus protagonistas, m\u00e1s si cabe, coincidiendo con la conmemoraci\u00f3n este 12 de septiembre del \u2018D\u00eda de la Discapacidad\u2019 en la Feria, que pone en el centro a las personas con discapacidad y a las asociaciones que trabajan para mejorar su calidad de vida diariamente durante todo el a\u00f1o.<\/p>\n<p style=\"text-align: justify;\">En este sentido, el Gobierno de la Diputaci\u00f3n de Albacete, firme en su apoyo al tejido asociativo provincial, ha destinado un 16% de su Convocatoria de Ayudas de 2024, equivalentes a 380.000 euros, a entidades que desarrollan proyectos vinculados a la discapacidad. Este porcentaje se complementa con un 8% dirigido a iniciativas relativas a discapacidades auditivas y un 6% para propuestas que unen deporte y discapacidad.<\/p>\n<p style=\"text-align: justify;\">As\u00ed, en total, cerca del 30% de las ayudas provinciales a asociaciones sociosanitarias se han dirigido a organizaciones que mejoran la vida de las personas con discapacidad en la provincia.<\/p>\n<p style=\"text-align: justify;\">Durante la visita, Santi Caba\u00f1ero y Emiliano Garc\u00eda-Page han recorrido los estands de entidades como ASPRONA, COCEMFE, UNO M\u00c1S, ADISCAM, AFA Alzheimer, AFANION \u2013 Ni\u00f1os con C\u00e1ncer, PARKINSON, ASAPA \u2013 UPA \u2013 Apicultura, ADACE \u2013 Da\u00f1o Cerebral, Asociaci\u00f3n de Turismo Rural de la Manchuela, Tel\u00e9fono de la Esperanza, Hermandad de Donantes de Sangre, CELIACOS, AMAC \u2013 C\u00e1ncer de Mama, Desarrollo Autismo, Implantados Cocleares, AFAEPS, Federaci\u00f3n Provincial de Asociaciones de Amas de Casa. Caso a caso, han destacado su compromiso y su labor.<\/p>\n<p style=\"text-align: justify;\">El presidente de la Diputaci\u00f3n de Albacete ha reafirmado el compromiso constante de la instituci\u00f3n con el tejido asociativo de la provincia, en particular, con aquellas entidades que trabajan d\u00eda a d\u00eda para mejorar las condiciones de vida de las personas con discapacidad.<\/p>\n<p style=\"text-align: justify;\">Santi Caba\u00f1ero ha subrayado la importancia del respaldo institucional para que las asociaciones puedan seguir desarrollando su labor: \u00abEs fundamental que sigamos apoyando a estos colectivos, cuya dedicaci\u00f3n y esfuerzo contribuyen a hacer de Albacete una provincia m\u00e1s justa, inclusiva y solidaria\u00bb, ha resaltado.<\/p>\n<p style=\"text-align: justify;\">Este encuentro en la Feria de Albacete, de la mano de esta jornada clave en torno a la discapacidad, no s\u00f3lo refuerza el protagonismo en ella del tejido asociativo, sino que refleja el compromiso social con los valores de la inclusi\u00f3n, la solidaridad y el trabajo comunitario.<\/p>\n<p><!--publicidad-voz03--><a href=\"https:\/\/www.facebook.com\/profile.php?id=100063593791305&amp;locale=es_ES\"><img decoding=\"async\" class=\"alignnone size-medium\" src=\"https:\/\/blogger.googleusercontent.com\/img\/b\/R29vZ2xl\/AVvXsEi8_n_ll8UOcGxCqzFvb_9Io4ICczlGC990BPtPj2w9Px-u7B3oqWUW5vtjZUqPNJ-nyjiUIorE0ATsib_l5tV8BVN-UJ03RTnU__IHJF_4DgDBtY4LIqXNG-FomrO-7ywes20CBCRM2Hcm7EJSh3UUw1dO-c_uTflUrtgY1i7uBRezj_DpympmEFkfbQY\/s1600\/logo-principal2.jpg\" width=\"100%\" height=\"100\" \/><\/a><!--bestpublic-voz03--><!--desk-in-out-voz03--><br \/>\n<!--publicidad-voz04--><a href=\"https:\/\/www.facebook.com\/profile.php?id=61557370768692&amp;locale=es_ES\"><img decoding=\"async\" class=\"alignnone size-medium\" src=\"https:\/\/blogger.googleusercontent.com\/img\/b\/R29vZ2xl\/AVvXsEgy5RdcfffrnrItnYTcV9bCJjgJwldsQLWssfVfrLbyfXeBNTFKgBf0rMIvhrUaGUhiXzVr9_eQgCbi-j63ZDpfTvLIty9w7s140y-m1yHe7eKmEK7v2NAHUJDVYGdfeiQFeRCqUjdwWmN1MX_AUxxz4IVdJ4WIM0APxit8bjWkXzrnEFGqBvW_1F13H1g\/s1600\/logo-principal5.jpg\" width=\"100%\" height=\"100\" \/><\/a><!--bestpublic-voz04--><!--desk-in-out-voz04--><br \/>\n<!--publicidad-voz05--><a href=\"https:\/\/www.facebook.com\/asociaciontamborileroshellin?locale=es_ES\"><img decoding=\"async\" class=\"alignnone size-medium\" src=\"https:\/\/blogger.googleusercontent.com\/img\/b\/R29vZ2xl\/AVvXsEhHEEpZsKK1VpwiYMrS7aE2ujtqIDZoLd4B5wtbiseSU9s2HdTdQfhF84So2XwEB1fv0BLw95GADm6hUl1bkKtzh-eIgVigXONuu_5RxeIMPhjk8q6uNX4EaEHbooKkbu7pCADWPpVJjhKIH5NQSJpWqedC-YBez4QAQeJYokkLot9bhrIaUAeztsGis6M\/s1600\/logo-principal3.jpg\" width=\"100%\" height=\"100\" \/><\/a><!--bestpublic-voz05--><!--desk-in-out-voz05--><br \/>\n<!--publicidad-voz06--><!--bestpublic-voz06--><!--desk-in-out-voz06--><br \/>\n<!--publicidad-voz07--><!--bestpublic-voz07--><!--desk-in-out-voz07--><br \/>\n<!--publicidad-voz08--><!--bestpublic-voz08--><!--desk-in-out-voz08--><br \/>\n<!--publicidad-voz09--><!--bestpublic-voz09--><!--desk-in-out-voz09--><br \/>\n<!--publicidad-voz10--><!--bestpublic-voz10--><!--desk-in-out-voz10--><br \/>\n<!--publicidad-voz11--><!--bestpublic-voz11--><!--desk-in-out-voz11--><br \/>\n<!--publicidad-voz12--><!--bestpublic-voz12--><!--desk-in-out-voz12--><br \/>\n<!--publicidad-voz13--><!--bestpublic-voz13--><!--desk-in-out-voz13--><br \/>\n<!--publicidad-voz14--><!--bestpublic-voz14--><!--desk-in-out-voz14--><br \/>\n<!--publicidad-voz15--><!--bestpublic-voz15--><!--desk-in-out-voz15--><br \/>\n<!--publicidad-voz16--><!--bestpublic-voz16--><!--desk-in-out-voz16--><\/p>\n","protected":false},"excerpt":{"rendered":"<p>Como viene sucediendo cada a\u00f1o durante los \u2018d\u00edas grandes\u2019 de Albacete, el presidente de la Diputaci\u00f3n, Santi Caba\u00f1ero, ha visitado junto al presidente de Castilla-La Mancha, Emiliano Garc\u00eda-Page, los estands&#8230;<\/p>\n","protected":false},"author":2,"featured_media":152754,"comment_status":"closed","ping_status":"closed","sticky":false,"template":"","format":"standard","meta":{"footnotes":""},"categories":[756,718,715,716,717],"tags":[],"class_list":["post-152753","post","type-post","status-publish","format-standard","has-post-thumbnail","hentry","category-blog-lv037","category-blogger","category-la-voz-de-hellin","category-la-voz-de-hellin-la-voz-de-hellin","category-noticias"],"_links":{"self":[{"href":"https:\/\/lavozdehellin.com\/noticias\/wp-json\/wp\/v2\/posts\/152753","targetHints":{"allow":["GET"]}}],"collection":[{"href":"https:\/\/lavozdehellin.com\/noticias\/wp-json\/wp\/v2\/posts"}],"about":[{"href":"https:\/\/lavozdehellin.com\/noticias\/wp-json\/wp\/v2\/types\/post"}],"author":[{"embeddable":true,"href":"https:\/\/lavozdehellin.com\/noticias\/wp-json\/wp\/v2\/users\/2"}],"replies":[{"embeddable":true,"href":"https:\/\/lavozdehellin.com\/noticias\/wp-json\/wp\/v2\/comments?post=152753"}],"version-history":[{"count":0,"href":"https:\/\/lavozdehellin.com\/noticias\/wp-json\/wp\/v2\/posts\/152753\/revisions"}],"wp:featuredmedia":[{"embeddable":true,"href":"https:\/\/lavozdehellin.com\/noticias\/wp-json\/wp\/v2\/media\/152754"}],"wp:attachment":[{"href":"https:\/\/lavozdehellin.com\/noticias\/wp-json\/wp\/v2\/media?parent=152753"}],"wp:term":[{"taxonomy":"category","embeddable":true,"href":"https:\/\/lavozdehellin.com\/noticias\/wp-json\/wp\/v2\/categories?post=152753"},{"taxonomy":"post_tag","embeddable":true,"href":"https:\/\/lavozdehellin.com\/noticias\/wp-json\/wp\/v2\/tags?post=152753"}],"curies":[{"name":"wp","href":"https:\/\/api.w.org\/{rel}","templated":true}]}}