{"id":155265,"date":"2025-01-08T12:06:56","date_gmt":"2025-01-08T10:06:56","guid":{"rendered":"https:\/\/lavozdehellin.com\/noticias\/?p=155265"},"modified":"2025-01-08T18:26:41","modified_gmt":"2025-01-08T16:26:41","slug":"v09-541-dame-teta-celebra-su-xx-aniversario-haciendo-tribu-con-un-calendario-que-gracias-al-impulso-de-la-diputacion-de-albacete-ha-llegado-a-toda-la-provincia","status":"publish","type":"post","link":"https:\/\/lavozdehellin.com\/noticias\/v09-541-dame-teta-celebra-su-xx-aniversario-haciendo-tribu-con-un-calendario-que-gracias-al-impulso-de-la-diputacion-de-albacete-ha-llegado-a-toda-la-provincia\/","title":{"rendered":"LVH NOTICIAS | DAME TETA CELEBRA SU XX ANIVERSARIO \u201cHACIENDO TRIBU\u201d CON UN CALENDARIO QUE, GRACIAS AL IMPULSO DE LA DIPUTACI\u00d3N DE ALBACETE, HA LLEGADO A TODA LA PROVINCIA"},"content":{"rendered":"<p style=\"text-align: justify;\">La Diputaci\u00f3n de Albacete ha acogido la presentaci\u00f3n del Calendario 2025 que la Asociaci\u00f3n de Apoyo a la Lactancia Materna Dame Teta ha elaborado en el marco de su XX aniversario, sumando la colaboraci\u00f3n de la instituci\u00f3n provincial para que llegue al conjunto de la geograf\u00eda albacetense.<\/p>\n<p><!--more--><br \/>\n<!--publicidad-voz01--><a href=\"https:\/\/www.facebook.com\/SoloRadioHellin\/?locale=es_ES\"><img decoding=\"async\" class=\"alignnone size-medium\" src=\"https:\/\/blogger.googleusercontent.com\/img\/b\/R29vZ2xl\/AVvXsEiNncirNnyGedv00mhjZjh5Wl4_YPdJGanoAl8tL8zH-HwqE8uHqjEfSt340RHdx-9tuCSIkZ8rFamZiGyYlgDGxCsmXjCH_1xk5eYM3ntFZRvJP_jndOKR7w1UAo9Tu0vrZyOLfqRpHIxYI5SymJJ-pfGCQw6QVpggBH-UgfjiFQ2JOxqxG0Jx94kW83c\/s1600\/logo-principal.jpg\" width=\"100%\" height=\"100\" \/><\/a><!--bestpublic-voz01--><!--desk-in-out-voz01--><br \/>\n<!--publicidad-voz02--><a href=\"https:\/\/www.hellincf.com\/\"><img decoding=\"async\" class=\"alignnone size-medium\" src=\"https:\/\/blogger.googleusercontent.com\/img\/b\/R29vZ2xl\/AVvXsEhuZ4-XfBVj3UtdP8-RZugy3WVrg-Zv28c53m4oV47qYCxL1rX_dqWX_YddsGSnpH5SRDqZ7bZeKPIfDVCDncpjVlhy3aQs2vojcJBn7Gdv9hC2_Nzct_pRFrnFE1a7KTCdY1bT_kAgnY3-iadRZrGeJf1fR2P5fu11bokx0pWjaypoy-ctwCjklldpEbA\/s1600\/logo-principal7.jpg\" width=\"100%\" height=\"100\" \/><\/a><!--bestpublic-voz02--><!--desk-in-out-voz02--><\/p>\n<p style=\"text-align: justify;\">As\u00ed lo han dado a conocer el diputado provincial del \u00c1rea Social, Jos\u00e9 Gonz\u00e1lez, junto a la presidenta de la entidad, Isabel Mart\u00ednez-Acacio, y a una de sus socias y coordinadora del mismo, Estefan\u00eda Segura, quienes han coincidido en apuntar la relevancia de esta efem\u00e9ride y lo id\u00f3neo que es comenzar su conmemoraci\u00f3n con este almanaque editado por la propia Diputaci\u00f3n (500 unidades), a trav\u00e9s de su Servicio de Publicaciones.<\/p>\n<p style=\"text-align: justify;\">Bajo el lema \u2018Haciendo tribu. 20 a\u00f1os de lactancia materna compartida\u2019, los ejemplares han sido distribuidos por los centros de salud y las farmacias de la provincia con la ayuda del SESCAM y el Colegio Oficial de Farmac\u00e9uticos, favoreciendo que se d\u00e9 a conocer la labor divulgativa, informativa y de asesoramiento que lleva a cabo la asociaci\u00f3n.<\/p>\n<p style=\"text-align: justify;\">Una cuesti\u00f3n clave, como ha remarcado Gonz\u00e1lez, apuntando que esto favorece que cada vez m\u00e1s familias, especialmente en las zonas rurales, conozcan los recursos que esta entidad pone a su disposici\u00f3n en materia de lactancia materna, pero tambi\u00e9n en otros \u00e1mbitos vinculados con la maternidad y la crianza, como la conciliaci\u00f3n, \u201ccreando redes de apoyo y poniendo el foco en concienciaci\u00f3n en torno a esto\u201d.<\/p>\n<p style=\"text-align: justify;\">Adem\u00e1s, el diputado del \u00c1rea Social ha dejado claro que el apoyo del Gobierno provincial no pod\u00eda faltar en esta iniciativa \u201cllena de vida y coraz\u00f3n\u201d, remarcando lo relevante que es para la instituci\u00f3n que el calendario llegue a cada rinc\u00f3n de la provincia, especialmente, a los pueblos m\u00e1s peque\u00f1os, y le ha tendido la mano a la presidenta de la asociaci\u00f3n para continuar sumando esfuerzos en esta direcci\u00f3n.<\/p>\n<p style=\"text-align: justify;\">Gonz\u00e1lez felicita a Dame Teta y les reitera el compromiso del Gobierno provincial<\/p>\n<p style=\"text-align: justify;\">Gonz\u00e1lez tambi\u00e9n ha aprovechado la ocasi\u00f3n para felicitar a Dame Teta por estas dos d\u00e9cadas de trabajo, reivindicaciones y conquistas, y ha puesto de manifiesto que esta organizaci\u00f3n y la instituci\u00f3n comparten un objetivo com\u00fan que pasa por mejorar la calidad de vida de la poblaci\u00f3n.<\/p>\n<p style=\"text-align: justify;\">\u201cDesde la Diputaci\u00f3n siempre vamos a estar con el tejido asociativo sociosanitario de la provincia, y m\u00e1s a\u00fan cuando su trabajo llega a todo el territorio; nos gustan estas asociaciones que, aunque nacen la ciudad, crean su red de apoyo a lo largo y ancho de la provincia\u201d, ha apuntado el diputado.<\/p>\n<p style=\"text-align: justify;\">Y, al mismo tiempo, ha querido reconocer el papel de las socias que protagonizan cada uno de los meses de este calendario y tambi\u00e9n el de los fot\u00f3grafos y fot\u00f3grafas que han colaborado en su ejecuci\u00f3n (Sonia Garc\u00eda, Marta Vilar, Fran Jara y Juanfe L\u00f3pez).<\/p>\n<p style=\"text-align: justify;\">Desde Dame Teta agradecen el apoyo a la Diputaci\u00f3n<\/p>\n<p style=\"text-align: justify;\">Por su parte, la presidenta de Dame Teta, Isabel Mart\u00ednez-Acacio, ha comenzado sus palabras agrediendo el apoyo que a lo largo de estas dos d\u00e9cadas han recibido de la Diputaci\u00f3n de Albacete, al tiempo que ha dado a conocer algunos de los actos que han organizado en el marco de este XX aniversario.<\/p>\n<p style=\"text-align: justify;\">As\u00ed, ha explicado que, junto a este calendario, continuar\u00e1n con las charlas que realizan en el Centro Sociocultural Jos\u00e9 Oliva (Barrio del Pilar en Albacete), y han organizado talleres para socias y para asesoras de lactancia. Igualmente, de cara al final del curso, organizar\u00e1n el V Concurso \u2018Dibuja tu lactancia\u2019 en el marco del trabajo que, como ella misma ha detallado, vienen realizando para divulgar y asesorar a familias en esta materia, as\u00ed como para dar a conocer la importancia de la lactancia materna y para trabajar para conseguir la igualdad plena en los derechos de las mujeres.<\/p>\n<p style=\"text-align: justify;\">Isabel Mart\u00ednez-Acacio tambi\u00e9n ha aludido al trabajo que vienen realizando para desterrar t\u00f3picos en estos \u00e1mbitos, como que los alimentos que ingieren las madres cambian el sabor de la leche materna y esto pueden generar rechazo en el ni\u00f1o o ni\u00f1a, \u201cy lo que desde la entidad pretendemos es, a partir de la evidencia cient\u00edfica, dar respuesta a las dudas y consultas que nos llegan\u201d.<\/p>\n<p style=\"text-align: justify;\">Un calendario que destierra mitos<\/p>\n<p style=\"text-align: justify;\">Finalmente, la coordinadora del calendario, Estefan\u00eda Segura, tambi\u00e9n ha querido ensalzar el papel de las socias y los fot\u00f3grafos y fot\u00f3grafas en la elaboraci\u00f3n de este ejemplar, reiterando que a trav\u00e9s de sus p\u00e1ginas tambi\u00e9n se contribuye a desterrar mitos, ya que cada mes aporta informaci\u00f3n y consejos \u00fatiles y pr\u00e1cticos en torno a la crianza.<\/p>\n<p><!--publicidad-voz03--><a href=\"https:\/\/www.facebook.com\/profile.php?id=100063593791305&amp;locale=es_ES\"><img decoding=\"async\" class=\"alignnone size-medium\" src=\"https:\/\/blogger.googleusercontent.com\/img\/b\/R29vZ2xl\/AVvXsEi8_n_ll8UOcGxCqzFvb_9Io4ICczlGC990BPtPj2w9Px-u7B3oqWUW5vtjZUqPNJ-nyjiUIorE0ATsib_l5tV8BVN-UJ03RTnU__IHJF_4DgDBtY4LIqXNG-FomrO-7ywes20CBCRM2Hcm7EJSh3UUw1dO-c_uTflUrtgY1i7uBRezj_DpympmEFkfbQY\/s1600\/logo-principal2.jpg\" width=\"100%\" height=\"100\" \/><\/a><!--bestpublic-voz03--><!--desk-in-out-voz03--><br \/>\n<!--publicidad-voz04--><a href=\"https:\/\/www.facebook.com\/profile.php?id=61557370768692&amp;locale=es_ES\"><img decoding=\"async\" class=\"alignnone size-medium\" src=\"https:\/\/blogger.googleusercontent.com\/img\/b\/R29vZ2xl\/AVvXsEgy5RdcfffrnrItnYTcV9bCJjgJwldsQLWssfVfrLbyfXeBNTFKgBf0rMIvhrUaGUhiXzVr9_eQgCbi-j63ZDpfTvLIty9w7s140y-m1yHe7eKmEK7v2NAHUJDVYGdfeiQFeRCqUjdwWmN1MX_AUxxz4IVdJ4WIM0APxit8bjWkXzrnEFGqBvW_1F13H1g\/s1600\/logo-principal5.jpg\" width=\"100%\" height=\"100\" \/><\/a><!--bestpublic-voz04--><!--desk-in-out-voz04--><br \/>\n<!--publicidad-voz05--><a href=\"https:\/\/www.facebook.com\/asociaciontamborileroshellin?locale=es_ES\"><img decoding=\"async\" class=\"alignnone size-medium\" src=\"https:\/\/blogger.googleusercontent.com\/img\/b\/R29vZ2xl\/AVvXsEhHEEpZsKK1VpwiYMrS7aE2ujtqIDZoLd4B5wtbiseSU9s2HdTdQfhF84So2XwEB1fv0BLw95GADm6hUl1bkKtzh-eIgVigXONuu_5RxeIMPhjk8q6uNX4EaEHbooKkbu7pCADWPpVJjhKIH5NQSJpWqedC-YBez4QAQeJYokkLot9bhrIaUAeztsGis6M\/s1600\/logo-principal3.jpg\" width=\"100%\" height=\"100\" \/><\/a><!--bestpublic-voz05--><!--desk-in-out-voz05--><br \/>\n<!--publicidad-voz06--><!--bestpublic-voz06--><!--desk-in-out-voz06--><br \/>\n<!--publicidad-voz07--><!--bestpublic-voz07--><!--desk-in-out-voz07--><br \/>\n<!--publicidad-voz08--><!--bestpublic-voz08--><!--desk-in-out-voz08--><br \/>\n<!--publicidad-voz09--><!--bestpublic-voz09--><!--desk-in-out-voz09--><br \/>\n<!--publicidad-voz10--><!--bestpublic-voz10--><!--desk-in-out-voz10--><br \/>\n<!--publicidad-voz11--><!--bestpublic-voz11--><!--desk-in-out-voz11--><br \/>\n<!--publicidad-voz12--><!--bestpublic-voz12--><!--desk-in-out-voz12--><br \/>\n<!--publicidad-voz13--><!--bestpublic-voz13--><!--desk-in-out-voz13--><br \/>\n<!--publicidad-voz14--><!--bestpublic-voz14--><!--desk-in-out-voz14--><br \/>\n<!--publicidad-voz15--><!--bestpublic-voz15--><!--desk-in-out-voz15--><br \/>\n<!--publicidad-voz16--><!--bestpublic-voz16--><!--desk-in-out-voz16--><\/p>\n","protected":false},"excerpt":{"rendered":"<p>La Diputaci\u00f3n de Albacete ha acogido la presentaci\u00f3n del Calendario 2025 que la Asociaci\u00f3n de Apoyo a la Lactancia Materna Dame Teta ha elaborado en el marco de su XX&#8230;<\/p>\n","protected":false},"author":2,"featured_media":155266,"comment_status":"closed","ping_status":"closed","sticky":false,"template":"","format":"standard","meta":{"footnotes":""},"categories":[758,718,715,716,717],"tags":[],"class_list":["post-155265","post","type-post","status-publish","format-standard","has-post-thumbnail","hentry","category-blog-lv039","category-blogger","category-la-voz-de-hellin","category-la-voz-de-hellin-la-voz-de-hellin","category-noticias"],"_links":{"self":[{"href":"https:\/\/lavozdehellin.com\/noticias\/wp-json\/wp\/v2\/posts\/155265","targetHints":{"allow":["GET"]}}],"collection":[{"href":"https:\/\/lavozdehellin.com\/noticias\/wp-json\/wp\/v2\/posts"}],"about":[{"href":"https:\/\/lavozdehellin.com\/noticias\/wp-json\/wp\/v2\/types\/post"}],"author":[{"embeddable":true,"href":"https:\/\/lavozdehellin.com\/noticias\/wp-json\/wp\/v2\/users\/2"}],"replies":[{"embeddable":true,"href":"https:\/\/lavozdehellin.com\/noticias\/wp-json\/wp\/v2\/comments?post=155265"}],"version-history":[{"count":0,"href":"https:\/\/lavozdehellin.com\/noticias\/wp-json\/wp\/v2\/posts\/155265\/revisions"}],"wp:featuredmedia":[{"embeddable":true,"href":"https:\/\/lavozdehellin.com\/noticias\/wp-json\/wp\/v2\/media\/155266"}],"wp:attachment":[{"href":"https:\/\/lavozdehellin.com\/noticias\/wp-json\/wp\/v2\/media?parent=155265"}],"wp:term":[{"taxonomy":"category","embeddable":true,"href":"https:\/\/lavozdehellin.com\/noticias\/wp-json\/wp\/v2\/categories?post=155265"},{"taxonomy":"post_tag","embeddable":true,"href":"https:\/\/lavozdehellin.com\/noticias\/wp-json\/wp\/v2\/tags?post=155265"}],"curies":[{"name":"wp","href":"https:\/\/api.w.org\/{rel}","templated":true}]}}