{"id":159830,"date":"2025-08-28T19:09:01","date_gmt":"2025-08-28T17:09:01","guid":{"rendered":"https:\/\/lavozdehellin.com\/noticias\/?p=159830"},"modified":"2025-09-02T19:05:34","modified_gmt":"2025-09-02T17:05:34","slug":"v10-387-lvh-noticias-muevete-el-5-de-septiembre-con-la-segunda-gran-fiesta-del-comercio-y-la-hosteleria-de-hellin","status":"publish","type":"post","link":"https:\/\/lavozdehellin.com\/noticias\/v10-387-lvh-noticias-muevete-el-5-de-septiembre-con-la-segunda-gran-fiesta-del-comercio-y-la-hosteleria-de-hellin\/","title":{"rendered":"LVH NOTICIAS | \u00abMU\u00c9VETE\u00bb EL 5 DE SEPTIEMBRE CON LA SEGUNDA GRAN FIESTA DEL COMERCIO Y LA HOSTELER\u00cdA DE HELL\u00cdN"},"content":{"rendered":"<p style=\"text-align: justify;\">La actuaci\u00f3n de la banda de pop rock RETROPOP dar\u00e1 fin el evento programado por la Concejal\u00eda de Comercio<\/p>\n<p><!--more--><br \/>\n<!--publicidad-voz01--><a href=\"https:\/\/www.facebook.com\/SoloRadioHellin\/?locale=es_ES\"><img decoding=\"async\" class=\"alignnone size-medium\" src=\"https:\/\/blogger.googleusercontent.com\/img\/b\/R29vZ2xl\/AVvXsEiNncirNnyGedv00mhjZjh5Wl4_YPdJGanoAl8tL8zH-HwqE8uHqjEfSt340RHdx-9tuCSIkZ8rFamZiGyYlgDGxCsmXjCH_1xk5eYM3ntFZRvJP_jndOKR7w1UAo9Tu0vrZyOLfqRpHIxYI5SymJJ-pfGCQw6QVpggBH-UgfjiFQ2JOxqxG0Jx94kW83c\/s1600\/logo-principal.jpg\" width=\"100%\" height=\"100\" \/><\/a><!--bestpublic-voz01--><!--desk-in-out-voz01--><br \/>\n<!--publicidad-voz02--><a href=\"https:\/\/www.hellincf.com\/\"><img decoding=\"async\" class=\"alignnone size-medium\" src=\"https:\/\/blogger.googleusercontent.com\/img\/b\/R29vZ2xl\/AVvXsEhuZ4-XfBVj3UtdP8-RZugy3WVrg-Zv28c53m4oV47qYCxL1rX_dqWX_YddsGSnpH5SRDqZ7bZeKPIfDVCDncpjVlhy3aQs2vojcJBn7Gdv9hC2_Nzct_pRFrnFE1a7KTCdY1bT_kAgnY3-iadRZrGeJf1fR2P5fu11bokx0pWjaypoy-ctwCjklldpEbA\/s1600\/logo-principal7.jpg\" width=\"100%\" height=\"100\" \/><\/a><!--bestpublic-voz02--><!--desk-in-out-voz02--><\/p>\n<p style=\"text-align: justify;\">La vuelta al cole vendr\u00e1 precedida por la segunda edici\u00f3n de la Gran Fiesta del Comercio y la Hosteler\u00eda de Hell\u00edn -la primera, recordemos, fue \u00abM\u00f3jate\u00bb en julio-, que tendr\u00e1 lugar el viernes 5 de septiembre, a partir de las 18:00, hasta las 24:00 aproximadamente.<\/p>\n<p style=\"text-align: justify;\">Esta edici\u00f3n se ubica en torno a los comercios y la hosteler\u00eda de la zona del Rabal: calle Sol, Plaza de Victoriano Navarro As\u00edn, Plaza de la iglesia y el Rabal.<\/p>\n<p style=\"text-align: justify;\">Raquel Tom\u00e1s, concejal de Comercio, ha presentado una jornada vespertina, que tendr\u00e1 una previa la tarde noche del jueves 4, con 2 conciertos informales de Juventud Musical Hell\u00edn y la Uni\u00f3n Musical Santa Cecilia en la Plaza de la Iglesia.<\/p>\n<p style=\"text-align: justify;\">Ser\u00e1 el d\u00eda 5 por la tarde cuando se concentrar\u00e1n la gran mayor\u00eda de actos: m\u00fasica de la mano de djs; atracciones para ni\u00f1os, gratuitas presentando el preceptivo cup\u00f3n del comercio; y un fotomat\u00f3n, igualmente gratuito.<\/p>\n<p style=\"text-align: justify;\">La hosteler\u00eda montar\u00e1 sus terrazas en las calles, donde tambi\u00e9n tendr\u00e1 su espacio un mercado de artesan\u00eda. Las actuaciones en directo vendr\u00e1n a cargo de las escuelas de baile locales: HUD, Jennifer S\u00e1nchez y STG.<\/p>\n<p style=\"text-align: justify;\">El gran colof\u00f3n vendr\u00e1 de la mano de RETROPOP, una banda con m\u00e1s de diez a\u00f1os de andadura, que cuenta con un amplio repertorio de versiones de la mejor m\u00fasica espa\u00f1ola de los 80, 90 y 2000. La actuaci\u00f3n, con entrada libre, est\u00e1 programada a las 22:00, en los aleda\u00f1os de la farola del Ayuntamiento, lo que permitir\u00e1 ser visible desde la calle Sol, la Plaza de la Iglesia y el Rabal.<\/p>\n<p><!--publicidad-voz03--><a href=\"https:\/\/www.facebook.com\/profile.php?id=100063593791305&amp;locale=es_ES\"><img decoding=\"async\" class=\"alignnone size-medium\" src=\"https:\/\/blogger.googleusercontent.com\/img\/b\/R29vZ2xl\/AVvXsEi8_n_ll8UOcGxCqzFvb_9Io4ICczlGC990BPtPj2w9Px-u7B3oqWUW5vtjZUqPNJ-nyjiUIorE0ATsib_l5tV8BVN-UJ03RTnU__IHJF_4DgDBtY4LIqXNG-FomrO-7ywes20CBCRM2Hcm7EJSh3UUw1dO-c_uTflUrtgY1i7uBRezj_DpympmEFkfbQY\/s1600\/logo-principal2.jpg\" width=\"100%\" height=\"100\" \/><\/a><!--bestpublic-voz03--><!--desk-in-out-voz03--><br \/>\n<!--publicidad-voz04--><a href=\"https:\/\/www.facebook.com\/profile.php?id=61557370768692&amp;locale=es_ES\"><img decoding=\"async\" class=\"alignnone size-medium\" src=\"https:\/\/blogger.googleusercontent.com\/img\/b\/R29vZ2xl\/AVvXsEgy5RdcfffrnrItnYTcV9bCJjgJwldsQLWssfVfrLbyfXeBNTFKgBf0rMIvhrUaGUhiXzVr9_eQgCbi-j63ZDpfTvLIty9w7s140y-m1yHe7eKmEK7v2NAHUJDVYGdfeiQFeRCqUjdwWmN1MX_AUxxz4IVdJ4WIM0APxit8bjWkXzrnEFGqBvW_1F13H1g\/s1600\/logo-principal5.jpg\" width=\"100%\" height=\"100\" \/><\/a><!--bestpublic-voz04--><!--desk-in-out-voz04--><br \/>\n<!--publicidad-voz05--><a href=\"https:\/\/www.facebook.com\/asociaciontamborileroshellin?locale=es_ES\"><img decoding=\"async\" class=\"alignnone size-medium\" src=\"https:\/\/blogger.googleusercontent.com\/img\/b\/R29vZ2xl\/AVvXsEhHEEpZsKK1VpwiYMrS7aE2ujtqIDZoLd4B5wtbiseSU9s2HdTdQfhF84So2XwEB1fv0BLw95GADm6hUl1bkKtzh-eIgVigXONuu_5RxeIMPhjk8q6uNX4EaEHbooKkbu7pCADWPpVJjhKIH5NQSJpWqedC-YBez4QAQeJYokkLot9bhrIaUAeztsGis6M\/s1600\/logo-principal3.jpg\" width=\"100%\" height=\"100\" \/><\/a><!--bestpublic-voz05--><!--desk-in-out-voz05--><br \/>\n<!--publicidad-voz06--><!--bestpublic-voz06--><!--desk-in-out-voz06--><br \/>\n<!--publicidad-voz07--><!--bestpublic-voz07--><!--desk-in-out-voz07--><br \/>\n<!--publicidad-voz08--><!--bestpublic-voz08--><!--desk-in-out-voz08--><br \/>\n<!--publicidad-voz09--><!--bestpublic-voz09--><!--desk-in-out-voz09--><br \/>\n<!--publicidad-voz10--><!--bestpublic-voz10--><!--desk-in-out-voz10--><br \/>\n<!--publicidad-voz11--><!--bestpublic-voz11--><!--desk-in-out-voz11--><br \/>\n<!--publicidad-voz12--><!--bestpublic-voz12--><!--desk-in-out-voz12--><br \/>\n<!--publicidad-voz13--><!--bestpublic-voz13--><!--desk-in-out-voz13--><br \/>\n<!--publicidad-voz14--><!--bestpublic-voz14--><!--desk-in-out-voz14--><br \/>\n<!--publicidad-voz15--><!--bestpublic-voz15--><!--desk-in-out-voz15--><br \/>\n<!--publicidad-voz16--><!--bestpublic-voz16--><!--desk-in-out-voz16--><\/p>\n","protected":false},"excerpt":{"rendered":"<p>La actuaci\u00f3n de la banda de pop rock RETROPOP dar\u00e1 fin el evento programado por la Concejal\u00eda de Comercio<\/p>\n","protected":false},"author":2,"featured_media":159833,"comment_status":"closed","ping_status":"closed","sticky":false,"template":"","format":"standard","meta":{"footnotes":""},"categories":[761,718,715,716,717],"tags":[],"class_list":["post-159830","post","type-post","status-publish","format-standard","has-post-thumbnail","hentry","category-blog-lv042","category-blogger","category-la-voz-de-hellin","category-la-voz-de-hellin-la-voz-de-hellin","category-noticias"],"_links":{"self":[{"href":"https:\/\/lavozdehellin.com\/noticias\/wp-json\/wp\/v2\/posts\/159830","targetHints":{"allow":["GET"]}}],"collection":[{"href":"https:\/\/lavozdehellin.com\/noticias\/wp-json\/wp\/v2\/posts"}],"about":[{"href":"https:\/\/lavozdehellin.com\/noticias\/wp-json\/wp\/v2\/types\/post"}],"author":[{"embeddable":true,"href":"https:\/\/lavozdehellin.com\/noticias\/wp-json\/wp\/v2\/users\/2"}],"replies":[{"embeddable":true,"href":"https:\/\/lavozdehellin.com\/noticias\/wp-json\/wp\/v2\/comments?post=159830"}],"version-history":[{"count":0,"href":"https:\/\/lavozdehellin.com\/noticias\/wp-json\/wp\/v2\/posts\/159830\/revisions"}],"wp:featuredmedia":[{"embeddable":true,"href":"https:\/\/lavozdehellin.com\/noticias\/wp-json\/wp\/v2\/media\/159833"}],"wp:attachment":[{"href":"https:\/\/lavozdehellin.com\/noticias\/wp-json\/wp\/v2\/media?parent=159830"}],"wp:term":[{"taxonomy":"category","embeddable":true,"href":"https:\/\/lavozdehellin.com\/noticias\/wp-json\/wp\/v2\/categories?post=159830"},{"taxonomy":"post_tag","embeddable":true,"href":"https:\/\/lavozdehellin.com\/noticias\/wp-json\/wp\/v2\/tags?post=159830"}],"curies":[{"name":"wp","href":"https:\/\/api.w.org\/{rel}","templated":true}]}}