{"id":160179,"date":"2025-09-01T08:44:53","date_gmt":"2025-09-01T06:44:53","guid":{"rendered":"https:\/\/lavozdehellin.com\/noticias\/?p=160179"},"modified":"2025-09-04T16:09:30","modified_gmt":"2025-09-04T14:09:30","slug":"v10-397-lvh-noticias-jesus-angel-rodriguez-y-ma-angeles-magan-vencen-en-la-gineta","status":"publish","type":"post","link":"https:\/\/lavozdehellin.com\/noticias\/v10-397-lvh-noticias-jesus-angel-rodriguez-y-ma-angeles-magan-vencen-en-la-gineta\/","title":{"rendered":"LVH NOTICIAS | JES\u00daS \u00c1NGEL RODR\u00cdGUEZ Y M\u00aa \u00c1NGELES MAG\u00c1N VENCEN EN LA GINETA"},"content":{"rendered":"<p style=\"text-align: justify;\">Ambos atletas no dan opciones a sus rivales, ganan con una superioridad manifiesta y mantienen su dominio en La Gineta.<\/p>\n<p><!--more--><br \/>\n<!--publicidad-voz01--><a href=\"https:\/\/www.facebook.com\/SoloRadioHellin\/?locale=es_ES\"><img decoding=\"async\" class=\"alignnone size-medium\" src=\"https:\/\/blogger.googleusercontent.com\/img\/b\/R29vZ2xl\/AVvXsEiNncirNnyGedv00mhjZjh5Wl4_YPdJGanoAl8tL8zH-HwqE8uHqjEfSt340RHdx-9tuCSIkZ8rFamZiGyYlgDGxCsmXjCH_1xk5eYM3ntFZRvJP_jndOKR7w1UAo9Tu0vrZyOLfqRpHIxYI5SymJJ-pfGCQw6QVpggBH-UgfjiFQ2JOxqxG0Jx94kW83c\/s1600\/logo-principal.jpg\" width=\"100%\" height=\"100\" \/><\/a><!--bestpublic-voz01--><!--desk-in-out-voz01--><br \/>\n<!--publicidad-voz02--><a href=\"https:\/\/www.hellincf.com\/\"><img decoding=\"async\" class=\"alignnone size-medium\" src=\"https:\/\/blogger.googleusercontent.com\/img\/b\/R29vZ2xl\/AVvXsEhuZ4-XfBVj3UtdP8-RZugy3WVrg-Zv28c53m4oV47qYCxL1rX_dqWX_YddsGSnpH5SRDqZ7bZeKPIfDVCDncpjVlhy3aQs2vojcJBn7Gdv9hC2_Nzct_pRFrnFE1a7KTCdY1bT_kAgnY3-iadRZrGeJf1fR2P5fu11bokx0pWjaypoy-ctwCjklldpEbA\/s1600\/logo-principal7.jpg\" width=\"100%\" height=\"100\" \/><\/a><!--bestpublic-voz02--><!--desk-in-out-voz02--><\/p>\n<p style=\"text-align: justify;\">Jes\u00fas \u00c1ngel Rodr\u00edguez S\u00e1nchez (Club de Atletismo Albacete-Diputaci\u00f3n) y Mar\u00eda de los \u00c1ngeles Mag\u00e1n Talavera (Atletismo Club Polideportivo La Roda) subieron a lo m\u00e1s alto del p\u00f3dium en la XVI Carrera Popular de La Gineta. Los favoritos no fallaron y sumaron as\u00ed un nuevo triunfo en la 32\u00aa cita de la temporada en el XXIV Circuito Provincial de Carreras Populares que organiza la Diputaci\u00f3n de Albacete.<\/p>\n<p style=\"text-align: justify;\">M\u00e1s de 800 corredores estuvieron presentes en una nueva fiesta del atletismo provincial, una carrera de 10 kil\u00f3metros que no defraud\u00f3, pese a las altas temperaturas. Jes\u00fas \u00c1ngel Rodr\u00edguez demostr\u00f3 una vez m\u00e1s su indiscutible calidad. El atleta de Elche de la Sierra logr\u00f3 su cuarta victoria en La Gineta y cuarta tambi\u00e9n de la temporada en el Circuito Provincial. Y lo hizo con una gran superioridad, llegando a meta con cerca de un minuto y medio de ventaja sobre el marroqu\u00ed Youness Marofit, que no tuvo opciones de disputarle el triunfo en ning\u00fan momento. Antonio Davia Iniesta, campe\u00f3n de esta prueba en 2023, complet\u00f3 el p\u00f3dium masculino en La Gineta.<\/p>\n<p style=\"text-align: justify;\">En la categor\u00eda femenina, M\u00aa \u00c1ngeles Mag\u00e1n no dio opciones a sus rivales. La corredora de Madrigueras, que atraviesa un excelente estado de forma, puso un fuerte ritmo desde la primera zancada, siendo la \u00fanica corredora capaz de completar los 10.000 metros del recorrido por debajo de cuarenta minutos. Su ventaja en meta, cercana a los dos minutos, son un claro ejemplo del dominio mostrado por la corredora del Atletismo C.P. La Roda. Con esta victoria, Mag\u00e1n ya suma 11 en el Circuito Provincial. Adem\u00e1s, sigue como la \u2018reina\u2019 de La Gineta, pues es su s\u00e9ptimo triunfo en esta localidad.<\/p>\n<p style=\"text-align: justify;\">La emoci\u00f3n en la categor\u00eda femenina estuvo en la lucha por el resto de cajones del p\u00f3dium, pues M\u00aa Carmen Risue\u00f1o S\u00e1nchez, Eva Moreno S\u00e1nchez y Sandra Ruiz Picazo protagonizaron una bonita pugna que no se resolvi\u00f3 hasta el mism\u00edsimo arco de meta. Solamente seis segundos separaron a las tres atletas, que entraron con el orden mencionado.<\/p>\n<p style=\"text-align: justify;\">En la I Carrera Popular de Iniciaci\u00f3n, sobre una distancia de 5 kil\u00f3metros, el campe\u00f3n fue Javier Rodr\u00edguez Montero (C.A. Torrijos), acompa\u00f1ado en el p\u00f3dium por Asier Medina Moratalla (C.A. Tres Leguas de Villamalea) y Miguel \u00c1ngel Rodr\u00edguez Guerrero (C.A. Aguas Nuevas). En la categor\u00eda femenina venci\u00f3 Jessica Plaza Pinel (Runners San Miguel), con Vanesa Ruiz T\u00f3rtola (C.A. Iniesta) en la segunda plaza y Mar\u00eda Lozano Mota (Independiente) en tercer lugar.<\/p>\n<p style=\"text-align: justify;\">I\u00f1aki Del R\u00edo Montojo (Ej\u00e9rcito del Aire Ala 11) recibi\u00f3 el premio de la Hermandad de Donantes de Sangre de Albacete al cruzar la l\u00ednea de meta en la posici\u00f3n 71. Por su parte, Jes\u00fas \u00c1ngel Rodr\u00edguez S\u00e1nchez (C.A. Albacete-Diputaci\u00f3n), primer clasificado de la categor\u00eda Senior Masculino, recibi\u00f3 el vale valorado en 100 euros de Studio Pilates Nieves Aza\u00f1a que se entrega en cada una de las carreras del Circuito Provincial. Jos\u00e9 S\u00e1nchez Plaza, alcalde de La Gineta, complet\u00f3 la Carrera de Iniciaci\u00f3n, mientras que Daniel Sancha Ca\u00f1adas, diputado de Deportes, hizo lo mismo en la prueba principal.<\/p>\n<p style=\"text-align: justify;\">Pr\u00f3xima carrera en Ossa de Montiel<\/p>\n<p style=\"text-align: justify;\">La XV Carrera Popular de Ossa de Montiel ser\u00e1 la 33\u00aa prueba de la temporada en el XXIV Circuito Provincial de Carreras Populares. La carrera se celebrar\u00e1 el s\u00e1bado d\u00eda 6 de septiembre, a partir de las 18:40 horas, con salida y meta en el Camping Los Batanes y una distancia de 15 kil\u00f3metros. De forma paralela se celebrar\u00e1 la I Carrera de Iniciaci\u00f3n, una prueba que en este caso contar\u00e1 con un recorrido de 5\u20195 kil\u00f3metros. Como es habitual, las inscripciones para esta prueba estar\u00e1n abiertas hasta el jueves 4 de septiembre a las 15:00 horas. Tras la cita de Ossa de Montiel, el Circuito Provincial se tomar\u00e1 un descanso de una semana con motivo de la Feria de Albacete.<\/p>\n<p style=\"text-align: justify;\">CLASIFICACIONES XVI CARRERA POPULAR DE LA GINETA<\/p>\n<p style=\"text-align: justify;\">&#8211; HOMBRES &#8211;<\/p>\n<p style=\"text-align: justify;\">Nombre Club Tiempo Ritmo<\/p>\n<p style=\"text-align: justify;\">1\u00ba.- Jes\u00fas \u00c1. Rodr\u00edguez S\u00e1nchez C.A. Albacete-Diputaci\u00f3n 30:46 3:05<\/p>\n<p style=\"text-align: justify;\">2\u00ba.- Youness Marofit 27 de Agosto Madrigueras 32:08 3:13<\/p>\n<p style=\"text-align: justify;\">3\u00ba.- Antonio Davia Iniesta Independiente 34:23 3:26<\/p>\n<p style=\"text-align: justify;\">4\u00ba.- David S\u00e1nchez Pe\u00f1a C.A. Tobarra 34:42 3:28<\/p>\n<p style=\"text-align: justify;\">5\u00ba.- Ra\u00fal Picazo Carrilero Independiente 34:45 3:29<\/p>\n<p style=\"text-align: justify;\">6\u00ba.- Jes\u00fas Montejano Pati\u00f1o C.A. La Ca\u00f1ada-La Roda 35:01 3:30<\/p>\n<p style=\"text-align: justify;\">7\u00ba.- Javier Oliva Rodr\u00edguez C.A. Hell\u00edn 35:19 3:32<\/p>\n<p style=\"text-align: justify;\">8\u00ba.- Mario Mart\u00ednez Vizca\u00edno C.D. Running Albacete 35:23 3:32<\/p>\n<p style=\"text-align: justify;\">9\u00ba.- Jaime Requena S\u00e1nchez C.A. Hell\u00edn 36:10 3:37<\/p>\n<p style=\"text-align: justify;\">10\u00ba.- Jos\u00e9 Luis Serrano Arteseros EQTR-Rodacal Beyem 36:21 3:38<\/p>\n<p style=\"text-align: justify;\">&#8211; MUJERES &#8211;<\/p>\n<p style=\"text-align: justify;\">Nombre Club Tiempo Ritmo<\/p>\n<p style=\"text-align: justify;\">1\u00aa.- M\u00aa \u00c1ngeles Mag\u00e1n Talavera Atletismo C.P. La Roda 39:20 3:56<\/p>\n<p style=\"text-align: justify;\">2\u00aa.- M\u00aa Carmen Risue\u00f1o S\u00e1nchez C.A. Kronos 41:16 4:08<\/p>\n<p style=\"text-align: justify;\">3\u00aa.- Eva Moreno S\u00e1nchez C.A. Hell\u00edn 41:20 4:08<\/p>\n<p style=\"text-align: justify;\">4\u00aa.- Sandra Ruiz Picazo San Blas Elche de la Sierra 41:22 4:08<\/p>\n<p style=\"text-align: justify;\">5\u00aa.- Eva Pareja Garc\u00eda C.A. Chinchilla 41:48 4:11<\/p>\n<p style=\"text-align: justify;\">6\u00aa.- Rebeca Juncos Alfaro C.A. Navas de Jorquera 42:19 4:14<\/p>\n<p style=\"text-align: justify;\">7\u00aa.- Irene Requena Navarro CAYT Valdeganga 44:38 4:28<\/p>\n<p style=\"text-align: justify;\">8\u00aa.- Beatriz Navarro Mart\u00ednez C.A. Hell\u00edn 45:11 4:31<\/p>\n<p style=\"text-align: justify;\">9\u00aa.- Mar\u00eda Lozano Ortiz EQTR-Rodacal Beyem 45:42 4:34<\/p>\n<p style=\"text-align: justify;\">10\u00aa.- Marisa Morcillo Gonz\u00e1lez C.A. Albacete-Diputaci\u00f3n 46:02 4:36<\/p>\n<p><!--publicidad-voz03--><a href=\"https:\/\/www.facebook.com\/profile.php?id=100063593791305&amp;locale=es_ES\"><img decoding=\"async\" class=\"alignnone size-medium\" src=\"https:\/\/blogger.googleusercontent.com\/img\/b\/R29vZ2xl\/AVvXsEi8_n_ll8UOcGxCqzFvb_9Io4ICczlGC990BPtPj2w9Px-u7B3oqWUW5vtjZUqPNJ-nyjiUIorE0ATsib_l5tV8BVN-UJ03RTnU__IHJF_4DgDBtY4LIqXNG-FomrO-7ywes20CBCRM2Hcm7EJSh3UUw1dO-c_uTflUrtgY1i7uBRezj_DpympmEFkfbQY\/s1600\/logo-principal2.jpg\" width=\"100%\" height=\"100\" \/><\/a><!--bestpublic-voz03--><!--desk-in-out-voz03--><br \/>\n<!--publicidad-voz04--><a href=\"https:\/\/www.facebook.com\/profile.php?id=61557370768692&amp;locale=es_ES\"><img decoding=\"async\" class=\"alignnone size-medium\" src=\"https:\/\/blogger.googleusercontent.com\/img\/b\/R29vZ2xl\/AVvXsEgy5RdcfffrnrItnYTcV9bCJjgJwldsQLWssfVfrLbyfXeBNTFKgBf0rMIvhrUaGUhiXzVr9_eQgCbi-j63ZDpfTvLIty9w7s140y-m1yHe7eKmEK7v2NAHUJDVYGdfeiQFeRCqUjdwWmN1MX_AUxxz4IVdJ4WIM0APxit8bjWkXzrnEFGqBvW_1F13H1g\/s1600\/logo-principal5.jpg\" width=\"100%\" height=\"100\" \/><\/a><!--bestpublic-voz04--><!--desk-in-out-voz04--><br \/>\n<!--publicidad-voz05--><a href=\"https:\/\/www.facebook.com\/asociaciontamborileroshellin?locale=es_ES\"><img decoding=\"async\" class=\"alignnone size-medium\" src=\"https:\/\/blogger.googleusercontent.com\/img\/b\/R29vZ2xl\/AVvXsEhHEEpZsKK1VpwiYMrS7aE2ujtqIDZoLd4B5wtbiseSU9s2HdTdQfhF84So2XwEB1fv0BLw95GADm6hUl1bkKtzh-eIgVigXONuu_5RxeIMPhjk8q6uNX4EaEHbooKkbu7pCADWPpVJjhKIH5NQSJpWqedC-YBez4QAQeJYokkLot9bhrIaUAeztsGis6M\/s1600\/logo-principal3.jpg\" width=\"100%\" height=\"100\" \/><\/a><!--bestpublic-voz05--><!--desk-in-out-voz05--><br \/>\n<!--publicidad-voz06--><!--bestpublic-voz06--><!--desk-in-out-voz06--><br \/>\n<!--publicidad-voz07--><!--bestpublic-voz07--><!--desk-in-out-voz07--><br \/>\n<!--publicidad-voz08--><!--bestpublic-voz08--><!--desk-in-out-voz08--><br \/>\n<!--publicidad-voz09--><!--bestpublic-voz09--><!--desk-in-out-voz09--><br \/>\n<!--publicidad-voz10--><!--bestpublic-voz10--><!--desk-in-out-voz10--><br \/>\n<!--publicidad-voz11--><!--bestpublic-voz11--><!--desk-in-out-voz11--><br \/>\n<!--publicidad-voz12--><!--bestpublic-voz12--><!--desk-in-out-voz12--><br \/>\n<!--publicidad-voz13--><!--bestpublic-voz13--><!--desk-in-out-voz13--><br \/>\n<!--publicidad-voz14--><!--bestpublic-voz14--><!--desk-in-out-voz14--><br \/>\n<!--publicidad-voz15--><!--bestpublic-voz15--><!--desk-in-out-voz15--><br \/>\n<!--publicidad-voz16--><!--bestpublic-voz16--><!--desk-in-out-voz16--><\/p>\n","protected":false},"excerpt":{"rendered":"<p>Ambos atletas no dan opciones a sus rivales, ganan con una superioridad manifiesta y mantienen su dominio en La Gineta.<\/p>\n","protected":false},"author":2,"featured_media":160180,"comment_status":"closed","ping_status":"closed","sticky":false,"template":"","format":"standard","meta":{"footnotes":""},"categories":[761,718,715,716,717],"tags":[],"class_list":["post-160179","post","type-post","status-publish","format-standard","has-post-thumbnail","hentry","category-blog-lv042","category-blogger","category-la-voz-de-hellin","category-la-voz-de-hellin-la-voz-de-hellin","category-noticias"],"_links":{"self":[{"href":"https:\/\/lavozdehellin.com\/noticias\/wp-json\/wp\/v2\/posts\/160179","targetHints":{"allow":["GET"]}}],"collection":[{"href":"https:\/\/lavozdehellin.com\/noticias\/wp-json\/wp\/v2\/posts"}],"about":[{"href":"https:\/\/lavozdehellin.com\/noticias\/wp-json\/wp\/v2\/types\/post"}],"author":[{"embeddable":true,"href":"https:\/\/lavozdehellin.com\/noticias\/wp-json\/wp\/v2\/users\/2"}],"replies":[{"embeddable":true,"href":"https:\/\/lavozdehellin.com\/noticias\/wp-json\/wp\/v2\/comments?post=160179"}],"version-history":[{"count":0,"href":"https:\/\/lavozdehellin.com\/noticias\/wp-json\/wp\/v2\/posts\/160179\/revisions"}],"wp:featuredmedia":[{"embeddable":true,"href":"https:\/\/lavozdehellin.com\/noticias\/wp-json\/wp\/v2\/media\/160180"}],"wp:attachment":[{"href":"https:\/\/lavozdehellin.com\/noticias\/wp-json\/wp\/v2\/media?parent=160179"}],"wp:term":[{"taxonomy":"category","embeddable":true,"href":"https:\/\/lavozdehellin.com\/noticias\/wp-json\/wp\/v2\/categories?post=160179"},{"taxonomy":"post_tag","embeddable":true,"href":"https:\/\/lavozdehellin.com\/noticias\/wp-json\/wp\/v2\/tags?post=160179"}],"curies":[{"name":"wp","href":"https:\/\/api.w.org\/{rel}","templated":true}]}}