{"id":160310,"date":"2025-12-10T15:55:11","date_gmt":"2025-12-10T13:55:11","guid":{"rendered":"https:\/\/lavozdehellin.com\/noticias\/?p=160310"},"modified":"2025-12-12T17:10:54","modified_gmt":"2025-12-12T15:10:54","slug":"v10-420-hellin-consolida-su-tendencia-positiva-en-el-mercado-laboral","status":"publish","type":"post","link":"https:\/\/lavozdehellin.com\/noticias\/v10-420-hellin-consolida-su-tendencia-positiva-en-el-mercado-laboral\/","title":{"rendered":"LVH NOTICIAS | HELL\u00cdN CONSOLIDA SU TENDENCIA POSITIVA EN EL MERCADO LABORAL"},"content":{"rendered":"<p style=\"text-align: justify;\">Nota de prensa. &#8211; Hell\u00edn consolida su tendencia positiva en el mercado laboral<\/p>\n<p><!--more--><br \/>\n<!--publicidad-voz01--><a href=\"https:\/\/www.facebook.com\/SoloRadioHellin\/?locale=es_ES\"><img decoding=\"async\" class=\"alignnone size-medium\" src=\"https:\/\/blogger.googleusercontent.com\/img\/b\/R29vZ2xl\/AVvXsEiNncirNnyGedv00mhjZjh5Wl4_YPdJGanoAl8tL8zH-HwqE8uHqjEfSt340RHdx-9tuCSIkZ8rFamZiGyYlgDGxCsmXjCH_1xk5eYM3ntFZRvJP_jndOKR7w1UAo9Tu0vrZyOLfqRpHIxYI5SymJJ-pfGCQw6QVpggBH-UgfjiFQ2JOxqxG0Jx94kW83c\/s1600\/logo-principal.jpg\" width=\"100%\" height=\"100\" \/><\/a><!--bestpublic-voz01--><!--desk-in-out-voz01--><br \/>\n<!--publicidad-voz02--><a href=\"https:\/\/www.hellincf.com\/\"><img decoding=\"async\" class=\"alignnone size-medium\" src=\"https:\/\/blogger.googleusercontent.com\/img\/b\/R29vZ2xl\/AVvXsEhuZ4-XfBVj3UtdP8-RZugy3WVrg-Zv28c53m4oV47qYCxL1rX_dqWX_YddsGSnpH5SRDqZ7bZeKPIfDVCDncpjVlhy3aQs2vojcJBn7Gdv9hC2_Nzct_pRFrnFE1a7KTCdY1bT_kAgnY3-iadRZrGeJf1fR2P5fu11bokx0pWjaypoy-ctwCjklldpEbA\/s1600\/logo-principal7.jpg\" width=\"100%\" height=\"100\" \/><\/a><!--bestpublic-voz02--><!--desk-in-out-voz02--><\/p>\n<p style=\"text-align: justify;\">El aumento de la oferta formativa municipal est\u00e1 ligada a la disminuci\u00f3n del n\u00famero de desempleados, en bajos hist\u00f3ricos<\/p>\n<p style=\"text-align: justify;\">Pedro Garc\u00eda Sequero, concejal de Empleo y Formaci\u00f3n, se ha mostrado m\u00e1s que satisfecho con el balance que arroja el Centro de Formaci\u00f3n Municipal: \u201chemos pasado de un centro de oficios a un centro moderno, diversificado, con programas integrales y orientados al mercado laboral actual. Hoy Hell\u00edn tiene un Centro de Formaci\u00f3n referente en toda la comarca y en la regi\u00f3n\u201d.<\/p>\n<p style=\"text-align: justify;\">Para el concejal, esta circunstancia novedosa es fundamental, puesto que las l\u00edneas de ascenso de la formaci\u00f3n se muestran paralelas con las del descenso del desempleo en Hell\u00edn. \u201cTodo esto es fruto del conjunto de la sociedad de nuestra ciudad: las empresas, los aut\u00f3nomos, los trabajadores y las administraciones\u201d.<\/p>\n<p style=\"text-align: justify;\">El hecho de que la ca\u00edda del paro en el municipio haya sido m\u00e1s intensa y m\u00e1s temprana que la media regional: \u201crefleja un mejor comportamiento local, reforzado por las pol\u00edticas municipales de empleo y por la transformaci\u00f3n de nuestro sistema de formaci\u00f3n\u201d. Garc\u00eda Sequero ha concluido con rotundidad: \u201cMenos paro y m\u00e1s formaci\u00f3n no son datos aislados: son se\u00f1ales de un municipio en transformaci\u00f3n\u201d.<\/p>\n<p style=\"text-align: justify;\">LOS N\u00daMEROS NO MIENTEN<\/p>\n<p style=\"text-align: justify;\">A noviembre de 2025, Hell\u00edn registra 1.789 personas desempleadas, lo que supone una reducci\u00f3n muy significativa respecto a las del mes del cambio de gobierno municipal: 2.079. En estos meses se ha rebajado el n\u00famero de desempleados en 290, lo que supone una reducci\u00f3n del 14 %.<\/p>\n<p style=\"text-align: justify;\">Durante el \u00faltimo a\u00f1o el paro se ha mantenido por debajo de las 1.800 personas durante varios meses, consolidando una tendencia claramente positiva. En julio de 2024, adem\u00e1s, Hell\u00edn alcanz\u00f3 un hito hist\u00f3rico: bajar de los 2.000 desempleados por primera vez desde 2007.<\/p>\n<p style=\"text-align: justify;\">Paralelamente la evoluci\u00f3n durante estos dos \u00faltimos a\u00f1os del Centro de Formaci\u00f3n Municipal ha sido profundamente transformadora. Entre 2019 (55 alumnos) y 2022, el centro ofrec\u00eda una formaci\u00f3n constante pero limitada, centrada en los oficios tradicionales. Sin embargo, en 2023, pasan por el centro el doble de alumnos, multiplic\u00e1ndose por 6 en 2025, en total 368 alumnos en todos los programas.<\/p>\n<p style=\"text-align: justify;\">Igualmente se ha producido una expansi\u00f3n y diversificaci\u00f3n de la oferta. A la que se han a\u00f1adido: Programas de digitalizaci\u00f3n; Cursos para trabajadores en activo, donde la mayor\u00eda de participantes son aut\u00f3nomos; Formaci\u00f3n dual ampliada, que combina formaci\u00f3n y experiencia laboral real; y Programas formaci\u00f3n + empleo, concebidos para facilitar la inserci\u00f3n inmediata en el mercado laboral.<\/p>\n<p style=\"text-align: justify;\">La inserci\u00f3n laboral de los usuarios del Centro de Formaci\u00f3n supera el 50 %, una mejora que est\u00e1 muy relacionada con el autoempleo, especialmente entre los trabajadores aut\u00f3nomos que se forman en el centro.<\/p>\n<p><!--publicidad-voz03--><a href=\"https:\/\/www.facebook.com\/profile.php?id=100063593791305&amp;locale=es_ES\"><img decoding=\"async\" class=\"alignnone size-medium\" src=\"https:\/\/blogger.googleusercontent.com\/img\/b\/R29vZ2xl\/AVvXsEi8_n_ll8UOcGxCqzFvb_9Io4ICczlGC990BPtPj2w9Px-u7B3oqWUW5vtjZUqPNJ-nyjiUIorE0ATsib_l5tV8BVN-UJ03RTnU__IHJF_4DgDBtY4LIqXNG-FomrO-7ywes20CBCRM2Hcm7EJSh3UUw1dO-c_uTflUrtgY1i7uBRezj_DpympmEFkfbQY\/s1600\/logo-principal2.jpg\" width=\"100%\" height=\"100\" \/><\/a><!--bestpublic-voz03--><!--desk-in-out-voz03--><br \/>\n<!--publicidad-voz04--><a href=\"https:\/\/www.facebook.com\/profile.php?id=61557370768692&amp;locale=es_ES\"><img decoding=\"async\" class=\"alignnone size-medium\" src=\"https:\/\/blogger.googleusercontent.com\/img\/b\/R29vZ2xl\/AVvXsEgy5RdcfffrnrItnYTcV9bCJjgJwldsQLWssfVfrLbyfXeBNTFKgBf0rMIvhrUaGUhiXzVr9_eQgCbi-j63ZDpfTvLIty9w7s140y-m1yHe7eKmEK7v2NAHUJDVYGdfeiQFeRCqUjdwWmN1MX_AUxxz4IVdJ4WIM0APxit8bjWkXzrnEFGqBvW_1F13H1g\/s1600\/logo-principal5.jpg\" width=\"100%\" height=\"100\" \/><\/a><!--bestpublic-voz04--><!--desk-in-out-voz04--><br \/>\n<!--publicidad-voz05--><a href=\"https:\/\/www.facebook.com\/asociaciontamborileroshellin?locale=es_ES\"><img decoding=\"async\" class=\"alignnone size-medium\" src=\"https:\/\/blogger.googleusercontent.com\/img\/b\/R29vZ2xl\/AVvXsEhHEEpZsKK1VpwiYMrS7aE2ujtqIDZoLd4B5wtbiseSU9s2HdTdQfhF84So2XwEB1fv0BLw95GADm6hUl1bkKtzh-eIgVigXONuu_5RxeIMPhjk8q6uNX4EaEHbooKkbu7pCADWPpVJjhKIH5NQSJpWqedC-YBez4QAQeJYokkLot9bhrIaUAeztsGis6M\/s1600\/logo-principal3.jpg\" width=\"100%\" height=\"100\" \/><\/a><!--bestpublic-voz05--><!--desk-in-out-voz05--><br \/>\n<!--publicidad-voz06--><!--bestpublic-voz06--><!--desk-in-out-voz06--><br \/>\n<!--publicidad-voz07--><!--bestpublic-voz07--><!--desk-in-out-voz07--><br \/>\n<!--publicidad-voz08--><!--bestpublic-voz08--><!--desk-in-out-voz08--><br \/>\n<!--publicidad-voz09--><!--bestpublic-voz09--><!--desk-in-out-voz09--><br \/>\n<!--publicidad-voz10--><!--bestpublic-voz10--><!--desk-in-out-voz10--><br \/>\n<!--publicidad-voz11--><!--bestpublic-voz11--><!--desk-in-out-voz11--><br \/>\n<!--publicidad-voz12--><!--bestpublic-voz12--><!--desk-in-out-voz12--><br \/>\n<!--publicidad-voz13--><!--bestpublic-voz13--><!--desk-in-out-voz13--><br \/>\n<!--publicidad-voz14--><!--bestpublic-voz14--><!--desk-in-out-voz14--><br \/>\n<!--publicidad-voz15--><!--bestpublic-voz15--><!--desk-in-out-voz15--><br \/>\n<!--publicidad-voz16--><!--bestpublic-voz16--><!--desk-in-out-voz16--><\/p>\n","protected":false},"excerpt":{"rendered":"<p>Nota de prensa. &#8211; Hell\u00edn consolida su tendencia positiva en el mercado laboral<\/p>\n","protected":false},"author":2,"featured_media":160311,"comment_status":"closed","ping_status":"closed","sticky":false,"template":"","format":"standard","meta":{"footnotes":""},"categories":[761,718,715,716,717],"tags":[],"class_list":["post-160310","post","type-post","status-publish","format-standard","has-post-thumbnail","hentry","category-blog-lv042","category-blogger","category-la-voz-de-hellin","category-la-voz-de-hellin-la-voz-de-hellin","category-noticias"],"_links":{"self":[{"href":"https:\/\/lavozdehellin.com\/noticias\/wp-json\/wp\/v2\/posts\/160310","targetHints":{"allow":["GET"]}}],"collection":[{"href":"https:\/\/lavozdehellin.com\/noticias\/wp-json\/wp\/v2\/posts"}],"about":[{"href":"https:\/\/lavozdehellin.com\/noticias\/wp-json\/wp\/v2\/types\/post"}],"author":[{"embeddable":true,"href":"https:\/\/lavozdehellin.com\/noticias\/wp-json\/wp\/v2\/users\/2"}],"replies":[{"embeddable":true,"href":"https:\/\/lavozdehellin.com\/noticias\/wp-json\/wp\/v2\/comments?post=160310"}],"version-history":[{"count":0,"href":"https:\/\/lavozdehellin.com\/noticias\/wp-json\/wp\/v2\/posts\/160310\/revisions"}],"wp:featuredmedia":[{"embeddable":true,"href":"https:\/\/lavozdehellin.com\/noticias\/wp-json\/wp\/v2\/media\/160311"}],"wp:attachment":[{"href":"https:\/\/lavozdehellin.com\/noticias\/wp-json\/wp\/v2\/media?parent=160310"}],"wp:term":[{"taxonomy":"category","embeddable":true,"href":"https:\/\/lavozdehellin.com\/noticias\/wp-json\/wp\/v2\/categories?post=160310"},{"taxonomy":"post_tag","embeddable":true,"href":"https:\/\/lavozdehellin.com\/noticias\/wp-json\/wp\/v2\/tags?post=160310"}],"curies":[{"name":"wp","href":"https:\/\/api.w.org\/{rel}","templated":true}]}}