{"id":160316,"date":"2025-12-09T10:10:31","date_gmt":"2025-12-09T08:10:31","guid":{"rendered":"https:\/\/lavozdehellin.com\/noticias\/?p=160316"},"modified":"2025-12-12T17:10:54","modified_gmt":"2025-12-12T15:10:54","slug":"v10-418-cerca-de-7-mil-personas-han-disfrutado-de-la-reapertura-del-circuito-de-albacete","status":"publish","type":"post","link":"https:\/\/lavozdehellin.com\/noticias\/v10-418-cerca-de-7-mil-personas-han-disfrutado-de-la-reapertura-del-circuito-de-albacete\/","title":{"rendered":"LVH NOTICIAS | CERCA DE 7.000 PERSONAS HAN DISFRUTADO DE LA REAPERTURA DEL CIRCUITO DE ALBACETE"},"content":{"rendered":"<p style=\"text-align: justify;\">M\u00e1s de 1.000 pilotos de moto y cerca de un centenar de coche han tomado parte de las actividades de la pista organizadas durante estos dos \u00faltimos fines de semana<\/p>\n<p><!--more--><br \/>\n<!--publicidad-voz01--><a href=\"https:\/\/www.facebook.com\/SoloRadioHellin\/?locale=es_ES\"><img decoding=\"async\" class=\"alignnone size-medium\" src=\"https:\/\/blogger.googleusercontent.com\/img\/b\/R29vZ2xl\/AVvXsEiNncirNnyGedv00mhjZjh5Wl4_YPdJGanoAl8tL8zH-HwqE8uHqjEfSt340RHdx-9tuCSIkZ8rFamZiGyYlgDGxCsmXjCH_1xk5eYM3ntFZRvJP_jndOKR7w1UAo9Tu0vrZyOLfqRpHIxYI5SymJJ-pfGCQw6QVpggBH-UgfjiFQ2JOxqxG0Jx94kW83c\/s1600\/logo-principal.jpg\" width=\"100%\" height=\"100\" \/><\/a><!--bestpublic-voz01--><!--desk-in-out-voz01--><br \/>\n<!--publicidad-voz02--><a href=\"https:\/\/www.hellincf.com\/\"><img decoding=\"async\" class=\"alignnone size-medium\" src=\"https:\/\/blogger.googleusercontent.com\/img\/b\/R29vZ2xl\/AVvXsEhuZ4-XfBVj3UtdP8-RZugy3WVrg-Zv28c53m4oV47qYCxL1rX_dqWX_YddsGSnpH5SRDqZ7bZeKPIfDVCDncpjVlhy3aQs2vojcJBn7Gdv9hC2_Nzct_pRFrnFE1a7KTCdY1bT_kAgnY3-iadRZrGeJf1fR2P5fu11bokx0pWjaypoy-ctwCjklldpEbA\/s1600\/logo-principal7.jpg\" width=\"100%\" height=\"100\" \/><\/a><!--bestpublic-voz02--><!--desk-in-out-voz02--><\/p>\n<p style=\"text-align: justify;\">Hab\u00eda ganas de volver al Circuito, de escuchar el ruido de los motores, de sentir de nuevo el ambiente de las carreras aunque fuera sin un cron\u00f3metro por medio. El reencuentro durante estos \u00faltimos dos fines de semana ha sido provechoso para los pilotos, pero tambi\u00e9n para el p\u00fablico, que se ha acercado hasta la instalaci\u00f3n.<\/p>\n<p style=\"text-align: justify;\">El pasado 28 de noviembre el alcalde de Albacete, Manuel Serrano, y el presidente de la Diputaci\u00f3n, Santiago Caba\u00f1ero, pon\u00edan de nuevo en verde el sem\u00e1foro de la recta Ala 14 del Circuito y, desde entonces, unas 7.000 personas han participado de las cinco jornadas de puertas abiertas programadas, cuatro para motos y una para coches.<\/p>\n<p style=\"text-align: justify;\">De esa cifra, destacamos que han sido unos 1.000 los moteros llegados de todos los rincones de Espa\u00f1a, los que han tomado parte en las sesiones de los d\u00edas 29 y 30 de noviembre, 6 y 8 de diciembre, y otros 1.000 m\u00e1s aproximadamente los que cursaron la petici\u00f3n y se quedaron fuera. Entre tanto, en torno a un centenar de participantes tuvo la jornada dedicada al automovilismo del domingo 7 de diciembre con los Formula Vintage y cl\u00e1sicos de todo tipo y \u00e9poca.<\/p>\n<p style=\"text-align: justify;\">La actividad continuar\u00e1 en 2026<\/p>\n<p style=\"text-align: justify;\">El compromiso del Consorcio del Circuito con esta instalaci\u00f3n y su funcionamiento no solo ha quedado patente en estos cinco d\u00edas de tandas libres para motos y coches. Mientras se acometen otras actuaciones de acondicionamiento a\u00fan pendientes, el trazado comienza a pensar ya en recuperar el ritmo normal de funcionamiento con actividades privadas y competiciones.<\/p>\n<p style=\"text-align: justify;\">En este sentido, ya podemos anunciar que a partir del pr\u00f3ximo lunes 15 de diciembre se abrir\u00e1 el plazo para la solicitud de fechas para las actividades de 2026. Las ya muchas peticiones recibidas hasta ahora deber\u00e1n canalizarse de nuevo a trav\u00e9s del correo electr\u00f3nico circuito@circuitoalbacete.es. La fecha l\u00edmite para estas solicitudes terminar\u00e1 el 16 de enero del pr\u00f3ximo a\u00f1o.<\/p>\n<p style=\"text-align: justify;\">El presidente del Consorcio, Paco Navarro, ha confirmado tambi\u00e9n que, tras el \u00e9xito de estas cinco jornadas de puertas abiertas, en primavera se repetir\u00e1n con un formato similar, es decir, para motociclismo y automovilismo, del mismo modo que ya se busca la fecha id\u00f3nea para que los motoclubes de la provincia puedan, como anta\u00f1o, disponer de una rodada.<\/p>\n<p style=\"text-align: justify;\">Y en cuanto a la competici\u00f3n, el propio Paco Navarro ha explicado que el Circuito de Albacete est\u00e1 a la espera de que las distintas federaciones deportivas publiquen sus calendarios para 2026, indicando que se aspira a todas las disciplinas posibles, aunque \u201clas podremos acoger en la segunda mitad del a\u00f1o ya que el Circuito ha de conformar el equipo humano necesario para ello\u201d.<\/p>\n<p><!--publicidad-voz03--><a href=\"https:\/\/www.facebook.com\/profile.php?id=100063593791305&amp;locale=es_ES\"><img decoding=\"async\" class=\"alignnone size-medium\" src=\"https:\/\/blogger.googleusercontent.com\/img\/b\/R29vZ2xl\/AVvXsEi8_n_ll8UOcGxCqzFvb_9Io4ICczlGC990BPtPj2w9Px-u7B3oqWUW5vtjZUqPNJ-nyjiUIorE0ATsib_l5tV8BVN-UJ03RTnU__IHJF_4DgDBtY4LIqXNG-FomrO-7ywes20CBCRM2Hcm7EJSh3UUw1dO-c_uTflUrtgY1i7uBRezj_DpympmEFkfbQY\/s1600\/logo-principal2.jpg\" width=\"100%\" height=\"100\" \/><\/a><!--bestpublic-voz03--><!--desk-in-out-voz03--><br \/>\n<!--publicidad-voz04--><a href=\"https:\/\/www.facebook.com\/profile.php?id=61557370768692&amp;locale=es_ES\"><img decoding=\"async\" class=\"alignnone size-medium\" src=\"https:\/\/blogger.googleusercontent.com\/img\/b\/R29vZ2xl\/AVvXsEgy5RdcfffrnrItnYTcV9bCJjgJwldsQLWssfVfrLbyfXeBNTFKgBf0rMIvhrUaGUhiXzVr9_eQgCbi-j63ZDpfTvLIty9w7s140y-m1yHe7eKmEK7v2NAHUJDVYGdfeiQFeRCqUjdwWmN1MX_AUxxz4IVdJ4WIM0APxit8bjWkXzrnEFGqBvW_1F13H1g\/s1600\/logo-principal5.jpg\" width=\"100%\" height=\"100\" \/><\/a><!--bestpublic-voz04--><!--desk-in-out-voz04--><br \/>\n<!--publicidad-voz05--><a href=\"https:\/\/www.facebook.com\/asociaciontamborileroshellin?locale=es_ES\"><img decoding=\"async\" class=\"alignnone size-medium\" src=\"https:\/\/blogger.googleusercontent.com\/img\/b\/R29vZ2xl\/AVvXsEhHEEpZsKK1VpwiYMrS7aE2ujtqIDZoLd4B5wtbiseSU9s2HdTdQfhF84So2XwEB1fv0BLw95GADm6hUl1bkKtzh-eIgVigXONuu_5RxeIMPhjk8q6uNX4EaEHbooKkbu7pCADWPpVJjhKIH5NQSJpWqedC-YBez4QAQeJYokkLot9bhrIaUAeztsGis6M\/s1600\/logo-principal3.jpg\" width=\"100%\" height=\"100\" \/><\/a><!--bestpublic-voz05--><!--desk-in-out-voz05--><br \/>\n<!--publicidad-voz06--><!--bestpublic-voz06--><!--desk-in-out-voz06--><br \/>\n<!--publicidad-voz07--><!--bestpublic-voz07--><!--desk-in-out-voz07--><br \/>\n<!--publicidad-voz08--><!--bestpublic-voz08--><!--desk-in-out-voz08--><br \/>\n<!--publicidad-voz09--><!--bestpublic-voz09--><!--desk-in-out-voz09--><br \/>\n<!--publicidad-voz10--><!--bestpublic-voz10--><!--desk-in-out-voz10--><br \/>\n<!--publicidad-voz11--><!--bestpublic-voz11--><!--desk-in-out-voz11--><br \/>\n<!--publicidad-voz12--><!--bestpublic-voz12--><!--desk-in-out-voz12--><br \/>\n<!--publicidad-voz13--><!--bestpublic-voz13--><!--desk-in-out-voz13--><br \/>\n<!--publicidad-voz14--><!--bestpublic-voz14--><!--desk-in-out-voz14--><br \/>\n<!--publicidad-voz15--><!--bestpublic-voz15--><!--desk-in-out-voz15--><br \/>\n<!--publicidad-voz16--><!--bestpublic-voz16--><!--desk-in-out-voz16--><\/p>\n","protected":false},"excerpt":{"rendered":"<p>M\u00e1s de 1.000 pilotos de moto y cerca de un centenar de coche han tomado parte de las actividades de la pista organizadas durante estos dos \u00faltimos fines de semana<\/p>\n","protected":false},"author":2,"featured_media":160317,"comment_status":"closed","ping_status":"closed","sticky":false,"template":"","format":"standard","meta":{"footnotes":""},"categories":[761,718,715,716,717],"tags":[],"class_list":["post-160316","post","type-post","status-publish","format-standard","has-post-thumbnail","hentry","category-blog-lv042","category-blogger","category-la-voz-de-hellin","category-la-voz-de-hellin-la-voz-de-hellin","category-noticias"],"_links":{"self":[{"href":"https:\/\/lavozdehellin.com\/noticias\/wp-json\/wp\/v2\/posts\/160316","targetHints":{"allow":["GET"]}}],"collection":[{"href":"https:\/\/lavozdehellin.com\/noticias\/wp-json\/wp\/v2\/posts"}],"about":[{"href":"https:\/\/lavozdehellin.com\/noticias\/wp-json\/wp\/v2\/types\/post"}],"author":[{"embeddable":true,"href":"https:\/\/lavozdehellin.com\/noticias\/wp-json\/wp\/v2\/users\/2"}],"replies":[{"embeddable":true,"href":"https:\/\/lavozdehellin.com\/noticias\/wp-json\/wp\/v2\/comments?post=160316"}],"version-history":[{"count":0,"href":"https:\/\/lavozdehellin.com\/noticias\/wp-json\/wp\/v2\/posts\/160316\/revisions"}],"wp:featuredmedia":[{"embeddable":true,"href":"https:\/\/lavozdehellin.com\/noticias\/wp-json\/wp\/v2\/media\/160317"}],"wp:attachment":[{"href":"https:\/\/lavozdehellin.com\/noticias\/wp-json\/wp\/v2\/media?parent=160316"}],"wp:term":[{"taxonomy":"category","embeddable":true,"href":"https:\/\/lavozdehellin.com\/noticias\/wp-json\/wp\/v2\/categories?post=160316"},{"taxonomy":"post_tag","embeddable":true,"href":"https:\/\/lavozdehellin.com\/noticias\/wp-json\/wp\/v2\/tags?post=160316"}],"curies":[{"name":"wp","href":"https:\/\/api.w.org\/{rel}","templated":true}]}}