{"id":160347,"date":"2025-12-11T21:58:07","date_gmt":"2025-12-11T19:58:07","guid":{"rendered":"https:\/\/lavozdehellin.com\/noticias\/?p=160347"},"modified":"2025-12-12T19:56:18","modified_gmt":"2025-12-12T17:56:18","slug":"v10-440-lvh-noticias-santi-cabanero-celebra-el-estreno-de-el-cascanueces-ya-convertido-en-tradicion-navidena-en-la-provincia-de-la-mano-de-cultural-albacete","status":"publish","type":"post","link":"https:\/\/lavozdehellin.com\/noticias\/v10-440-lvh-noticias-santi-cabanero-celebra-el-estreno-de-el-cascanueces-ya-convertido-en-tradicion-navidena-en-la-provincia-de-la-mano-de-cultural-albacete\/","title":{"rendered":"LVH NOTICIAS | SANTI CABA\u00d1ERO CELEBRA EL ESTRENO DE \u2018EL CASCANUECES\u2019, YA CONVERTIDO EN TRADICI\u00d3N NAVIDE\u00d1A EN LA PROVINCIA DE LA MANO DE CULTURAL ALBACETE"},"content":{"rendered":"<p style=\"text-align: justify;\">La magia de la Navidad vuelve a llenar el Teatro Circo desde este jueves con el estreno de El Cascanueces, la versi\u00f3n del famoso ballet dirigida por el albacetense Ismael Olivas, que ha iniciado en la noche de este 11 de diciembre su segunda edici\u00f3n como una propuesta cultural plenamente arraigada en la ciudadan\u00eda.<\/p>\n<p><!--more--><br \/>\n<!--publicidad-voz01--><a href=\"https:\/\/www.facebook.com\/SoloRadioHellin\/?locale=es_ES\"><img decoding=\"async\" class=\"alignnone size-medium\" src=\"https:\/\/blogger.googleusercontent.com\/img\/b\/R29vZ2xl\/AVvXsEiNncirNnyGedv00mhjZjh5Wl4_YPdJGanoAl8tL8zH-HwqE8uHqjEfSt340RHdx-9tuCSIkZ8rFamZiGyYlgDGxCsmXjCH_1xk5eYM3ntFZRvJP_jndOKR7w1UAo9Tu0vrZyOLfqRpHIxYI5SymJJ-pfGCQw6QVpggBH-UgfjiFQ2JOxqxG0Jx94kW83c\/s1600\/logo-principal.jpg\" width=\"100%\" height=\"100\" \/><\/a><!--bestpublic-voz01--><!--desk-in-out-voz01--><br \/>\n<!--publicidad-voz02--><a href=\"https:\/\/www.hellincf.com\/\"><img decoding=\"async\" class=\"alignnone size-medium\" src=\"https:\/\/blogger.googleusercontent.com\/img\/b\/R29vZ2xl\/AVvXsEhuZ4-XfBVj3UtdP8-RZugy3WVrg-Zv28c53m4oV47qYCxL1rX_dqWX_YddsGSnpH5SRDqZ7bZeKPIfDVCDncpjVlhy3aQs2vojcJBn7Gdv9hC2_Nzct_pRFrnFE1a7KTCdY1bT_kAgnY3-iadRZrGeJf1fR2P5fu11bokx0pWjaypoy-ctwCjklldpEbA\/s1600\/logo-principal7.jpg\" width=\"100%\" height=\"100\" \/><\/a><!--bestpublic-voz02--><!--desk-in-out-voz02--><\/p>\n<p style=\"text-align: justify;\">El presidente de la Diputaci\u00f3n y del Consorcio Cultural Albacete que respalda esta iniciativa, Santi Caba\u00f1ero, ha asistido a esta primera funci\u00f3n junto a su familia, compartiendo la emoci\u00f3n del p\u00fablico que ha vuelto a responder de forma masiva.<\/p>\n<p style=\"text-align: justify;\">El presidente ha felicitado personalmente a Olivas en el intermedio de la funci\u00f3n, reconociendo la evoluci\u00f3n y consolidaci\u00f3n de este proyecto ilusionante que naci\u00f3 en 2024 y que \u201cse abre paso como una tradici\u00f3n navide\u00f1a que conecta a generaciones y pone en el centro el talento de nuestra tierra\u201d, ha resaltado el presidente.<br \/>\nUn estreno que reafirma el valor de la cultura hecha desde la provincia<\/p>\n<p style=\"text-align: justify;\">El presidente ha destacado que El Cascanueces representa \u201cmucho m\u00e1s que un espect\u00e1culo\u201d, subrayando tres elementos esenciales que definen su \u00e9xito: que se trata de un proyecto intergeneracional y familiar, donde cerca de 200 personas \u2014entre artistas, alumnado, profesionales, t\u00e9cnicos y voluntariado\u2014 participan, re\u00fane a ni\u00f1as y ni\u00f1os desde los 4 a\u00f1os hasta adultos de m\u00e1s de 70.<\/p>\n<p style=\"text-align: justify;\">Que se trata de una iniciativa arraigada al talento local, ya que m\u00e1s de un centenar de int\u00e9rpretes proceden de Albacete y la provincia, reflejando el dinamismo cultural del territorio y la fuerza del ecosistema educativo de este territorio en lo que a las artes esc\u00e9nicas se refiere.<\/p>\n<p style=\"text-align: justify;\">Y que la respuesta del p\u00fablico confirma su consolidaci\u00f3n. En este sentido, Caba\u00f1ero ha puesto en valor la extraordinaria acogida: \u201cLa gente lo hace suyo porque siente que este Cascanueces nace de aqu\u00ed. Y cuando la cultura nace cerca, emociona m\u00e1s y une m\u00e1s\u201d, ha se\u00f1alado.<\/p>\n<p style=\"text-align: justify;\">\u201cEste Cascanueces es un sue\u00f1o compartido que crece con nosotros\u201d<\/p>\n<p style=\"text-align: justify;\">Santi Caba\u00f1ero ha destacado la valent\u00eda creativa de Ismael Olivas y la sensibilidad con la que ha construido una propuesta que \u201crespira identidad provincial\u201d. \u201cIsmael ha demostrado que Albacete tiene talento para so\u00f1ar grande y convertir esos sue\u00f1os en espect\u00e1culos que llenan teatros. Ver hoy este escenario lleno de talento tan nuestro, confirma que este proyecto tiene recorrido y que la provincia lo abraza como algo propio\u201d.<\/p>\n<p style=\"text-align: justify;\">El presidente tambi\u00e9n ha querido poner en valor una vez m\u00e1s el papel de Cultural Albacete en este sentido, y la importancia del patrocinio de RES Power for Good, \u201cun modelo ejemplar de colaboraci\u00f3n p\u00fablica y privada al servicio del acceso a la cultura\u201d.<\/p>\n<p style=\"text-align: justify;\">Un fin de semana para disfrutar de la magia de El Cascanueces<\/p>\n<p style=\"text-align: justify;\">Tras el estreno de esta noche, El Cascanueces continuar\u00e1 su programaci\u00f3n: este viernes d\u00eda 12 (a las 12:00 h, con una funci\u00f3n dirigida a colegios; y a las 20:00 h. con otro pase general; al igual que el s\u00e1bado 13 (18:00 h) y el domingo 14 (18:00 h).<\/p>\n<p style=\"text-align: justify;\">Caba\u00f1ero ha destacado el sentido colectivo de este proyecto que, cada a\u00f1o, \u201c\u201ddemuestra que cuando la cultura se comparte, nos une; cuando nace desde aqu\u00ed, nos identifica; y cuando se sostiene entre todos, se convierte en tradici\u00f3n\u201d.<\/p>\n<p><!--publicidad-voz03--><a href=\"https:\/\/www.facebook.com\/profile.php?id=100063593791305&amp;locale=es_ES\"><img decoding=\"async\" class=\"alignnone size-medium\" src=\"https:\/\/blogger.googleusercontent.com\/img\/b\/R29vZ2xl\/AVvXsEi8_n_ll8UOcGxCqzFvb_9Io4ICczlGC990BPtPj2w9Px-u7B3oqWUW5vtjZUqPNJ-nyjiUIorE0ATsib_l5tV8BVN-UJ03RTnU__IHJF_4DgDBtY4LIqXNG-FomrO-7ywes20CBCRM2Hcm7EJSh3UUw1dO-c_uTflUrtgY1i7uBRezj_DpympmEFkfbQY\/s1600\/logo-principal2.jpg\" width=\"100%\" height=\"100\" \/><\/a><!--bestpublic-voz03--><!--desk-in-out-voz03--><br \/>\n<!--publicidad-voz04--><a href=\"https:\/\/www.facebook.com\/profile.php?id=61557370768692&amp;locale=es_ES\"><img decoding=\"async\" class=\"alignnone size-medium\" src=\"https:\/\/blogger.googleusercontent.com\/img\/b\/R29vZ2xl\/AVvXsEgy5RdcfffrnrItnYTcV9bCJjgJwldsQLWssfVfrLbyfXeBNTFKgBf0rMIvhrUaGUhiXzVr9_eQgCbi-j63ZDpfTvLIty9w7s140y-m1yHe7eKmEK7v2NAHUJDVYGdfeiQFeRCqUjdwWmN1MX_AUxxz4IVdJ4WIM0APxit8bjWkXzrnEFGqBvW_1F13H1g\/s1600\/logo-principal5.jpg\" width=\"100%\" height=\"100\" \/><\/a><!--bestpublic-voz04--><!--desk-in-out-voz04--><br \/>\n<!--publicidad-voz05--><a href=\"https:\/\/www.facebook.com\/asociaciontamborileroshellin?locale=es_ES\"><img decoding=\"async\" class=\"alignnone size-medium\" src=\"https:\/\/blogger.googleusercontent.com\/img\/b\/R29vZ2xl\/AVvXsEhHEEpZsKK1VpwiYMrS7aE2ujtqIDZoLd4B5wtbiseSU9s2HdTdQfhF84So2XwEB1fv0BLw95GADm6hUl1bkKtzh-eIgVigXONuu_5RxeIMPhjk8q6uNX4EaEHbooKkbu7pCADWPpVJjhKIH5NQSJpWqedC-YBez4QAQeJYokkLot9bhrIaUAeztsGis6M\/s1600\/logo-principal3.jpg\" width=\"100%\" height=\"100\" \/><\/a><!--bestpublic-voz05--><!--desk-in-out-voz05--><br \/>\n<!--publicidad-voz06--><!--bestpublic-voz06--><!--desk-in-out-voz06--><br \/>\n<!--publicidad-voz07--><!--bestpublic-voz07--><!--desk-in-out-voz07--><br \/>\n<!--publicidad-voz08--><!--bestpublic-voz08--><!--desk-in-out-voz08--><br \/>\n<!--publicidad-voz09--><!--bestpublic-voz09--><!--desk-in-out-voz09--><br \/>\n<!--publicidad-voz10--><!--bestpublic-voz10--><!--desk-in-out-voz10--><br \/>\n<!--publicidad-voz11--><!--bestpublic-voz11--><!--desk-in-out-voz11--><br \/>\n<!--publicidad-voz12--><!--bestpublic-voz12--><!--desk-in-out-voz12--><br \/>\n<!--publicidad-voz13--><!--bestpublic-voz13--><!--desk-in-out-voz13--><br \/>\n<!--publicidad-voz14--><!--bestpublic-voz14--><!--desk-in-out-voz14--><br \/>\n<!--publicidad-voz15--><!--bestpublic-voz15--><!--desk-in-out-voz15--><br \/>\n<!--publicidad-voz16--><!--bestpublic-voz16--><!--desk-in-out-voz16--><\/p>\n","protected":false},"excerpt":{"rendered":"<p>La magia de la Navidad vuelve a llenar el Teatro Circo desde este jueves con el estreno de El Cascanueces, la versi\u00f3n del famoso ballet dirigida por el albacetense Ismael&#8230;<\/p>\n","protected":false},"author":2,"featured_media":160348,"comment_status":"closed","ping_status":"closed","sticky":false,"template":"","format":"standard","meta":{"footnotes":""},"categories":[761,718,715,716,717],"tags":[],"class_list":["post-160347","post","type-post","status-publish","format-standard","has-post-thumbnail","hentry","category-blog-lv042","category-blogger","category-la-voz-de-hellin","category-la-voz-de-hellin-la-voz-de-hellin","category-noticias"],"_links":{"self":[{"href":"https:\/\/lavozdehellin.com\/noticias\/wp-json\/wp\/v2\/posts\/160347","targetHints":{"allow":["GET"]}}],"collection":[{"href":"https:\/\/lavozdehellin.com\/noticias\/wp-json\/wp\/v2\/posts"}],"about":[{"href":"https:\/\/lavozdehellin.com\/noticias\/wp-json\/wp\/v2\/types\/post"}],"author":[{"embeddable":true,"href":"https:\/\/lavozdehellin.com\/noticias\/wp-json\/wp\/v2\/users\/2"}],"replies":[{"embeddable":true,"href":"https:\/\/lavozdehellin.com\/noticias\/wp-json\/wp\/v2\/comments?post=160347"}],"version-history":[{"count":0,"href":"https:\/\/lavozdehellin.com\/noticias\/wp-json\/wp\/v2\/posts\/160347\/revisions"}],"wp:featuredmedia":[{"embeddable":true,"href":"https:\/\/lavozdehellin.com\/noticias\/wp-json\/wp\/v2\/media\/160348"}],"wp:attachment":[{"href":"https:\/\/lavozdehellin.com\/noticias\/wp-json\/wp\/v2\/media?parent=160347"}],"wp:term":[{"taxonomy":"category","embeddable":true,"href":"https:\/\/lavozdehellin.com\/noticias\/wp-json\/wp\/v2\/categories?post=160347"},{"taxonomy":"post_tag","embeddable":true,"href":"https:\/\/lavozdehellin.com\/noticias\/wp-json\/wp\/v2\/tags?post=160347"}],"curies":[{"name":"wp","href":"https:\/\/api.w.org\/{rel}","templated":true}]}}