{"id":160350,"date":"2025-12-11T21:03:11","date_gmt":"2025-12-11T19:03:11","guid":{"rendered":"https:\/\/lavozdehellin.com\/noticias\/?p=160350"},"modified":"2025-12-12T19:56:18","modified_gmt":"2025-12-12T17:56:18","slug":"v10-439-lvh-noticias-el-circuito-provincial-de-trail-de-la-diputacion-de-albacete-no-deja-de-crecer-y-se-consolida-con-mas-de-4-700-corredores-y-corredoras","status":"publish","type":"post","link":"https:\/\/lavozdehellin.com\/noticias\/v10-439-lvh-noticias-el-circuito-provincial-de-trail-de-la-diputacion-de-albacete-no-deja-de-crecer-y-se-consolida-con-mas-de-4-700-corredores-y-corredoras\/","title":{"rendered":"LVH NOTICIAS | EL CIRCUITO PROVINCIAL DE TRAIL DE LA DIPUTACI\u00d3N DE ALBACETE NO DEJA DE CRECER Y SE CONSOLIDA CON M\u00c1S DE 4.700 CORREDORES Y CORREDORAS"},"content":{"rendered":"<p style=\"text-align: justify;\">El IX Circuito Provincial de Trail de la Diputaci\u00f3n de Albacete se ha despedido con la tradicional gala de clausura y entrega de premios, en la que el diputado de Deportes, Dani Sancha, ha ejercido como anfitri\u00f3n, destacando el crecimiento que ha experimentado esta competici\u00f3n, que en 2025 \u201cse ha consolidado\u201d con m\u00e1s de 4.700 corredores y corredoras, un 27 por ciento m\u00e1s que en la anterior edici\u00f3n.<\/p>\n<p><!--more--><br \/>\n<!--publicidad-voz01--><a href=\"https:\/\/www.facebook.com\/SoloRadioHellin\/?locale=es_ES\"><img decoding=\"async\" class=\"alignnone size-medium\" src=\"https:\/\/blogger.googleusercontent.com\/img\/b\/R29vZ2xl\/AVvXsEiNncirNnyGedv00mhjZjh5Wl4_YPdJGanoAl8tL8zH-HwqE8uHqjEfSt340RHdx-9tuCSIkZ8rFamZiGyYlgDGxCsmXjCH_1xk5eYM3ntFZRvJP_jndOKR7w1UAo9Tu0vrZyOLfqRpHIxYI5SymJJ-pfGCQw6QVpggBH-UgfjiFQ2JOxqxG0Jx94kW83c\/s1600\/logo-principal.jpg\" width=\"100%\" height=\"100\" \/><\/a><!--bestpublic-voz01--><!--desk-in-out-voz01--><br \/>\n<!--publicidad-voz02--><a href=\"https:\/\/www.hellincf.com\/\"><img decoding=\"async\" class=\"alignnone size-medium\" src=\"https:\/\/blogger.googleusercontent.com\/img\/b\/R29vZ2xl\/AVvXsEhuZ4-XfBVj3UtdP8-RZugy3WVrg-Zv28c53m4oV47qYCxL1rX_dqWX_YddsGSnpH5SRDqZ7bZeKPIfDVCDncpjVlhy3aQs2vojcJBn7Gdv9hC2_Nzct_pRFrnFE1a7KTCdY1bT_kAgnY3-iadRZrGeJf1fR2P5fu11bokx0pWjaypoy-ctwCjklldpEbA\/s1600\/logo-principal7.jpg\" width=\"100%\" height=\"100\" \/><\/a><!--bestpublic-voz02--><!--desk-in-out-voz02--><\/p>\n<p style=\"text-align: justify;\">La cita, celebrada en el Sal\u00f3n de Actos de la instituci\u00f3n, lleno hasta la \u2018bandera\u2019, ha reunido a buena parte de sus deportistas, \u201clos verdaderos protagonistas de esta aventura\u201d, as\u00ed como a una nutrida representaci\u00f3n de diputados de la Corporaci\u00f3n Provincial, responsables municipales, patrocinadores y familiares de las personas premiadas. Un acto que ha permitido no s\u00f3lo reconocer el talento y el esfuerzo de quienes han dado vida a esta exigente modalidad deportiva, sino tambi\u00e9n reafirmar el compromiso del Gobierno provincial que preside Santi Caba\u00f1ero con la promoci\u00f3n de h\u00e1bitos saludables, el deporte popular y el turismo sostenible en los municipios de la provincia.<\/p>\n<p style=\"text-align: justify;\">Durante su intervenci\u00f3n, Sancha ha explicado que el Circuito de Trail \u201cse ha convertido ya en un referente auton\u00f3mico y un ejemplo de c\u00f3mo el deporte puede cohesionar el territorio, dinamizar nuestros pueblos y proyectar la imagen de una provincia din\u00e1mica, diversa y espectacular para la pr\u00e1ctica deportiva\u201d, y ha agradecido la implicaci\u00f3n de los ayuntamientos, personas voluntarias, Protecci\u00f3n Civil, Guardia Civil, patrocinadores y empresas locales colaboradoras, y del Servicio Provincial de Deportes, sin cuyos esfuerzos, ha afirmado, \u201cser\u00eda imposible garantizar el alto nivel organizativo que caracteriza a cada una de las pruebas\u201d.<\/p>\n<p style=\"text-align: justify;\">Felicitaciones a los ganadores y ganadoras<\/p>\n<p style=\"text-align: justify;\">Durante su intervenci\u00f3n, Sancha ha felicitado a quienes \u2018han subido\u2019 al podio. En la categor\u00eda femenina: Ana Tauste Galera, Eva Valera Garc\u00eda y Rebeca Juncos Alfaro en primera, segunda y tercera posici\u00f3n, respectivamente. Y en masculina: Daniel Marcos Serrano, Pablo Villena Ferrer y Francisco Javier Rom\u00e1n Serrano. Tambi\u00e9n a los ganadores y ganadoras de la Copa Trail, que han sido Ana Tueste Galera, Rebeca Juncos Alfaro y Marta Velasco Valc\u00e1rcel y Rub\u00e9n Rodr\u00edguez S\u00e1nchez, Marco Lorenzo Cortijo y Francisco Mendoza Guil.<\/p>\n<p style=\"text-align: justify;\">Adem\u00e1s, el diputado de Deportes ha tenido palabras de reconocimiento para Villaverde de Guadalimar, que se ha hecho con el premio a la \u2018Carrera m\u00e1s Sostenible\u2019, siendo la de Carcel\u00e9n la que m\u00e1s personas ha reunido (cerca de 400).<\/p>\n<p style=\"text-align: justify;\">Asimismo, ha incidido en \u201cel crecimiento sobresaliente\u201d de esta competici\u00f3n, \u201cque comenz\u00f3 hace nueve ediciones como una experiencia ilusionante, y hoy es un proyecto maduro, estable y con gran capacidad de crecimiento\u201d, al tiempo que ha detallado la participaci\u00f3n, poniendo en valor que desde su primera edici\u00f3n se ha multiplicado por cuatro el n\u00famero de deportistas, y tambi\u00e9n la alta presencia de mujeres, que ya representan el 21 por ciento del total, as\u00ed como la s\u00f3lida base de corredores y corredoras provinciales, m\u00e1s del 80 por ciento.<\/p>\n<p style=\"text-align: justify;\">Tambi\u00e9n ha explicado que predominan los tramos de edad entre 40 y 60 a\u00f1os, \u201cun p\u00fablico experimentado y constante, con una fuerte tendencia hacia pruebas exigentes, que indican un perfil general del deportista con nivel medio alto\u201d, con una amplia variedad de edades, desde los 16 a los 77 a\u00f1os, evidenciando que los circuitos provinciales tambi\u00e9n son un espacio para el encuentro intergeneracional.<\/p>\n<p style=\"text-align: justify;\">Impacto positivo en el territorio<\/p>\n<p style=\"text-align: justify;\">La edici\u00f3n 2025 del circuito ha estado compuesta por 15 pruebas celebradas en distintos puntos de la provincia, a la que se unen 4 m\u00e1s correspondientes a la Copa Trail, en un amplio calendario que ha permitido mostrar la riqueza paisaj\u00edstica de Albacete, convirtiendo cada carrera en una oportunidad para descubrir nuevos entornos naturales \u00fanicos.<\/p>\n<p style=\"text-align: justify;\">De hecho, en su discurso, el diputado de Deportes ha destacado el impacto positivo que este circuito genera en los municipios participantes. La llegada de cientos de corredores, corredoras y acompa\u00f1antes a cada prueba supone una oportunidad para los negocios locales, especialmente en sectores como la hosteler\u00eda, el turismo rural y el comercio de proximidad. \u201cCada trail es una ventana abierta a nuestros pueblos, una ocasi\u00f3n para que quienes nos visitan descubran su patrimonio, su gastronom\u00eda y su hospitalidad\u201d, ha explicado.<\/p>\n<p style=\"text-align: justify;\">Sancha ha concluido sus palabras agradeciendo \u201cla pasi\u00f3n, la entrega y el compa\u00f1erismo\u201d que caracterizan a los y las atletas de esta competici\u00f3n, y les ha animado a seguir participando en una propuesta que \u201cseguir\u00e1 creciendo, innovando y llevando el deporte a todos los rincones de la provincia\u201d. Igualmente, ha avanzado que ya se est\u00e1 trabajando en la nueva edici\u00f3n de este Circuito, que llegar\u00e1 con sorpresas y retos renovados para celebrar una d\u00e9cada de trail en Albacete, y ha avanzado un Campeonato de Espa\u00f1a de esta modalidad.<\/p>\n<p style=\"text-align: justify;\">Con la clausura oficial, el IX Circuito Provincial de Trail cierra un a\u00f1o marcado por la participaci\u00f3n r\u00e9cord, la consolidaci\u00f3n organizativa y el reconocimiento de una comunidad deportiva en constante expansi\u00f3n. Una edici\u00f3n que deja el list\u00f3n muy alto y que confirma, una vez m\u00e1s, que la geograf\u00eda albacetense es un escenario privilegiado para disfrutar del deporte en plena naturaleza.<\/p>\n<p><!--publicidad-voz03--><a href=\"https:\/\/www.facebook.com\/profile.php?id=100063593791305&amp;locale=es_ES\"><img decoding=\"async\" class=\"alignnone size-medium\" src=\"https:\/\/blogger.googleusercontent.com\/img\/b\/R29vZ2xl\/AVvXsEi8_n_ll8UOcGxCqzFvb_9Io4ICczlGC990BPtPj2w9Px-u7B3oqWUW5vtjZUqPNJ-nyjiUIorE0ATsib_l5tV8BVN-UJ03RTnU__IHJF_4DgDBtY4LIqXNG-FomrO-7ywes20CBCRM2Hcm7EJSh3UUw1dO-c_uTflUrtgY1i7uBRezj_DpympmEFkfbQY\/s1600\/logo-principal2.jpg\" width=\"100%\" height=\"100\" \/><\/a><!--bestpublic-voz03--><!--desk-in-out-voz03--><br \/>\n<!--publicidad-voz04--><a href=\"https:\/\/www.facebook.com\/profile.php?id=61557370768692&amp;locale=es_ES\"><img decoding=\"async\" class=\"alignnone size-medium\" src=\"https:\/\/blogger.googleusercontent.com\/img\/b\/R29vZ2xl\/AVvXsEgy5RdcfffrnrItnYTcV9bCJjgJwldsQLWssfVfrLbyfXeBNTFKgBf0rMIvhrUaGUhiXzVr9_eQgCbi-j63ZDpfTvLIty9w7s140y-m1yHe7eKmEK7v2NAHUJDVYGdfeiQFeRCqUjdwWmN1MX_AUxxz4IVdJ4WIM0APxit8bjWkXzrnEFGqBvW_1F13H1g\/s1600\/logo-principal5.jpg\" width=\"100%\" height=\"100\" \/><\/a><!--bestpublic-voz04--><!--desk-in-out-voz04--><br \/>\n<!--publicidad-voz05--><a href=\"https:\/\/www.facebook.com\/asociaciontamborileroshellin?locale=es_ES\"><img decoding=\"async\" class=\"alignnone size-medium\" src=\"https:\/\/blogger.googleusercontent.com\/img\/b\/R29vZ2xl\/AVvXsEhHEEpZsKK1VpwiYMrS7aE2ujtqIDZoLd4B5wtbiseSU9s2HdTdQfhF84So2XwEB1fv0BLw95GADm6hUl1bkKtzh-eIgVigXONuu_5RxeIMPhjk8q6uNX4EaEHbooKkbu7pCADWPpVJjhKIH5NQSJpWqedC-YBez4QAQeJYokkLot9bhrIaUAeztsGis6M\/s1600\/logo-principal3.jpg\" width=\"100%\" height=\"100\" \/><\/a><!--bestpublic-voz05--><!--desk-in-out-voz05--><br \/>\n<!--publicidad-voz06--><!--bestpublic-voz06--><!--desk-in-out-voz06--><br \/>\n<!--publicidad-voz07--><!--bestpublic-voz07--><!--desk-in-out-voz07--><br \/>\n<!--publicidad-voz08--><!--bestpublic-voz08--><!--desk-in-out-voz08--><br \/>\n<!--publicidad-voz09--><!--bestpublic-voz09--><!--desk-in-out-voz09--><br \/>\n<!--publicidad-voz10--><!--bestpublic-voz10--><!--desk-in-out-voz10--><br \/>\n<!--publicidad-voz11--><!--bestpublic-voz11--><!--desk-in-out-voz11--><br \/>\n<!--publicidad-voz12--><!--bestpublic-voz12--><!--desk-in-out-voz12--><br \/>\n<!--publicidad-voz13--><!--bestpublic-voz13--><!--desk-in-out-voz13--><br \/>\n<!--publicidad-voz14--><!--bestpublic-voz14--><!--desk-in-out-voz14--><br \/>\n<!--publicidad-voz15--><!--bestpublic-voz15--><!--desk-in-out-voz15--><br \/>\n<!--publicidad-voz16--><!--bestpublic-voz16--><!--desk-in-out-voz16--><\/p>\n","protected":false},"excerpt":{"rendered":"<p>El IX Circuito Provincial de Trail de la Diputaci\u00f3n de Albacete se ha despedido con la tradicional gala de clausura y entrega de premios, en la que el diputado de&#8230;<\/p>\n","protected":false},"author":2,"featured_media":160351,"comment_status":"closed","ping_status":"closed","sticky":false,"template":"","format":"standard","meta":{"footnotes":""},"categories":[761,718,715,716,717],"tags":[],"class_list":["post-160350","post","type-post","status-publish","format-standard","has-post-thumbnail","hentry","category-blog-lv042","category-blogger","category-la-voz-de-hellin","category-la-voz-de-hellin-la-voz-de-hellin","category-noticias"],"_links":{"self":[{"href":"https:\/\/lavozdehellin.com\/noticias\/wp-json\/wp\/v2\/posts\/160350","targetHints":{"allow":["GET"]}}],"collection":[{"href":"https:\/\/lavozdehellin.com\/noticias\/wp-json\/wp\/v2\/posts"}],"about":[{"href":"https:\/\/lavozdehellin.com\/noticias\/wp-json\/wp\/v2\/types\/post"}],"author":[{"embeddable":true,"href":"https:\/\/lavozdehellin.com\/noticias\/wp-json\/wp\/v2\/users\/2"}],"replies":[{"embeddable":true,"href":"https:\/\/lavozdehellin.com\/noticias\/wp-json\/wp\/v2\/comments?post=160350"}],"version-history":[{"count":0,"href":"https:\/\/lavozdehellin.com\/noticias\/wp-json\/wp\/v2\/posts\/160350\/revisions"}],"wp:featuredmedia":[{"embeddable":true,"href":"https:\/\/lavozdehellin.com\/noticias\/wp-json\/wp\/v2\/media\/160351"}],"wp:attachment":[{"href":"https:\/\/lavozdehellin.com\/noticias\/wp-json\/wp\/v2\/media?parent=160350"}],"wp:term":[{"taxonomy":"category","embeddable":true,"href":"https:\/\/lavozdehellin.com\/noticias\/wp-json\/wp\/v2\/categories?post=160350"},{"taxonomy":"post_tag","embeddable":true,"href":"https:\/\/lavozdehellin.com\/noticias\/wp-json\/wp\/v2\/tags?post=160350"}],"curies":[{"name":"wp","href":"https:\/\/api.w.org\/{rel}","templated":true}]}}