{"id":160353,"date":"2025-12-11T20:54:07","date_gmt":"2025-12-11T18:54:07","guid":{"rendered":"https:\/\/lavozdehellin.com\/noticias\/?p=160353"},"modified":"2025-12-12T19:56:18","modified_gmt":"2025-12-12T17:56:18","slug":"v10-438-lvh-noticias-cabanero-y-gonzalez-animan-a-regalar-futuro-desde-la-tienda-solidaria-de-afanion-en-un-diciembre-en-el-que-la-entidad-celebra-30-anos-de-compromiso","status":"publish","type":"post","link":"https:\/\/lavozdehellin.com\/noticias\/v10-438-lvh-noticias-cabanero-y-gonzalez-animan-a-regalar-futuro-desde-la-tienda-solidaria-de-afanion-en-un-diciembre-en-el-que-la-entidad-celebra-30-anos-de-compromiso\/","title":{"rendered":"LVH NOTICIAS | CABA\u00d1ERO Y GONZ\u00c1LEZ ANIMAN A REGALAR FUTURO DESDE LA TIENDA SOLIDARIA DE AFANION EN UN DICIEMBRE EN EL QUE LA ENTIDAD CELEBRA 30 A\u00d1OS DE COMPROMISO"},"content":{"rendered":"<p style=\"text-align: justify;\">Fieles a su cita con las causas que hacen de esta provincia un lugar m\u00e1s humano, el presidente de la Diputaci\u00f3n de Albacete, Santi Caba\u00f1ero, y el diputado coordinador del \u00c1rea Social, Jos\u00e9 Gonz\u00e1lez, no han dejado de acompa\u00f1ar a la \u2018gran familia\u2019 de la Asociaci\u00f3n de Familias de Ni\u00f1os con C\u00e1ncer de Castilla-La Mancha (Afanion), en su tienda solidaria, reci\u00e9n inaugurada en la calle Mart\u00ednez Villena n\u00ba 4, en pleno coraz\u00f3n de Albacete.<\/p>\n<p><!--more--><br \/>\n<!--publicidad-voz01--><a href=\"https:\/\/www.facebook.com\/SoloRadioHellin\/?locale=es_ES\"><img decoding=\"async\" class=\"alignnone size-medium\" src=\"https:\/\/blogger.googleusercontent.com\/img\/b\/R29vZ2xl\/AVvXsEiNncirNnyGedv00mhjZjh5Wl4_YPdJGanoAl8tL8zH-HwqE8uHqjEfSt340RHdx-9tuCSIkZ8rFamZiGyYlgDGxCsmXjCH_1xk5eYM3ntFZRvJP_jndOKR7w1UAo9Tu0vrZyOLfqRpHIxYI5SymJJ-pfGCQw6QVpggBH-UgfjiFQ2JOxqxG0Jx94kW83c\/s1600\/logo-principal.jpg\" width=\"100%\" height=\"100\" \/><\/a><!--bestpublic-voz01--><!--desk-in-out-voz01--><br \/>\n<!--publicidad-voz02--><a href=\"https:\/\/www.hellincf.com\/\"><img decoding=\"async\" class=\"alignnone size-medium\" src=\"https:\/\/blogger.googleusercontent.com\/img\/b\/R29vZ2xl\/AVvXsEhuZ4-XfBVj3UtdP8-RZugy3WVrg-Zv28c53m4oV47qYCxL1rX_dqWX_YddsGSnpH5SRDqZ7bZeKPIfDVCDncpjVlhy3aQs2vojcJBn7Gdv9hC2_Nzct_pRFrnFE1a7KTCdY1bT_kAgnY3-iadRZrGeJf1fR2P5fu11bokx0pWjaypoy-ctwCjklldpEbA\/s1600\/logo-principal7.jpg\" width=\"100%\" height=\"100\" \/><\/a><!--bestpublic-voz02--><!--desk-in-out-voz02--><\/p>\n<p style=\"text-align: justify;\">Recibidos por el presidente de Afanion, Juan Garc\u00eda, y parte de su equipo, ambos dirigentes provinciales, han querido acompa\u00f1ar a la asociaci\u00f3n en la apertura de un espacio que ya se ha convertido en un lugar imprescindible por el que pasar de cara a las fechas navide\u00f1as, en las que tener presentes a quienes son m\u00e1s vulnerables cobra m\u00e1s significado si cabe.<\/p>\n<p style=\"text-align: justify;\">\u201cUna tienda que transforma la solidaridad en derechos y esperanza\u201d<\/p>\n<p style=\"text-align: justify;\">Durante la visita, durante la que han coincidido con, entre otros, la delegada de Sanidad, Juani Garc\u00eda y con el subdelegado del Gobierno de Espa\u00f1a en Albacete, Miguel Juan Espinosa, Caba\u00f1ero ha puesto en valor la importancia de esta iniciativa, que combina la sensibilizaci\u00f3n con la acci\u00f3n directa: \u201cEsta tienda es mucho m\u00e1s que un punto de venta solidario; es un ejemplo de c\u00f3mo la ciudadan\u00eda, el voluntariado y las familias convierten la empat\u00eda en derechos y esperanza. Cada regalo aqu\u00ed tiene un valor a\u00f1adido enorme: el del compromiso que transforma vidas\u201d.<\/p>\n<p style=\"text-align: justify;\">La Diputaci\u00f3n mantiene un compromiso firme con Afanion, no s\u00f3lo a trav\u00e9s del convenio anual que ayuda a sostener sus programas psicosociales y educativos, sino tambi\u00e9n mediante colaboraciones como la edici\u00f3n de sus calendarios solidarios (tambi\u00e9n a la venta en este lugar, y que llegar\u00e1n a cada ayuntamiento de la provincia a trav\u00e9s de la Diputaci\u00f3n), la participaci\u00f3n en actos de sensibilizaci\u00f3n o el apoyo especial que se ha hecho este a\u00f1o, en el marco del 30\u00ba aniversario de la entidad.<br \/>\nUn a\u00f1o muy especial: tres d\u00e9cadas de compromiso, cari\u00f1o y dignidad<\/p>\n<p style=\"text-align: justify;\">Y es que Afanion cumple este 2025 tres d\u00e9cadas de trayectoria, un camino construido desde el compromiso y la entrega de las familias que integran la asociaci\u00f3n. En este sentido, Caba\u00f1ero ha reiterado su gratitud a quienes forman parte de esta historia: \u201cTreinta a\u00f1os de Afanion son treinta a\u00f1os de lucha colectiva. En nombre de toda la Diputaci\u00f3n, gracias por ser ese ejemplo de sociedad organizada que no mira hacia otro lado y que ha sabido recordarnos, d\u00eda tras d\u00eda, que su tes\u00f3n y su constancia son tambi\u00e9n una forma de justicia social que no s\u00f3lo debemos acompa\u00f1ar, sino liderar\u201d.<\/p>\n<p style=\"text-align: justify;\">Tanto Caba\u00f1ero como Gonz\u00e1lez han confirmado a Juan Garc\u00eda que no faltar\u00e1n a la gala conmemorativa del 30\u00ba aniversario que la entidad celebrar\u00e1 este pr\u00f3ximo 19 de diciembre en el Teatro Circo de Albacete, se\u00f1alando que ser\u00e1 \u201cun honor\u201d acompa\u00f1arles en una fecha tan especial, como muestra de \u201cla admiraci\u00f3n, el cari\u00f1o y el respeto que toda la provincia y, especialmente, el Gobierno de la Diputaci\u00f3n, siente por Afanion\u201d.<br \/>\nProductos con valor y coraz\u00f3n<\/p>\n<p style=\"text-align: justify;\">La Tienda Solidaria de Afanion permanecer\u00e1 abierta hasta el 5 de enero, en horario de 10:00 a 14:00 y de 17:30 a 20:30, excepto las tardes del 24 y 31 de diciembre y los d\u00edas 25 de diciembre y 1 de enero.<\/p>\n<p style=\"text-align: justify;\">En ella se pueden adquirir, mediante donativo, pulseras, mochilas, juguetes, libros, camisetas, sudaderas y otros art\u00edculos solidarios, elaborados y gestionados por 23 familias y 16 personas voluntarias, cuyo esfuerzo hace posible que la recaudaci\u00f3n se destine \u00edntegramente a los programas de apoyo econ\u00f3mico, psicosocial, educativo y de sensibilizaci\u00f3n e investigaci\u00f3n que Afanion desarrolla.<\/p>\n<p style=\"text-align: justify;\">Caba\u00f1ero ha animado a toda la ciudadan\u00eda a visitar la tienda durante estas fiestas: \u201cCada compra aqu\u00ed es una manera de regalar presencia y respaldo. Quien entre en esta tienda sale con el coraz\u00f3n m\u00e1s lleno, porque sabe que est\u00e1 contribuyendo a mejorar la vida de quienes m\u00e1s lo necesitan sin olvidar que \u00e9sa situaci\u00f3n puede ser la nuestra en cualquier momento\u201d.<\/p>\n<p><!--publicidad-voz03--><a href=\"https:\/\/www.facebook.com\/profile.php?id=100063593791305&amp;locale=es_ES\"><img decoding=\"async\" class=\"alignnone size-medium\" src=\"https:\/\/blogger.googleusercontent.com\/img\/b\/R29vZ2xl\/AVvXsEi8_n_ll8UOcGxCqzFvb_9Io4ICczlGC990BPtPj2w9Px-u7B3oqWUW5vtjZUqPNJ-nyjiUIorE0ATsib_l5tV8BVN-UJ03RTnU__IHJF_4DgDBtY4LIqXNG-FomrO-7ywes20CBCRM2Hcm7EJSh3UUw1dO-c_uTflUrtgY1i7uBRezj_DpympmEFkfbQY\/s1600\/logo-principal2.jpg\" width=\"100%\" height=\"100\" \/><\/a><!--bestpublic-voz03--><!--desk-in-out-voz03--><br \/>\n<!--publicidad-voz04--><a href=\"https:\/\/www.facebook.com\/profile.php?id=61557370768692&amp;locale=es_ES\"><img decoding=\"async\" class=\"alignnone size-medium\" src=\"https:\/\/blogger.googleusercontent.com\/img\/b\/R29vZ2xl\/AVvXsEgy5RdcfffrnrItnYTcV9bCJjgJwldsQLWssfVfrLbyfXeBNTFKgBf0rMIvhrUaGUhiXzVr9_eQgCbi-j63ZDpfTvLIty9w7s140y-m1yHe7eKmEK7v2NAHUJDVYGdfeiQFeRCqUjdwWmN1MX_AUxxz4IVdJ4WIM0APxit8bjWkXzrnEFGqBvW_1F13H1g\/s1600\/logo-principal5.jpg\" width=\"100%\" height=\"100\" \/><\/a><!--bestpublic-voz04--><!--desk-in-out-voz04--><br \/>\n<!--publicidad-voz05--><a href=\"https:\/\/www.facebook.com\/asociaciontamborileroshellin?locale=es_ES\"><img decoding=\"async\" class=\"alignnone size-medium\" src=\"https:\/\/blogger.googleusercontent.com\/img\/b\/R29vZ2xl\/AVvXsEhHEEpZsKK1VpwiYMrS7aE2ujtqIDZoLd4B5wtbiseSU9s2HdTdQfhF84So2XwEB1fv0BLw95GADm6hUl1bkKtzh-eIgVigXONuu_5RxeIMPhjk8q6uNX4EaEHbooKkbu7pCADWPpVJjhKIH5NQSJpWqedC-YBez4QAQeJYokkLot9bhrIaUAeztsGis6M\/s1600\/logo-principal3.jpg\" width=\"100%\" height=\"100\" \/><\/a><!--bestpublic-voz05--><!--desk-in-out-voz05--><br \/>\n<!--publicidad-voz06--><!--bestpublic-voz06--><!--desk-in-out-voz06--><br \/>\n<!--publicidad-voz07--><!--bestpublic-voz07--><!--desk-in-out-voz07--><br \/>\n<!--publicidad-voz08--><!--bestpublic-voz08--><!--desk-in-out-voz08--><br \/>\n<!--publicidad-voz09--><!--bestpublic-voz09--><!--desk-in-out-voz09--><br \/>\n<!--publicidad-voz10--><!--bestpublic-voz10--><!--desk-in-out-voz10--><br \/>\n<!--publicidad-voz11--><!--bestpublic-voz11--><!--desk-in-out-voz11--><br \/>\n<!--publicidad-voz12--><!--bestpublic-voz12--><!--desk-in-out-voz12--><br \/>\n<!--publicidad-voz13--><!--bestpublic-voz13--><!--desk-in-out-voz13--><br \/>\n<!--publicidad-voz14--><!--bestpublic-voz14--><!--desk-in-out-voz14--><br \/>\n<!--publicidad-voz15--><!--bestpublic-voz15--><!--desk-in-out-voz15--><br \/>\n<!--publicidad-voz16--><!--bestpublic-voz16--><!--desk-in-out-voz16--><\/p>\n","protected":false},"excerpt":{"rendered":"<p>Fieles a su cita con las causas que hacen de esta provincia un lugar m\u00e1s humano, el presidente de la Diputaci\u00f3n de Albacete, Santi Caba\u00f1ero, y el diputado coordinador del&#8230;<\/p>\n","protected":false},"author":2,"featured_media":160354,"comment_status":"closed","ping_status":"closed","sticky":false,"template":"","format":"standard","meta":{"footnotes":""},"categories":[761,718,715,716,717],"tags":[],"class_list":["post-160353","post","type-post","status-publish","format-standard","has-post-thumbnail","hentry","category-blog-lv042","category-blogger","category-la-voz-de-hellin","category-la-voz-de-hellin-la-voz-de-hellin","category-noticias"],"_links":{"self":[{"href":"https:\/\/lavozdehellin.com\/noticias\/wp-json\/wp\/v2\/posts\/160353","targetHints":{"allow":["GET"]}}],"collection":[{"href":"https:\/\/lavozdehellin.com\/noticias\/wp-json\/wp\/v2\/posts"}],"about":[{"href":"https:\/\/lavozdehellin.com\/noticias\/wp-json\/wp\/v2\/types\/post"}],"author":[{"embeddable":true,"href":"https:\/\/lavozdehellin.com\/noticias\/wp-json\/wp\/v2\/users\/2"}],"replies":[{"embeddable":true,"href":"https:\/\/lavozdehellin.com\/noticias\/wp-json\/wp\/v2\/comments?post=160353"}],"version-history":[{"count":0,"href":"https:\/\/lavozdehellin.com\/noticias\/wp-json\/wp\/v2\/posts\/160353\/revisions"}],"wp:featuredmedia":[{"embeddable":true,"href":"https:\/\/lavozdehellin.com\/noticias\/wp-json\/wp\/v2\/media\/160354"}],"wp:attachment":[{"href":"https:\/\/lavozdehellin.com\/noticias\/wp-json\/wp\/v2\/media?parent=160353"}],"wp:term":[{"taxonomy":"category","embeddable":true,"href":"https:\/\/lavozdehellin.com\/noticias\/wp-json\/wp\/v2\/categories?post=160353"},{"taxonomy":"post_tag","embeddable":true,"href":"https:\/\/lavozdehellin.com\/noticias\/wp-json\/wp\/v2\/tags?post=160353"}],"curies":[{"name":"wp","href":"https:\/\/api.w.org\/{rel}","templated":true}]}}