{"id":160356,"date":"2025-12-11T13:43:43","date_gmt":"2025-12-11T11:43:43","guid":{"rendered":"https:\/\/lavozdehellin.com\/noticias\/?p=160356"},"modified":"2025-12-12T19:56:18","modified_gmt":"2025-12-12T17:56:18","slug":"v10-437-lvh-noticias-el-gobierno-de-la-diputacion-de-albacete-presenta-unos-presupuestos-2026-historicos-de-consenso-y-profundamente-municipalistas","status":"publish","type":"post","link":"https:\/\/lavozdehellin.com\/noticias\/v10-437-lvh-noticias-el-gobierno-de-la-diputacion-de-albacete-presenta-unos-presupuestos-2026-historicos-de-consenso-y-profundamente-municipalistas\/","title":{"rendered":"LVH NOTICIAS | EL GOBIERNO DE LA DIPUTACI\u00d3N DE ALBACETE PRESENTA UNOS PRESUPUESTOS 2026 \u201cHIST\u00d3RICOS, DE CONSENSO Y PROFUNDAMENTE MUNICIPALISTAS\u201d"},"content":{"rendered":"<p style=\"text-align: justify;\">La Diputaci\u00f3n de Albacete afrontar\u00e1 2026 con unos Presupuestos \u201chist\u00f3ricos\u201d en muchas de sus magnitudes.<\/p>\n<p><!--more--><br \/>\n<!--publicidad-voz01--><a href=\"https:\/\/www.facebook.com\/SoloRadioHellin\/?locale=es_ES\"><img decoding=\"async\" class=\"alignnone size-medium\" src=\"https:\/\/blogger.googleusercontent.com\/img\/b\/R29vZ2xl\/AVvXsEiNncirNnyGedv00mhjZjh5Wl4_YPdJGanoAl8tL8zH-HwqE8uHqjEfSt340RHdx-9tuCSIkZ8rFamZiGyYlgDGxCsmXjCH_1xk5eYM3ntFZRvJP_jndOKR7w1UAo9Tu0vrZyOLfqRpHIxYI5SymJJ-pfGCQw6QVpggBH-UgfjiFQ2JOxqxG0Jx94kW83c\/s1600\/logo-principal.jpg\" width=\"100%\" height=\"100\" \/><\/a><!--bestpublic-voz01--><!--desk-in-out-voz01--><br \/>\n<!--publicidad-voz02--><a href=\"https:\/\/www.hellincf.com\/\"><img decoding=\"async\" class=\"alignnone size-medium\" src=\"https:\/\/blogger.googleusercontent.com\/img\/b\/R29vZ2xl\/AVvXsEhuZ4-XfBVj3UtdP8-RZugy3WVrg-Zv28c53m4oV47qYCxL1rX_dqWX_YddsGSnpH5SRDqZ7bZeKPIfDVCDncpjVlhy3aQs2vojcJBn7Gdv9hC2_Nzct_pRFrnFE1a7KTCdY1bT_kAgnY3-iadRZrGeJf1fR2P5fu11bokx0pWjaypoy-ctwCjklldpEbA\/s1600\/logo-principal7.jpg\" width=\"100%\" height=\"100\" \/><\/a><!--bestpublic-voz02--><!--desk-in-out-voz02--><\/p>\n<p style=\"text-align: justify;\">Este jueves, el presidente, Santi Caba\u00f1ero, y el vicepresidente y responsable del \u00c1rea Econ\u00f3mica, Fran Valera, han presentado las \u2018l\u00edneas maestras\u2019 de ese proyecto en el que comenzaban a trabajar el pasado mes de mayo y que se debatir\u00e1 y votar\u00e1 ma\u00f1ana en el Pleno de la Corporaci\u00f3n.<\/p>\n<p style=\"text-align: justify;\">Unas cuentas que Caba\u00f1ero ha definido como la \u2018hoja de ruta\u2019 de lo que tiene que ser el a\u00f1o para la instituci\u00f3n; \u201cno s\u00f3n solo n\u00fameros, son una filosof\u00eda de trabajo al servicio de la provincia\u201d, ha subrayado. Ascienden a 175.225.245 euros, lo que supone 35,3 millones m\u00e1s que en 2025, un crecimiento del 25,26%.<\/p>\n<p style=\"text-align: justify;\">Si se suman los organismos aut\u00f3nomos y entes dependientes, el llamado \u2018per\u00edmetro consolidado\u2019 supera los 211 millones de euros. \u201cNunca antes la Diputaci\u00f3n hab\u00eda tenido esta capacidad econ\u00f3mica para invertir y atender las necesidades de la provincia\u201d, ha se\u00f1alado el presidente, que ha insistido en el empe\u00f1o del equipo de gobierno de dejar los Presupuestos aprobados antes de que comience el ejercicio: \u201cSsi no falla nada, a la vuelta de Reyes ya tendremos el presupuesto en vigor y los ayuntamientos podr\u00e1n empezar a trabajar con certezas desde el primer d\u00eda\u201d.<\/p>\n<p style=\"text-align: justify;\">Desde una perspectiva ciudadana, las cifras se traducen en 424,41 euros de gasto por habitante (un 16,28% m\u00e1s que el a\u00f1o pasado) y 130,77 euros de inversi\u00f3n por persona, (70 euros m\u00e1s que en 2025; es decir, un incremento del 115,33% en la inversi\u00f3n per c\u00e1pita). \u201cEso significa m\u00e1s carreteras en buen estado, mejores instalaciones municipales, m\u00e1s agua segura y m\u00e1s servicios en los pueblos\u201d, ha resumido el presidente.<\/p>\n<p style=\"text-align: justify;\">Caba\u00f1ero ha puesto especialmente en valor el acuerdo alcanzado con el Partido Popular para sacar adelante estas cuentas. \u201cTenemos mayor\u00eda absoluta y podr\u00edamos haber aprobado un presupuesto unilateral, pero entendemos que unos Presupuestos que cuentan con el apoyo de 23 diputados son mejores que si s\u00f3lo los respaldan 13. Hemos trabajado con voluntad negociadora y quiero agradecer expresamente al PP ese apoyo\u201d, ha se\u00f1alado, refiriendo que tambi\u00e9n se han mantenido reuniones con Vox, aunque sin acuerdo.<\/p>\n<p style=\"text-align: justify;\">Deuda cero, fuerte apoyo del Gobierno de Espa\u00f1a y un esfuerzo inversor sin precedentes<\/p>\n<p style=\"text-align: justify;\">Santi Caba\u00f1ero ha recordado que el punto de partida de este presupuesto es una Diputaci\u00f3n con las cuentas saneadas. Cuando accedi\u00f3 a la Presidencia, en junio de 2015, la instituci\u00f3n arrastraba 39,9 millones de deuda, con un \u00edndice de endeudamiento cercano al 53%, a los que hubo que sumar los 14 millones derivados del conocido caso de la herencia de Purificaci\u00f3n Urrea. \u201cDespu\u00e9s de nueve a\u00f1os hemos amortizado m\u00e1s de 53 millones de euros. La deuda es cero y no vamos a dedicar ni un solo c\u00e9ntimo a pagar intereses. Todo lo que entra se destina a mejorar la vida de la gente en la provincia\u201d, ha se\u00f1alado, vinculado ese resultado a \u201cuna gesti\u00f3n seria y a un profundo respeto por el dinero p\u00fablico\u201d.<\/p>\n<p style=\"text-align: justify;\">Tanto el presidente como el vicepresidente, Fran Valera, han destacado otro factor clave: el respaldo del Gobierno de Espa\u00f1a. Caba\u00f1ero lo ha definido como \u201cel gobierno m\u00e1s municipalista de la historia democr\u00e1tica de este pa\u00eds\u201d y Valera ha aportado cifras contundentes en ese sentido: en 2019, la Diputaci\u00f3n recib\u00eda 91 millones de euros en transferencias corrientes del Estado; para 2026 la previsi\u00f3n se sit\u00faa en torno a los 143\u2013144 millones, lo que supone un incremento de unos 55 millones en seis a\u00f1os. \u201cTodo lo dem\u00e1s es ruido. Estos son datos objetivos\u201d, ha recalcado el vicepresidente.<\/p>\n<p style=\"text-align: justify;\">A ese apoyo, se suma la capacidad de la Diputaci\u00f3n para captar fondos de otras administraciones. Valera ha recordado programas ya realizados o en marcha (como el DUS 5000, el Plan de Sostenibilidad Tur\u00edstica de La Manchuela o la primera edici\u00f3n de Dipualba Protege), iniciativa \u00e9sta \u00faltima que en 2026 comenzar\u00e1 a desarrollar su segunda edici\u00f3n con alrededor de 3 millones de euros en el presupuesto. La instituci\u00f3n gestionar\u00e1, adem\u00e1s, cerca de 13,5 millones de fondos europeos vinculados, entre otras actuaciones, al PAI de SACAM y al \u00e1rea funcional de La Roda\u2013Mancha J\u00facar Centro que supondr\u00e1n inversiones en ambas comarcas de unos 15 millones.<\/p>\n<p style=\"text-align: justify;\">Con esta base, el proyecto de Presupuestos permite un esfuerzo inversor que ambos han calificado de \u201chist\u00f3rico\u201d. Entre los cap\u00edtulos VI y VII se movilizan 50.879.131 euros en inversiones y transferencias de capital, en torno al 30% del presupuesto total, pese a que el cap\u00edtulo 1 \u2013el de personal\u2013 sigue creciendo por las obligaciones normativas y por el refuerzo de servicios t\u00e9cnicos que apoyan directamente a los ayuntamientos.<\/p>\n<p style=\"text-align: justify;\">\u201cEs una cifra in\u00e9dita que se va a traducir en m\u00e1s de 50 millones de inversi\u00f3n directa o canalizada a trav\u00e9s de los municipios\u201d, ha se\u00f1alado Valera, quien ha mencionado como ejemplos los cerca de 30 millones para la red provincial de carreteras (con una gran operaci\u00f3n cofinanciada al 50% por el Gobierno de Espa\u00f1a), los 6 millones comprometidos para el nuevo Conservatorio de M\u00fasica, las inversiones en el ciclo integral del agua, la apuesta por la vivienda municipal o el apoyo a escuelas infantiles, colegios p\u00fablicos y consultorios m\u00e9dicos en los pueblos.<\/p>\n<p style=\"text-align: justify;\">Cuatro grandes ejes para llegar a cada pueblo: econom\u00eda, servicios sociales, oportunidades y territorio<\/p>\n<p style=\"text-align: justify;\">El presidente ha explicado que el presupuesto se ha organizado en torno a cuatro grandes objetivos que resumen la filosof\u00eda del equipo de gobierno.<\/p>\n<p style=\"text-align: justify;\">El primero, la promoci\u00f3n econ\u00f3mica y el apoyo a los municipios, movilizar\u00e1 99.303.444 euros. \u201cCasi 100 millones que van a ir directamente a ayuntamientos o a iniciativas, propias o externas, que generan empleo, actividad econ\u00f3mica y mejores servicios y recursos en nuestros pueblos\u201d, ha indicado Caba\u00f1ero.<\/p>\n<p style=\"text-align: justify;\">Valera ha detallado que en este \u00e1mbito se integran desde el Plan de Empleo de la Junta de Comunidades, los tres millones de Dipualba Protege II o los dos millones para caminos rurales, hasta las l\u00edneas de gasto corriente para los consistorios, la recuperaci\u00f3n de la convocatoria de compra de veh\u00edculos municipales, el mill\u00f3n destinado a vivienda municipal o la nueva l\u00ednea de ayudas para peque\u00f1as inversiones en escuelas infantiles, colegios p\u00fablicos y consultorios m\u00e9dicos. Tambi\u00e9n ha subrayado el papel del SEPEI, con una inversi\u00f3n global de 18,6 millones (entre personal y renovaci\u00f3n de flota), y del Parque M\u00f3vil, con m\u00e1s de cinco millones que permiten que la Diputaci\u00f3n est\u00e9 \u201c365 d\u00edas al a\u00f1o\u201d arreglando caminos, apoyando en emergencias y prestando servicios que muchos ayuntamientos no podr\u00edan abordar en solitario.<\/p>\n<p style=\"text-align: justify;\">El segundo eje se centra en los servicios sociales, el apoyo al Tercer Sector y la igualdad y supera los 28,4 millones de euros. Caba\u00f1ero lo ha definido como \u201cuna de las razones de ser\u201d de la Diputaci\u00f3n. Valera ha insistido en que todo es negociable \u201csalvo las pol\u00edticas sociales\u201d, subrayando que se refuerza el compromiso con la Residencia San Vicente de Pa\u00fal, que supera los 13 millones de euros entre n\u00f3minas y gastos, y con la Unidad de Media Estancia, que ronda los cinco millones.<\/p>\n<p style=\"text-align: justify;\">En este sentido, ha recordado que la residencia es \u201cla m\u00e1s demandada de la provincia\u201d y que la UME es uno de los pocos recursos p\u00fablicos pr\u00f3ximos en salud mental. En este bloque se encuadran tambi\u00e9n las convocatorias y convenios con entidades del tercer sector, con nuevas l\u00edneas espec\u00edficas para inversiones y veh\u00edculos de asociaciones sociosanitarias, tambi\u00e9n un bloque de igualdad que supera los 600.000 euros incluyendo el Plan Corresponsables, al que la Diputaci\u00f3n aporta m\u00e1s de 200.000 euros para garantizar servicios de conciliaci\u00f3n en los pueblos m\u00e1s \u2018peque\u00f1os\u2019.<\/p>\n<p style=\"text-align: justify;\">Dentro de este cap\u00edtulo social, Valera ha destacado al Consorcio de Servicios Sociales como \u201cel buque insignia\u201d de la provincia, con m\u00e1s de 4,5 millones aportados por la Diputaci\u00f3n sobre un presupuesto total de 17 millones. Este consorcio atiende a unas 3.000 personas con ayuda a domicilio y a alrededor de 1.000 con comidas a domicilio, y da trabajo a unas 600 auxiliares, en su mayor\u00eda mujeres del medio rural. \u201cQuien vea aqu\u00ed un gasto se equivoca. Es una inversi\u00f3n en territorio y en dignidad para esas 4.000 personas\u201d, ha afirmado. Tambi\u00e9n ha puesto en valor el Consorcio de Atenci\u00f3n Ciudadana, con m\u00e1s de 1,1 millones, que ayuda a la poblaci\u00f3n, especialmente en n\u00facleos rurales, a defender sus derechos frente a abusos de grandes compa\u00f1\u00edas y a romper la brecha digital.<\/p>\n<p style=\"text-align: justify;\">El tercer eje del presupuesto est\u00e1 dedicado a educaci\u00f3n, cultura, deporte y juventud, con 8.767.000 euros. Caba\u00f1ero ha explicado que el objetivo es que \u201cvivir en un pueblo no sea una excusa para tener peores oportunidades culturales, deportivas o educativas, sino una opci\u00f3n de vida plena\u201d. Valera ha citado, entre otras actuaciones, el refuerzo del Consorcio Cultural Albacete y del Instituto de Estudios Albacetenses, el apoyo creciente a las Universidades Populares, la colaboraci\u00f3n con bandas y academias de m\u00fasica y la inversi\u00f3n en circuitos deportivos provinciales y deporte escolar. Ha recordado que los circuitos populares de la Diputaci\u00f3n son referencia en Castilla-La Mancha y provincias lim\u00edtrofes y que en 2025 llegar\u00e1n a superar las 300 pruebas, con alrededor de 70.000 participantes distintos. \u201cNo todo es obra; tambi\u00e9n hay que cuidar lo que da vida a los municipios\u201d, ha a\u00f1adido.<\/p>\n<p style=\"text-align: justify;\">El cuarto eje, dotado con 6.468.560 euros, engloba las pol\u00edticas de medio ambiente, turismo y desarrollo rural. Caba\u00f1ero lo ha descrito como el bloque que \u201cimpulsa y respalda todo lo que tiene que ver con cuidar nuestro entorno, nuestra biodiversidad y nuestro patrimonio, apoyar al sector primario, promocionar sus productos y hacer del turismo de interior una oportunidad de futuro sostenible\u201d. Valera ha se\u00f1alado actuaciones como la auditor\u00eda del abastecimiento de agua potable en los municipios, las convocatorias ambientales ligadas a la Agenda 2030, la gesti\u00f3n y control de plagas, los programas de turismo y promoci\u00f3n y el papel clave del ITAP y del Consorcio de Medio Ambiente, que permiten una recogida selectiva de residuos eficiente y con coste cero para los ayuntamientos.<\/p>\n<p style=\"text-align: justify;\">En todos estos \u00e1mbitos, la Diputaci\u00f3n mantiene, seg\u00fan han insistido ambos, una idea de fondo: seguir afrontando de forma transversal el reto de la despoblaci\u00f3n, con m\u00e1s municipalismo, m\u00e1s autonom\u00eda local y medidas \u201cdiana\u201d para cada municipio.<\/p>\n<p style=\"text-align: justify;\">M\u00e1s transparencia, menos convenios y una forma distinta de hacer pol\u00edtica<\/p>\n<p style=\"text-align: justify;\">Adem\u00e1s de las cifras, Valera ha querido poner el foco en la manera de gestionar el presupuesto. Ha explicado que la instituci\u00f3n est\u00e1 abandonando \u201cviejos modelos\u201d basados en convenios nominativos y relaciones bilaterales poco transparentes y avanzando hacia un sistema de convocatorias p\u00fablicas y concurrencia competitiva. Solo en este presupuesto se eliminan en torno a 90 convenios particulares para integrar esos recursos en convocatorias abiertas. \u201cProbablemente nos cueste m\u00e1s y nos obligue a dar m\u00e1s explicaciones, pero es la forma correcta de repartir el dinero p\u00fablico: con criterios objetivos y no en los despachos\u201d, ha se\u00f1alado, invitando a que esta apuesta se extienda a otras administraciones.<\/p>\n<p style=\"text-align: justify;\">En la parte pol\u00edtica, tanto el presidente como el vicepresidente han reivindicado el clima de acuerdo alcanzado con el Partido Popular frente a la crispaci\u00f3n que se vive en otros \u00e1mbitos. Caba\u00f1ero ha asegurado que \u201chemos intentado abstraernos del ruido y poner la provincia por encima de cualquier otra cosa\u201d, mientras que Valera ha reconocido expresamente el trabajo de negociaci\u00f3n desarrollado con los grupos. Sobre Vox, ha explicado que, aunque se han mantenido reuniones, sus enmiendas planteaban renunciar a cuestiones como la cooperaci\u00f3n internacional, la igualdad entre hombres y mujeres, la igualdad salarial o la Agenda 2030. \u201cSi ese era el precio, casi nos sentimos m\u00e1s orgullosos del desacuerdo que del acuerdo\u201d, ha apuntado.<\/p>\n<p style=\"text-align: justify;\">El presidente ha cerrado la presentaci\u00f3n agradeciendo la generosidad del equipo de gobierno, que \u201crenuncia a veces a pretensiones propias por el bien del conjunto\u201d, y el trabajo del personal t\u00e9cnico de la casa, especialmente, de Intervenci\u00f3n y Secretar\u00eda. Ha tenido tambi\u00e9n palabras muy especiales para el propio Valera, al que ha definido como \u201cmente pensante y brazo ejecutor\u201d del presupuesto y de la capacidad de acuerdo.<\/p>\n<p style=\"text-align: justify;\">\u201c\u00c9ste es un presupuesto muy municipalista y muy de consenso. Queremos que ninguna alcald\u00eda, sea del signo que sea, sienta que est\u00e1 sola. Detr\u00e1s tiene una Diputaci\u00f3n seria, responsable, progresista y profundamente pegada a sus pueblos\u201d, ha concluido.<\/p>\n<p><!--publicidad-voz03--><a href=\"https:\/\/www.facebook.com\/profile.php?id=100063593791305&amp;locale=es_ES\"><img decoding=\"async\" class=\"alignnone size-medium\" src=\"https:\/\/blogger.googleusercontent.com\/img\/b\/R29vZ2xl\/AVvXsEi8_n_ll8UOcGxCqzFvb_9Io4ICczlGC990BPtPj2w9Px-u7B3oqWUW5vtjZUqPNJ-nyjiUIorE0ATsib_l5tV8BVN-UJ03RTnU__IHJF_4DgDBtY4LIqXNG-FomrO-7ywes20CBCRM2Hcm7EJSh3UUw1dO-c_uTflUrtgY1i7uBRezj_DpympmEFkfbQY\/s1600\/logo-principal2.jpg\" width=\"100%\" height=\"100\" \/><\/a><!--bestpublic-voz03--><!--desk-in-out-voz03--><br \/>\n<!--publicidad-voz04--><a href=\"https:\/\/www.facebook.com\/profile.php?id=61557370768692&amp;locale=es_ES\"><img decoding=\"async\" class=\"alignnone size-medium\" src=\"https:\/\/blogger.googleusercontent.com\/img\/b\/R29vZ2xl\/AVvXsEgy5RdcfffrnrItnYTcV9bCJjgJwldsQLWssfVfrLbyfXeBNTFKgBf0rMIvhrUaGUhiXzVr9_eQgCbi-j63ZDpfTvLIty9w7s140y-m1yHe7eKmEK7v2NAHUJDVYGdfeiQFeRCqUjdwWmN1MX_AUxxz4IVdJ4WIM0APxit8bjWkXzrnEFGqBvW_1F13H1g\/s1600\/logo-principal5.jpg\" width=\"100%\" height=\"100\" \/><\/a><!--bestpublic-voz04--><!--desk-in-out-voz04--><br \/>\n<!--publicidad-voz05--><a href=\"https:\/\/www.facebook.com\/asociaciontamborileroshellin?locale=es_ES\"><img decoding=\"async\" class=\"alignnone size-medium\" src=\"https:\/\/blogger.googleusercontent.com\/img\/b\/R29vZ2xl\/AVvXsEhHEEpZsKK1VpwiYMrS7aE2ujtqIDZoLd4B5wtbiseSU9s2HdTdQfhF84So2XwEB1fv0BLw95GADm6hUl1bkKtzh-eIgVigXONuu_5RxeIMPhjk8q6uNX4EaEHbooKkbu7pCADWPpVJjhKIH5NQSJpWqedC-YBez4QAQeJYokkLot9bhrIaUAeztsGis6M\/s1600\/logo-principal3.jpg\" width=\"100%\" height=\"100\" \/><\/a><!--bestpublic-voz05--><!--desk-in-out-voz05--><br \/>\n<!--publicidad-voz06--><!--bestpublic-voz06--><!--desk-in-out-voz06--><br \/>\n<!--publicidad-voz07--><!--bestpublic-voz07--><!--desk-in-out-voz07--><br \/>\n<!--publicidad-voz08--><!--bestpublic-voz08--><!--desk-in-out-voz08--><br \/>\n<!--publicidad-voz09--><!--bestpublic-voz09--><!--desk-in-out-voz09--><br \/>\n<!--publicidad-voz10--><!--bestpublic-voz10--><!--desk-in-out-voz10--><br \/>\n<!--publicidad-voz11--><!--bestpublic-voz11--><!--desk-in-out-voz11--><br \/>\n<!--publicidad-voz12--><!--bestpublic-voz12--><!--desk-in-out-voz12--><br \/>\n<!--publicidad-voz13--><!--bestpublic-voz13--><!--desk-in-out-voz13--><br \/>\n<!--publicidad-voz14--><!--bestpublic-voz14--><!--desk-in-out-voz14--><br \/>\n<!--publicidad-voz15--><!--bestpublic-voz15--><!--desk-in-out-voz15--><br \/>\n<!--publicidad-voz16--><!--bestpublic-voz16--><!--desk-in-out-voz16--><\/p>\n","protected":false},"excerpt":{"rendered":"<p>La Diputaci\u00f3n de Albacete afrontar\u00e1 2026 con unos Presupuestos \u201chist\u00f3ricos\u201d en muchas de sus magnitudes.<\/p>\n","protected":false},"author":2,"featured_media":160357,"comment_status":"closed","ping_status":"closed","sticky":false,"template":"","format":"standard","meta":{"footnotes":""},"categories":[761,718,715,716,717],"tags":[],"class_list":["post-160356","post","type-post","status-publish","format-standard","has-post-thumbnail","hentry","category-blog-lv042","category-blogger","category-la-voz-de-hellin","category-la-voz-de-hellin-la-voz-de-hellin","category-noticias"],"_links":{"self":[{"href":"https:\/\/lavozdehellin.com\/noticias\/wp-json\/wp\/v2\/posts\/160356","targetHints":{"allow":["GET"]}}],"collection":[{"href":"https:\/\/lavozdehellin.com\/noticias\/wp-json\/wp\/v2\/posts"}],"about":[{"href":"https:\/\/lavozdehellin.com\/noticias\/wp-json\/wp\/v2\/types\/post"}],"author":[{"embeddable":true,"href":"https:\/\/lavozdehellin.com\/noticias\/wp-json\/wp\/v2\/users\/2"}],"replies":[{"embeddable":true,"href":"https:\/\/lavozdehellin.com\/noticias\/wp-json\/wp\/v2\/comments?post=160356"}],"version-history":[{"count":0,"href":"https:\/\/lavozdehellin.com\/noticias\/wp-json\/wp\/v2\/posts\/160356\/revisions"}],"wp:featuredmedia":[{"embeddable":true,"href":"https:\/\/lavozdehellin.com\/noticias\/wp-json\/wp\/v2\/media\/160357"}],"wp:attachment":[{"href":"https:\/\/lavozdehellin.com\/noticias\/wp-json\/wp\/v2\/media?parent=160356"}],"wp:term":[{"taxonomy":"category","embeddable":true,"href":"https:\/\/lavozdehellin.com\/noticias\/wp-json\/wp\/v2\/categories?post=160356"},{"taxonomy":"post_tag","embeddable":true,"href":"https:\/\/lavozdehellin.com\/noticias\/wp-json\/wp\/v2\/tags?post=160356"}],"curies":[{"name":"wp","href":"https:\/\/api.w.org\/{rel}","templated":true}]}}