{"id":160359,"date":"2025-12-11T09:40:08","date_gmt":"2025-12-11T07:40:08","guid":{"rendered":"https:\/\/lavozdehellin.com\/noticias\/?p=160359"},"modified":"2025-12-12T19:56:19","modified_gmt":"2025-12-12T17:56:19","slug":"v10-436-lvh-noticias-la-provincia-de-albacete-despliega-todo-su-potencial-turistico-y-gastronomico-en-alicante-de-la-mano-del-gobierno-de-santi-cabanero-y-la-apeht","status":"publish","type":"post","link":"https:\/\/lavozdehellin.com\/noticias\/v10-436-lvh-noticias-la-provincia-de-albacete-despliega-todo-su-potencial-turistico-y-gastronomico-en-alicante-de-la-mano-del-gobierno-de-santi-cabanero-y-la-apeht\/","title":{"rendered":"LVH NOTICIAS | LA PROVINCIA DE ALBACETE DESPLIEGA TODO SU POTENCIAL TUR\u00cdSTICO Y GASTRON\u00d3MICO EN ALICANTE DE LA MANO DEL GOBIERNO DE SANTI CABA\u00d1ERO Y LA APEHT"},"content":{"rendered":"<p style=\"text-align: justify;\">La Diputaci\u00f3n de Albacete, de la mano de su diputada de Turismo, Raquel Ruiz, ha presentado esta semana en Alicante la iniciativa \u2018El latido de Albacete en Alicante\u2019, una acci\u00f3n promocional desarrollada en colaboraci\u00f3n con la Asociaci\u00f3n Provincial de Empresarios de la Hosteler\u00eda y el Turismo (APEHT), en el marco del convenio anual que mantienen ambas entidades para impulsar el posicionamiento tur\u00edstico de la provincia.<\/p>\n<p><!--more--><br \/>\n<!--publicidad-voz01--><a href=\"https:\/\/www.facebook.com\/SoloRadioHellin\/?locale=es_ES\"><img decoding=\"async\" class=\"alignnone size-medium\" src=\"https:\/\/blogger.googleusercontent.com\/img\/b\/R29vZ2xl\/AVvXsEiNncirNnyGedv00mhjZjh5Wl4_YPdJGanoAl8tL8zH-HwqE8uHqjEfSt340RHdx-9tuCSIkZ8rFamZiGyYlgDGxCsmXjCH_1xk5eYM3ntFZRvJP_jndOKR7w1UAo9Tu0vrZyOLfqRpHIxYI5SymJJ-pfGCQw6QVpggBH-UgfjiFQ2JOxqxG0Jx94kW83c\/s1600\/logo-principal.jpg\" width=\"100%\" height=\"100\" \/><\/a><!--bestpublic-voz01--><!--desk-in-out-voz01--><br \/>\n<!--publicidad-voz02--><a href=\"https:\/\/www.hellincf.com\/\"><img decoding=\"async\" class=\"alignnone size-medium\" src=\"https:\/\/blogger.googleusercontent.com\/img\/b\/R29vZ2xl\/AVvXsEhuZ4-XfBVj3UtdP8-RZugy3WVrg-Zv28c53m4oV47qYCxL1rX_dqWX_YddsGSnpH5SRDqZ7bZeKPIfDVCDncpjVlhy3aQs2vojcJBn7Gdv9hC2_Nzct_pRFrnFE1a7KTCdY1bT_kAgnY3-iadRZrGeJf1fR2P5fu11bokx0pWjaypoy-ctwCjklldpEbA\/s1600\/logo-principal7.jpg\" width=\"100%\" height=\"100\" \/><\/a><!--bestpublic-voz02--><!--desk-in-out-voz02--><\/p>\n<p style=\"text-align: justify;\">Ruiz ha sido la encargada de dar a conocer las bondades de nuestro territorio en un acto celebrado en el Real Liceo Casino, en el que ha estado acompa\u00f1ada de una amplia representaci\u00f3n de la propia asociaci\u00f3n, con su vicepresidenta, Marisol Garc\u00eda, y su gerente, Bego\u00f1a Garijo, al frente, as\u00ed como del sector tur\u00edstico, hostelero, gastron\u00f3mico o artesanal albacetense.<\/p>\n<p style=\"text-align: justify;\">\u201cAlbacete en 360 grados\u201d, como lo ha definido la diputada aludiendo a la presencia de cocineros, artesanos, productores o artistas, que se han desplazado para ofrecer una visi\u00f3n amplia e inmersiva de lo que ofrece Albacete, con la participaci\u00f3n de los restaurantes +Ideas (Higueruela), Casa Antonio (Almansa), Frontera (Tobarra) y Los Morunos (La Roda), adem\u00e1s de la panader\u00eda Jes\u00fas, de Pozo Ca\u00f1ada, la m\u00e1s antigua de Espa\u00f1a.<\/p>\n<p style=\"text-align: justify;\">En este sentido, Ruiz, que ha estado acompa\u00f1ada del alcalde de Alicante (Luis Barcala), ha se\u00f1alado que puede resultar osado presentarse en la actual Capital Espa\u00f1ola de la Gastronom\u00eda con esta representaci\u00f3n, pero ha reivindicado el talento culinario de los chefs, la excelencia de los establecimientos y la calidad del producto local de la provincia de Albacete.<\/p>\n<p style=\"text-align: justify;\">Cuestiones que se han podido degustar tras el acto, junto a vinos de la Bodega Mainetes de Fuente-\u00c1lamo, quesos artesanales de Juli\u00e1n Olivas, aceites de Tierra Verde y miel de la Sierra del Segura y el Calar de la Sima, al tiempo que se ha \u2018exportado\u2019 una muestra de la riqueza cultural y artesanal, con la participaci\u00f3n de APRECU, los Tambores de Tobarra, o la artesana textil Ana \u2018Manos de Lana\u2019, ofreciendo tambi\u00e9n la oportunidad de sumergirse en un entorno natural \u00fanico de la mano de la Ruta de las Esculturas de Bogarra.<\/p>\n<p style=\"text-align: justify;\">\u201cUna provincia que encierra muchos mundos en uno solo\u201d<\/p>\n<p style=\"text-align: justify;\">Durante su intervenci\u00f3n, Raquel Ruiz ha explicado que esta acci\u00f3n busca \u201cestrechar la complicidad entre dos territorios que comparten historia, v\u00ednculos econ\u00f3micos, afinidad social y una relaci\u00f3n tur\u00edstica cada vez m\u00e1s intensa\u201d, y ha dejado claro que no se trata \u00fanicamente de una presentaci\u00f3n de nuestro territorio como un destino tur\u00edstico.<\/p>\n<p style=\"text-align: justify;\">\u201cVenimos a compartir aquello que nos mueve, nos emociona y nos define como provincia\u201d, ha afirmado, subrayando la importancia de acercar al p\u00fablico alicantino \u201cun territorio que sorprende por su autenticidad, cautiva por la fuerza de su identidad y propone experiencias multisensoriales capaces de transformar a las personas visitantes\u201d.<\/p>\n<p style=\"text-align: justify;\">Adem\u00e1s, la diputada ha destacado que Albacete es \u201cuna provincia que encierra muchos mundos en uno solo\u201d, con cerca de 15.000 km\u00b2, que combinan turismo gastron\u00f3mico y enol\u00f3gico, natural, cultural, hist\u00f3rico, astron\u00f3mico, deportivo (impulsado por los Circuitos Provinciales de la propia Diputaci\u00f3n) de bienestar con destacados balnearios. \u201cUna heterogeneidad que no s\u00f3lo nos enriquece, sino que nos convierte en un lugar incre\u00edblemente atractivo para quienes nos visitan\u201d, ha remarcado.<\/p>\n<p style=\"text-align: justify;\">Un patrimonio reconocido<\/p>\n<p style=\"text-align: justify;\">As\u00ed, Ruiz ha realizado un recorrido por espacios naturales cargados de valor como los Parques Naturales de los Calares del R\u00edo Mundo y de la Sima, Las Lagunas de Ruidera, la Reserva Natural de la Laguna Salada de P\u00e9trola, los territorios surcados por los r\u00edos J\u00facar y Cabriel o la V\u00eda Verde del Renacimiento; ha invitado a descubrir Museos como el de la Cuchiller\u00eda en la capital, el de las Alfombras de Serr\u00edn en Elche de la Sierra, el \u00fanico de arte ef\u00edmero de Espa\u00f1a, el Parroquial de El Bonillo, con la \u00fanica obra de El Greco que atesora esta provincia, o el Museo de la Semana Santa de Hell\u00edn. Al tiempo que ha recordado otros aspectos culturales igualmente atractivos como la Feria de Albacete o los numerosos festivales musicales que se extienden a lo largo y ancho del territorio.<\/p>\n<p style=\"text-align: justify;\">Del mismo modo, ha animado a sobrevolar el patrimonio hist\u00f3rico y monumental con castillos como el de Almansa, Yeste, Caudete o Alcal\u00e1 del J\u00facar; con cascos urbanos como el de Alcaraz o el de Chinchilla de Montearag\u00f3n; y a descubrir secretos ocultos como la cripta de las momias en Li\u00e9tor o yacimientos j\u00f3venes que est\u00e1n inspirando al mundo, como el de La Graja en Higueruela. Advirtiendo tambi\u00e9n la presencia de dos Parques Arqueol\u00f3gicos, el del Tolmo de Minateda en Hell\u00edn y el de Libisosa en Lezuza, as\u00ed como numerosos yacimientos de arte rupestre con lugares tan significativos como el de Minateda, A\u00fdna, Alpera o Nerpio.<\/p>\n<p style=\"text-align: justify;\">En esta l\u00ednea, la diputada ha presumido de los m\u00faltiples reconocimientos de calidad que acumulan \u201cnuestros espacios naturales, nuestras propuestas culturales, nuestros productos\u2026\u201d, con distinciones como Patrimonio de la Humanidad por la UNESCO, Fiestas de Inter\u00e9s Tur\u00edsticas Regionales, Nacionales e Internacionales, Reservas Naturales, Zonas Protegidas, Denominaciones de Origen, o Estrellas Michel\u00edn\u2026<\/p>\n<p style=\"text-align: justify;\">Todo ello, ha a\u00f1adido, \u201cacompa\u00f1ado siempre de un valor que no aparece en los mapas ni en las gu\u00edas, pero que convierte cada viaje en algo especial: la hospitalidad de nuestra gente. En Albacete, el visitante no es un desconocido, es un invitado. Y eso marca la diferencia\u201d.<\/p>\n<p style=\"text-align: justify;\">Apuesta por un turismo sostenible y de calidad que mira a lo local<\/p>\n<p style=\"text-align: justify;\">Adem\u00e1s, Ruiz ha subrayado la apuesta de la Diputaci\u00f3n por un modelo de turismo sostenible, centrado en la calidad, la profesionalizaci\u00f3n, la digitalizaci\u00f3n del sector y la conservaci\u00f3n y puesta en valor del patrimonio local, y ha apuntado el trabajo que la instituci\u00f3n viene realizando de la mano de la APEHT, del conjunto del tejido social y empresarial y tambi\u00e9n de los ayuntamientos y los Grupos de Desarrollo Rural, para reforzar la posici\u00f3n de Albacete como \u201cel destino de interior multiexperiencial y diferencial que somos\u201d.<\/p>\n<p style=\"text-align: justify;\">De hecho, ha recordado iniciativas innovadoras y transversales impulsadas por la Diputaci\u00f3n, como la C\u00e1tedra de Turismo Sostenible de Interior, creada junto a la Universidad de Castilla-La Mancha, o el impulso al turismo astron\u00f3mico, que ha convertido a Albacete en la primera provincia certificada \u00edntegramente como Destino Tur\u00edstico Starlight.<\/p>\n<p style=\"text-align: justify;\">\u201cAlbacete es una provincia que invita a detenerse, a respirar, a disfrutar del silencio y a saborear su historia y su autenticidad\u201d, ha afirmado la diputada, que ha animado al p\u00fablico profesional asistente a \u201cmirar hacia el interior\u201d y a convertirse tambi\u00e9n en embajadores \u201cde la diversidad y tesoros que encierra nuestra tierra; una tierra que recibe con los brazos abiertos\u201d.<\/p>\n<p><!--publicidad-voz03--><a href=\"https:\/\/www.facebook.com\/profile.php?id=100063593791305&amp;locale=es_ES\"><img decoding=\"async\" class=\"alignnone size-medium\" src=\"https:\/\/blogger.googleusercontent.com\/img\/b\/R29vZ2xl\/AVvXsEi8_n_ll8UOcGxCqzFvb_9Io4ICczlGC990BPtPj2w9Px-u7B3oqWUW5vtjZUqPNJ-nyjiUIorE0ATsib_l5tV8BVN-UJ03RTnU__IHJF_4DgDBtY4LIqXNG-FomrO-7ywes20CBCRM2Hcm7EJSh3UUw1dO-c_uTflUrtgY1i7uBRezj_DpympmEFkfbQY\/s1600\/logo-principal2.jpg\" width=\"100%\" height=\"100\" \/><\/a><!--bestpublic-voz03--><!--desk-in-out-voz03--><br \/>\n<!--publicidad-voz04--><a href=\"https:\/\/www.facebook.com\/profile.php?id=61557370768692&amp;locale=es_ES\"><img decoding=\"async\" class=\"alignnone size-medium\" src=\"https:\/\/blogger.googleusercontent.com\/img\/b\/R29vZ2xl\/AVvXsEgy5RdcfffrnrItnYTcV9bCJjgJwldsQLWssfVfrLbyfXeBNTFKgBf0rMIvhrUaGUhiXzVr9_eQgCbi-j63ZDpfTvLIty9w7s140y-m1yHe7eKmEK7v2NAHUJDVYGdfeiQFeRCqUjdwWmN1MX_AUxxz4IVdJ4WIM0APxit8bjWkXzrnEFGqBvW_1F13H1g\/s1600\/logo-principal5.jpg\" width=\"100%\" height=\"100\" \/><\/a><!--bestpublic-voz04--><!--desk-in-out-voz04--><br \/>\n<!--publicidad-voz05--><a href=\"https:\/\/www.facebook.com\/asociaciontamborileroshellin?locale=es_ES\"><img decoding=\"async\" class=\"alignnone size-medium\" src=\"https:\/\/blogger.googleusercontent.com\/img\/b\/R29vZ2xl\/AVvXsEhHEEpZsKK1VpwiYMrS7aE2ujtqIDZoLd4B5wtbiseSU9s2HdTdQfhF84So2XwEB1fv0BLw95GADm6hUl1bkKtzh-eIgVigXONuu_5RxeIMPhjk8q6uNX4EaEHbooKkbu7pCADWPpVJjhKIH5NQSJpWqedC-YBez4QAQeJYokkLot9bhrIaUAeztsGis6M\/s1600\/logo-principal3.jpg\" width=\"100%\" height=\"100\" \/><\/a><!--bestpublic-voz05--><!--desk-in-out-voz05--><br \/>\n<!--publicidad-voz06--><!--bestpublic-voz06--><!--desk-in-out-voz06--><br \/>\n<!--publicidad-voz07--><!--bestpublic-voz07--><!--desk-in-out-voz07--><br \/>\n<!--publicidad-voz08--><!--bestpublic-voz08--><!--desk-in-out-voz08--><br \/>\n<!--publicidad-voz09--><!--bestpublic-voz09--><!--desk-in-out-voz09--><br \/>\n<!--publicidad-voz10--><!--bestpublic-voz10--><!--desk-in-out-voz10--><br \/>\n<!--publicidad-voz11--><!--bestpublic-voz11--><!--desk-in-out-voz11--><br \/>\n<!--publicidad-voz12--><!--bestpublic-voz12--><!--desk-in-out-voz12--><br \/>\n<!--publicidad-voz13--><!--bestpublic-voz13--><!--desk-in-out-voz13--><br \/>\n<!--publicidad-voz14--><!--bestpublic-voz14--><!--desk-in-out-voz14--><br \/>\n<!--publicidad-voz15--><!--bestpublic-voz15--><!--desk-in-out-voz15--><br \/>\n<!--publicidad-voz16--><!--bestpublic-voz16--><!--desk-in-out-voz16--><\/p>\n","protected":false},"excerpt":{"rendered":"<p>La Diputaci\u00f3n de Albacete, de la mano de su diputada de Turismo, Raquel Ruiz, ha presentado esta semana en Alicante la iniciativa \u2018El latido de Albacete en Alicante\u2019, una acci\u00f3n&#8230;<\/p>\n","protected":false},"author":2,"featured_media":160360,"comment_status":"closed","ping_status":"closed","sticky":false,"template":"","format":"standard","meta":{"footnotes":""},"categories":[761,718,715,716,717],"tags":[],"class_list":["post-160359","post","type-post","status-publish","format-standard","has-post-thumbnail","hentry","category-blog-lv042","category-blogger","category-la-voz-de-hellin","category-la-voz-de-hellin-la-voz-de-hellin","category-noticias"],"_links":{"self":[{"href":"https:\/\/lavozdehellin.com\/noticias\/wp-json\/wp\/v2\/posts\/160359","targetHints":{"allow":["GET"]}}],"collection":[{"href":"https:\/\/lavozdehellin.com\/noticias\/wp-json\/wp\/v2\/posts"}],"about":[{"href":"https:\/\/lavozdehellin.com\/noticias\/wp-json\/wp\/v2\/types\/post"}],"author":[{"embeddable":true,"href":"https:\/\/lavozdehellin.com\/noticias\/wp-json\/wp\/v2\/users\/2"}],"replies":[{"embeddable":true,"href":"https:\/\/lavozdehellin.com\/noticias\/wp-json\/wp\/v2\/comments?post=160359"}],"version-history":[{"count":0,"href":"https:\/\/lavozdehellin.com\/noticias\/wp-json\/wp\/v2\/posts\/160359\/revisions"}],"wp:featuredmedia":[{"embeddable":true,"href":"https:\/\/lavozdehellin.com\/noticias\/wp-json\/wp\/v2\/media\/160360"}],"wp:attachment":[{"href":"https:\/\/lavozdehellin.com\/noticias\/wp-json\/wp\/v2\/media?parent=160359"}],"wp:term":[{"taxonomy":"category","embeddable":true,"href":"https:\/\/lavozdehellin.com\/noticias\/wp-json\/wp\/v2\/categories?post=160359"},{"taxonomy":"post_tag","embeddable":true,"href":"https:\/\/lavozdehellin.com\/noticias\/wp-json\/wp\/v2\/tags?post=160359"}],"curies":[{"name":"wp","href":"https:\/\/api.w.org\/{rel}","templated":true}]}}