{"id":160362,"date":"2025-11-11T19:48:00","date_gmt":"2025-11-11T17:48:00","guid":{"rendered":"https:\/\/lavozdehellin.com\/noticias\/?p=160362"},"modified":"2025-12-12T19:56:19","modified_gmt":"2025-12-12T17:56:19","slug":"v10-435-lvh-noticias-albacete-acoge-de-la-mano-de-la-diputacion-el-preestreno-de-la-bala-la-nueva-pelicula-de-carlos-iglesias","status":"publish","type":"post","link":"https:\/\/lavozdehellin.com\/noticias\/v10-435-lvh-noticias-albacete-acoge-de-la-mano-de-la-diputacion-el-preestreno-de-la-bala-la-nueva-pelicula-de-carlos-iglesias\/","title":{"rendered":"LVH NOTICIAS | ALBACETE ACOGE, DE LA MANO DE LA DIPUTACI\u00d3N, EL PREESTRENO DE \u2018LA BALA\u2019, LA NUEVA PEL\u00cdCULA DE CARLOS IGLESIAS"},"content":{"rendered":"<p style=\"text-align: justify;\">Este viernes, 14 de noviembre, y de la mano de la Diputaci\u00f3n de Albacete, el p\u00fablico tiene a su alcance la oportunidad de reflexionar sobre la memoria hist\u00f3rica y democr\u00e1tica desde una perspectiva diferente, emotiva y contempor\u00e1nea.<\/p>\n<p><!--more--><br \/>\n<!--publicidad-voz01--><a href=\"https:\/\/www.facebook.com\/SoloRadioHellin\/?locale=es_ES\"><img decoding=\"async\" class=\"alignnone size-medium\" src=\"https:\/\/blogger.googleusercontent.com\/img\/b\/R29vZ2xl\/AVvXsEiNncirNnyGedv00mhjZjh5Wl4_YPdJGanoAl8tL8zH-HwqE8uHqjEfSt340RHdx-9tuCSIkZ8rFamZiGyYlgDGxCsmXjCH_1xk5eYM3ntFZRvJP_jndOKR7w1UAo9Tu0vrZyOLfqRpHIxYI5SymJJ-pfGCQw6QVpggBH-UgfjiFQ2JOxqxG0Jx94kW83c\/s1600\/logo-principal.jpg\" width=\"100%\" height=\"100\" \/><\/a><!--bestpublic-voz01--><!--desk-in-out-voz01--><br \/>\n<!--publicidad-voz02--><a href=\"https:\/\/www.hellincf.com\/\"><img decoding=\"async\" class=\"alignnone size-medium\" src=\"https:\/\/blogger.googleusercontent.com\/img\/b\/R29vZ2xl\/AVvXsEhuZ4-XfBVj3UtdP8-RZugy3WVrg-Zv28c53m4oV47qYCxL1rX_dqWX_YddsGSnpH5SRDqZ7bZeKPIfDVCDncpjVlhy3aQs2vojcJBn7Gdv9hC2_Nzct_pRFrnFE1a7KTCdY1bT_kAgnY3-iadRZrGeJf1fR2P5fu11bokx0pWjaypoy-ctwCjklldpEbA\/s1600\/logo-principal7.jpg\" width=\"100%\" height=\"100\" \/><\/a><!--bestpublic-voz02--><!--desk-in-out-voz02--><\/p>\n<p style=\"text-align: justify;\">Ser\u00e1 en la Filmoteca Municipal, desde las 19:30 horas, a trav\u00e9s del preestreno del nuevo largometraje escrito, dirigido y protagonizado por Carlos Iglesias: \u2018La Bala\u2019.<\/p>\n<p style=\"text-align: justify;\">Tras la proyecci\u00f3n, se podr\u00e1 disfrutar de un coloquio abierto con el propio Iglesias y con la actriz Elo\u00edsa Vargas, pudiendo conocer de primera mano los entresijos de una pel\u00edcula que conjuga emoci\u00f3n, historia y reflexi\u00f3n.<\/p>\n<p style=\"text-align: justify;\">El acto contar\u00e1 con la presencia del diputado coordinador del \u00c1rea Social de la Diputaci\u00f3n de Albacete, Jos\u00e9 Gonz\u00e1lez (adem\u00e1s, representante de la instituci\u00f3n provincial en el Consejo Asesor de Memoria Democr\u00e1tica de Castilla-La Mancha) y del viceconsejero de Relaciones Institucionales de la JCCM, Javier Vicario.<\/p>\n<p style=\"text-align: justify;\">Una historia sobre heridas del pasado y promesas que trascienden el tiempo<\/p>\n<p style=\"text-align: justify;\">Inspirada en hechos reales, \u2018La Bala\u2019 nos traslada a un pueblo de Toledo en 1941, desde donde parte un tren hacia Alemania con voluntarios y voluntarias de la Divisi\u00f3n Azul. Es el caso de Mar\u00eda, una joven enfermera que se despide de su familia sin imaginar que su viaje marcar\u00e1 para siempre su destino y el de los suyos.<\/p>\n<p style=\"text-align: justify;\">A\u00f1os despu\u00e9s, Juli\u00e1n, su sobrino y sacerdote, decide cumplir la promesa que le hizo a su madre: recuperar los restos de su t\u00eda, fallecida en Rusia durante la Segunda Guerra Mundial. Pero la investigaci\u00f3n sobre las causas de aquella muerte, ocurrida hace m\u00e1s de ochenta a\u00f1os, remover\u00e1 todas sus certezas y pondr\u00e1 a prueba su fe, su familia y su propia identidad.<\/p>\n<p style=\"text-align: justify;\">Con el ritmo de un thriller y la profundidad del drama hist\u00f3rico, esta pel\u00edcula explora c\u00f3mo la memoria, el deber y los secretos familiares siguen influyendo en nuestro presente. Una pel\u00edcula que, en palabras de su director, pretende \u201ccurar la herida de todos esos espa\u00f1oles enterrados lejos de casa o en las cunetas de su propio pa\u00eds\u201d.<br \/>\nReparto de lujo para una obra necesaria<\/p>\n<p style=\"text-align: justify;\">La pel\u00edcula, apoyada por la Secretar\u00eda de Estado de Memoria Democr\u00e1tica, la Junta de Comunidades de Castilla-La Mancha y la Diputaci\u00f3n de Albacete, llega a los cines el 21 de noviembre de la mano de Syldavia Cinema, tras su preestreno en la capital albacete\u00f1a.<\/p>\n<p style=\"text-align: justify;\">En su reparto figuran Silvia Mars\u00f3, Carlos Hip\u00f3lito, Paula Iglesias, Elo\u00edsa Vargas, Roberto \u00c1lvarez, Manuel Mor\u00f3n, Miguel Rell\u00e1n y Luisa Gavasa, junto al propio Carlos Iglesias en el papel del sacerdote protagonista.<\/p>\n<p style=\"text-align: justify;\">Producida por Juan Gona, responsable de t\u00edtulos como Vete de m\u00ed o El caballero Don Quijote, la cinta combina la fuerza del relato hist\u00f3rico con la sensibilidad de un cine comprometido con la verdad y la memoria.<\/p>\n<p><!--publicidad-voz03--><a href=\"https:\/\/www.facebook.com\/profile.php?id=100063593791305&amp;locale=es_ES\"><img decoding=\"async\" class=\"alignnone size-medium\" src=\"https:\/\/blogger.googleusercontent.com\/img\/b\/R29vZ2xl\/AVvXsEi8_n_ll8UOcGxCqzFvb_9Io4ICczlGC990BPtPj2w9Px-u7B3oqWUW5vtjZUqPNJ-nyjiUIorE0ATsib_l5tV8BVN-UJ03RTnU__IHJF_4DgDBtY4LIqXNG-FomrO-7ywes20CBCRM2Hcm7EJSh3UUw1dO-c_uTflUrtgY1i7uBRezj_DpympmEFkfbQY\/s1600\/logo-principal2.jpg\" width=\"100%\" height=\"100\" \/><\/a><!--bestpublic-voz03--><!--desk-in-out-voz03--><br \/>\n<!--publicidad-voz04--><a href=\"https:\/\/www.facebook.com\/profile.php?id=61557370768692&amp;locale=es_ES\"><img decoding=\"async\" class=\"alignnone size-medium\" src=\"https:\/\/blogger.googleusercontent.com\/img\/b\/R29vZ2xl\/AVvXsEgy5RdcfffrnrItnYTcV9bCJjgJwldsQLWssfVfrLbyfXeBNTFKgBf0rMIvhrUaGUhiXzVr9_eQgCbi-j63ZDpfTvLIty9w7s140y-m1yHe7eKmEK7v2NAHUJDVYGdfeiQFeRCqUjdwWmN1MX_AUxxz4IVdJ4WIM0APxit8bjWkXzrnEFGqBvW_1F13H1g\/s1600\/logo-principal5.jpg\" width=\"100%\" height=\"100\" \/><\/a><!--bestpublic-voz04--><!--desk-in-out-voz04--><br \/>\n<!--publicidad-voz05--><a href=\"https:\/\/www.facebook.com\/asociaciontamborileroshellin?locale=es_ES\"><img decoding=\"async\" class=\"alignnone size-medium\" src=\"https:\/\/blogger.googleusercontent.com\/img\/b\/R29vZ2xl\/AVvXsEhHEEpZsKK1VpwiYMrS7aE2ujtqIDZoLd4B5wtbiseSU9s2HdTdQfhF84So2XwEB1fv0BLw95GADm6hUl1bkKtzh-eIgVigXONuu_5RxeIMPhjk8q6uNX4EaEHbooKkbu7pCADWPpVJjhKIH5NQSJpWqedC-YBez4QAQeJYokkLot9bhrIaUAeztsGis6M\/s1600\/logo-principal3.jpg\" width=\"100%\" height=\"100\" \/><\/a><!--bestpublic-voz05--><!--desk-in-out-voz05--><br \/>\n<!--publicidad-voz06--><!--bestpublic-voz06--><!--desk-in-out-voz06--><br \/>\n<!--publicidad-voz07--><!--bestpublic-voz07--><!--desk-in-out-voz07--><br \/>\n<!--publicidad-voz08--><!--bestpublic-voz08--><!--desk-in-out-voz08--><br \/>\n<!--publicidad-voz09--><!--bestpublic-voz09--><!--desk-in-out-voz09--><br \/>\n<!--publicidad-voz10--><!--bestpublic-voz10--><!--desk-in-out-voz10--><br \/>\n<!--publicidad-voz11--><!--bestpublic-voz11--><!--desk-in-out-voz11--><br \/>\n<!--publicidad-voz12--><!--bestpublic-voz12--><!--desk-in-out-voz12--><br \/>\n<!--publicidad-voz13--><!--bestpublic-voz13--><!--desk-in-out-voz13--><br \/>\n<!--publicidad-voz14--><!--bestpublic-voz14--><!--desk-in-out-voz14--><br \/>\n<!--publicidad-voz15--><!--bestpublic-voz15--><!--desk-in-out-voz15--><br \/>\n<!--publicidad-voz16--><!--bestpublic-voz16--><!--desk-in-out-voz16--><\/p>\n","protected":false},"excerpt":{"rendered":"<p>Este viernes, 14 de noviembre, y de la mano de la Diputaci\u00f3n de Albacete, el p\u00fablico tiene a su alcance la oportunidad de reflexionar sobre la memoria hist\u00f3rica y democr\u00e1tica&#8230;<\/p>\n","protected":false},"author":2,"featured_media":160363,"comment_status":"closed","ping_status":"closed","sticky":false,"template":"","format":"standard","meta":{"footnotes":""},"categories":[761,718,715,716,717],"tags":[],"class_list":["post-160362","post","type-post","status-publish","format-standard","has-post-thumbnail","hentry","category-blog-lv042","category-blogger","category-la-voz-de-hellin","category-la-voz-de-hellin-la-voz-de-hellin","category-noticias"],"_links":{"self":[{"href":"https:\/\/lavozdehellin.com\/noticias\/wp-json\/wp\/v2\/posts\/160362","targetHints":{"allow":["GET"]}}],"collection":[{"href":"https:\/\/lavozdehellin.com\/noticias\/wp-json\/wp\/v2\/posts"}],"about":[{"href":"https:\/\/lavozdehellin.com\/noticias\/wp-json\/wp\/v2\/types\/post"}],"author":[{"embeddable":true,"href":"https:\/\/lavozdehellin.com\/noticias\/wp-json\/wp\/v2\/users\/2"}],"replies":[{"embeddable":true,"href":"https:\/\/lavozdehellin.com\/noticias\/wp-json\/wp\/v2\/comments?post=160362"}],"version-history":[{"count":0,"href":"https:\/\/lavozdehellin.com\/noticias\/wp-json\/wp\/v2\/posts\/160362\/revisions"}],"wp:featuredmedia":[{"embeddable":true,"href":"https:\/\/lavozdehellin.com\/noticias\/wp-json\/wp\/v2\/media\/160363"}],"wp:attachment":[{"href":"https:\/\/lavozdehellin.com\/noticias\/wp-json\/wp\/v2\/media?parent=160362"}],"wp:term":[{"taxonomy":"category","embeddable":true,"href":"https:\/\/lavozdehellin.com\/noticias\/wp-json\/wp\/v2\/categories?post=160362"},{"taxonomy":"post_tag","embeddable":true,"href":"https:\/\/lavozdehellin.com\/noticias\/wp-json\/wp\/v2\/tags?post=160362"}],"curies":[{"name":"wp","href":"https:\/\/api.w.org\/{rel}","templated":true}]}}