{"id":160365,"date":"2025-11-11T18:11:44","date_gmt":"2025-11-11T16:11:44","guid":{"rendered":"https:\/\/lavozdehellin.com\/noticias\/?p=160365"},"modified":"2025-12-12T19:56:19","modified_gmt":"2025-12-12T17:56:19","slug":"v10-434-lvh-noticias-diputacion-y-ayuntamiento-de-albacete-animan-al-trio-de-chefs-provinciales-que-compite-en-el-xxi-concurso-nacional-de-pinchos-y-tapas-de-valladolid","status":"publish","type":"post","link":"https:\/\/lavozdehellin.com\/noticias\/v10-434-lvh-noticias-diputacion-y-ayuntamiento-de-albacete-animan-al-trio-de-chefs-provinciales-que-compite-en-el-xxi-concurso-nacional-de-pinchos-y-tapas-de-valladolid\/","title":{"rendered":"LVH NOTICIAS | DIPUTACI\u00d3N Y AYUNTAMIENTO DE ALBACETE ANIMAN AL TR\u00cdO DE CHEFS PROVINCIALES QUE COMPITE EN EL XXI CONCURSO NACIONAL DE PINCHOS Y TAPAS DE VALLADOLID"},"content":{"rendered":"<p style=\"text-align: justify;\">La Diputaci\u00f3n y el Ayuntamiento de Albacete han acompa\u00f1ado y mostrado su apoyo institucional a los tres representantes de la provincia que participan en el XXI Concurso Nacional de Pinchos y Tapas \u2018Ciudad de Valladolid\u2019, donde compiten con algunas de las mejores propuestas de la gastronom\u00eda espa\u00f1ola.<\/p>\n<p><!--more--><br \/>\n<!--publicidad-voz01--><a href=\"https:\/\/www.facebook.com\/SoloRadioHellin\/?locale=es_ES\"><img decoding=\"async\" class=\"alignnone size-medium\" src=\"https:\/\/blogger.googleusercontent.com\/img\/b\/R29vZ2xl\/AVvXsEiNncirNnyGedv00mhjZjh5Wl4_YPdJGanoAl8tL8zH-HwqE8uHqjEfSt340RHdx-9tuCSIkZ8rFamZiGyYlgDGxCsmXjCH_1xk5eYM3ntFZRvJP_jndOKR7w1UAo9Tu0vrZyOLfqRpHIxYI5SymJJ-pfGCQw6QVpggBH-UgfjiFQ2JOxqxG0Jx94kW83c\/s1600\/logo-principal.jpg\" width=\"100%\" height=\"100\" \/><\/a><!--bestpublic-voz01--><!--desk-in-out-voz01--><br \/>\n<!--publicidad-voz02--><a href=\"https:\/\/www.hellincf.com\/\"><img decoding=\"async\" class=\"alignnone size-medium\" src=\"https:\/\/blogger.googleusercontent.com\/img\/b\/R29vZ2xl\/AVvXsEhuZ4-XfBVj3UtdP8-RZugy3WVrg-Zv28c53m4oV47qYCxL1rX_dqWX_YddsGSnpH5SRDqZ7bZeKPIfDVCDncpjVlhy3aQs2vojcJBn7Gdv9hC2_Nzct_pRFrnFE1a7KTCdY1bT_kAgnY3-iadRZrGeJf1fR2P5fu11bokx0pWjaypoy-ctwCjklldpEbA\/s1600\/logo-principal7.jpg\" width=\"100%\" height=\"100\" \/><\/a><!--bestpublic-voz02--><!--desk-in-out-voz02--><\/p>\n<p style=\"text-align: justify;\">El diputado provincial Jos\u00e9 Antonio G\u00f3mez ha destacado que el trabajo de los tres cocineros \u2014Bartolom\u00e9 Lozano (Restaurante Puerta de Madrid), Rafael Herreros (Dallas) y Antonio Jos\u00e9 Gonz\u00e1lez (Restaurante +Ideas, de Higueruela)\u2014 es el reflejo del talento y la constancia del sector hostelero albacetense.<\/p>\n<p style=\"text-align: justify;\">\u201cHoy en Valladolid no s\u00f3lo compiten tres cocineros, compite una parte muy representativa del valor gastron\u00f3mico de toda la provincia de Albacete. Sabemos bien que, detr\u00e1s de cada plato, hay a\u00f1os de esfuerzo, madrugones, constancia, innovaci\u00f3n\u2026 y hay compromiso con el territorio, tradici\u00f3n y futuro. Y verles aqu\u00ed, representando a sus respectivos equipos y a su provincia, creo que es la mejor muestra de que en Albacete se cocina con talento, pero tambi\u00e9n con vocaci\u00f3n de progreso\u201d, ha afirmado.<br \/>\nLa Diputaci\u00f3n reafirma su compromiso con la gastronom\u00eda como motor de desarrollo<\/p>\n<p style=\"text-align: justify;\">Tal y como hace unos d\u00edas hicieran personalmente en el Palacio de la Diputaci\u00f3n el presidente, Santi Caba\u00f1ero, y el vicepresidente, Fran Valera, el diputado ha agradecido a los tres participantes que presuman como lo hacen de nuestra provincia, insistiendo en que su \u00e9xito \u2014ganen o no ganen\u2014 ya lo es para todo el sector: \u201cNos hacen sentir mucho orgullo de lo que somos, de lo que servimos en la mesa y de c\u00f3mo lo contamos al mundo\u201d.<\/p>\n<p style=\"text-align: justify;\">Adem\u00e1s, G\u00f3mez ha reiterado el compromiso del Gobierno Provincial de seguir trabajando junto al sector para que la gastronom\u00eda contin\u00fae siendo, cada vez con m\u00e1s fuerza, un motor de desarrollo, empleo y orgullo en los pueblos de la provincia. \u201cApostamos por fortalecer el v\u00ednculo entre la cocina y el territorio, respaldando a quienes transforman nuestros productos en experiencias \u00fanicas que atraen turismo, dinamizan la econom\u00eda local y revalorizan lo que somos como provincia\u201d, ha subrayado.<\/p>\n<p style=\"text-align: justify;\">Proyecci\u00f3n de la Marca Albacete<\/p>\n<p style=\"text-align: justify;\">En este desplazamiento, el diputado provincial ha estado acompa\u00f1ado por el alcalde de Albacete, Manuel Serrano, y la concejala de Turismo, Rosa Gonz\u00e1lez de la Aleja, quienes tambi\u00e9n han trasladado ese apoyo institucional a los tres cocineros.<\/p>\n<p style=\"text-align: justify;\">El primer edil ha puesto en valor el elevado nivel de la gastronom\u00eda albacetense y ha afirmado que \u201cel Ayuntamiento seguir\u00e1 promocionando la gastronom\u00eda por el plus de calidad que nos confiere y ayudando al sector para que siga siendo una de nuestras principales se\u00f1as de identidad\u201d.<\/p>\n<p style=\"text-align: justify;\">Tres chefs que representan el talento de toda una provincia<\/p>\n<p style=\"text-align: justify;\">Durante el certamen, celebrado en la C\u00fapula del Milenio de Valladolid, Bartolom\u00e9 Lozano ha competido con la tapa \u201cCordero Rocher\u201d; Rafael Herreros, con \u201cPint\u00f3n\u201d; y Antonio Jos\u00e9 Gonz\u00e1lez, con la original propuesta \u201c\u00a1La madre del cordero ni\u00f1o, deja de hacer pompas con la leche!\u201d.<\/p>\n<p style=\"text-align: justify;\">El concurso, uno de los m\u00e1s prestigiosos del pa\u00eds, ha reunido a 46 finalistas nacionales y 16 internacionales seleccionados entre cerca de 400 propuestas, consolidando a Albacete como una de las provincias con mayor representaci\u00f3n y proyecci\u00f3n gastron\u00f3mica en el panorama nacional.<\/p>\n<p><!--publicidad-voz03--><a href=\"https:\/\/www.facebook.com\/profile.php?id=100063593791305&amp;locale=es_ES\"><img decoding=\"async\" class=\"alignnone size-medium\" src=\"https:\/\/blogger.googleusercontent.com\/img\/b\/R29vZ2xl\/AVvXsEi8_n_ll8UOcGxCqzFvb_9Io4ICczlGC990BPtPj2w9Px-u7B3oqWUW5vtjZUqPNJ-nyjiUIorE0ATsib_l5tV8BVN-UJ03RTnU__IHJF_4DgDBtY4LIqXNG-FomrO-7ywes20CBCRM2Hcm7EJSh3UUw1dO-c_uTflUrtgY1i7uBRezj_DpympmEFkfbQY\/s1600\/logo-principal2.jpg\" width=\"100%\" height=\"100\" \/><\/a><!--bestpublic-voz03--><!--desk-in-out-voz03--><br \/>\n<!--publicidad-voz04--><a href=\"https:\/\/www.facebook.com\/profile.php?id=61557370768692&amp;locale=es_ES\"><img decoding=\"async\" class=\"alignnone size-medium\" src=\"https:\/\/blogger.googleusercontent.com\/img\/b\/R29vZ2xl\/AVvXsEgy5RdcfffrnrItnYTcV9bCJjgJwldsQLWssfVfrLbyfXeBNTFKgBf0rMIvhrUaGUhiXzVr9_eQgCbi-j63ZDpfTvLIty9w7s140y-m1yHe7eKmEK7v2NAHUJDVYGdfeiQFeRCqUjdwWmN1MX_AUxxz4IVdJ4WIM0APxit8bjWkXzrnEFGqBvW_1F13H1g\/s1600\/logo-principal5.jpg\" width=\"100%\" height=\"100\" \/><\/a><!--bestpublic-voz04--><!--desk-in-out-voz04--><br \/>\n<!--publicidad-voz05--><a href=\"https:\/\/www.facebook.com\/asociaciontamborileroshellin?locale=es_ES\"><img decoding=\"async\" class=\"alignnone size-medium\" src=\"https:\/\/blogger.googleusercontent.com\/img\/b\/R29vZ2xl\/AVvXsEhHEEpZsKK1VpwiYMrS7aE2ujtqIDZoLd4B5wtbiseSU9s2HdTdQfhF84So2XwEB1fv0BLw95GADm6hUl1bkKtzh-eIgVigXONuu_5RxeIMPhjk8q6uNX4EaEHbooKkbu7pCADWPpVJjhKIH5NQSJpWqedC-YBez4QAQeJYokkLot9bhrIaUAeztsGis6M\/s1600\/logo-principal3.jpg\" width=\"100%\" height=\"100\" \/><\/a><!--bestpublic-voz05--><!--desk-in-out-voz05--><br \/>\n<!--publicidad-voz06--><!--bestpublic-voz06--><!--desk-in-out-voz06--><br \/>\n<!--publicidad-voz07--><!--bestpublic-voz07--><!--desk-in-out-voz07--><br \/>\n<!--publicidad-voz08--><!--bestpublic-voz08--><!--desk-in-out-voz08--><br \/>\n<!--publicidad-voz09--><!--bestpublic-voz09--><!--desk-in-out-voz09--><br \/>\n<!--publicidad-voz10--><!--bestpublic-voz10--><!--desk-in-out-voz10--><br \/>\n<!--publicidad-voz11--><!--bestpublic-voz11--><!--desk-in-out-voz11--><br \/>\n<!--publicidad-voz12--><!--bestpublic-voz12--><!--desk-in-out-voz12--><br \/>\n<!--publicidad-voz13--><!--bestpublic-voz13--><!--desk-in-out-voz13--><br \/>\n<!--publicidad-voz14--><!--bestpublic-voz14--><!--desk-in-out-voz14--><br \/>\n<!--publicidad-voz15--><!--bestpublic-voz15--><!--desk-in-out-voz15--><br \/>\n<!--publicidad-voz16--><!--bestpublic-voz16--><!--desk-in-out-voz16--><\/p>\n","protected":false},"excerpt":{"rendered":"<p>La Diputaci\u00f3n y el Ayuntamiento de Albacete han acompa\u00f1ado y mostrado su apoyo institucional a los tres representantes de la provincia que participan en el XXI Concurso Nacional de Pinchos&#8230;<\/p>\n","protected":false},"author":2,"featured_media":160366,"comment_status":"closed","ping_status":"closed","sticky":false,"template":"","format":"standard","meta":{"footnotes":""},"categories":[761,718,715,716,717],"tags":[],"class_list":["post-160365","post","type-post","status-publish","format-standard","has-post-thumbnail","hentry","category-blog-lv042","category-blogger","category-la-voz-de-hellin","category-la-voz-de-hellin-la-voz-de-hellin","category-noticias"],"_links":{"self":[{"href":"https:\/\/lavozdehellin.com\/noticias\/wp-json\/wp\/v2\/posts\/160365","targetHints":{"allow":["GET"]}}],"collection":[{"href":"https:\/\/lavozdehellin.com\/noticias\/wp-json\/wp\/v2\/posts"}],"about":[{"href":"https:\/\/lavozdehellin.com\/noticias\/wp-json\/wp\/v2\/types\/post"}],"author":[{"embeddable":true,"href":"https:\/\/lavozdehellin.com\/noticias\/wp-json\/wp\/v2\/users\/2"}],"replies":[{"embeddable":true,"href":"https:\/\/lavozdehellin.com\/noticias\/wp-json\/wp\/v2\/comments?post=160365"}],"version-history":[{"count":0,"href":"https:\/\/lavozdehellin.com\/noticias\/wp-json\/wp\/v2\/posts\/160365\/revisions"}],"wp:featuredmedia":[{"embeddable":true,"href":"https:\/\/lavozdehellin.com\/noticias\/wp-json\/wp\/v2\/media\/160366"}],"wp:attachment":[{"href":"https:\/\/lavozdehellin.com\/noticias\/wp-json\/wp\/v2\/media?parent=160365"}],"wp:term":[{"taxonomy":"category","embeddable":true,"href":"https:\/\/lavozdehellin.com\/noticias\/wp-json\/wp\/v2\/categories?post=160365"},{"taxonomy":"post_tag","embeddable":true,"href":"https:\/\/lavozdehellin.com\/noticias\/wp-json\/wp\/v2\/tags?post=160365"}],"curies":[{"name":"wp","href":"https:\/\/api.w.org\/{rel}","templated":true}]}}