{"id":160368,"date":"2025-11-11T11:34:21","date_gmt":"2025-11-11T09:34:21","guid":{"rendered":"https:\/\/lavozdehellin.com\/noticias\/?p=160368"},"modified":"2025-12-12T19:56:19","modified_gmt":"2025-12-12T17:56:19","slug":"v10-433-lvh-noticias-la-diputacion-impulsa-el-desarrollo-rural-de-villaverde-de-guadalimar-con-una-inversion-superior-a-los-220-000-euros-en-2025-para-mejorar-servicios-e-infraestructuras-municipales","status":"publish","type":"post","link":"https:\/\/lavozdehellin.com\/noticias\/v10-433-lvh-noticias-la-diputacion-impulsa-el-desarrollo-rural-de-villaverde-de-guadalimar-con-una-inversion-superior-a-los-220-000-euros-en-2025-para-mejorar-servicios-e-infraestructuras-municipales\/","title":{"rendered":"LVH NOTICIAS | LA DIPUTACI\u00d3N IMPULSA EL DESARROLLO RURAL DE VILLAVERDE DE GUADALIMAR CON UNA INVERSI\u00d3N SUPERIOR A LOS 220.000 EUROS EN 2025 PARA MEJORAR SERVICIOS E INFRAESTRUCTURAS MUNICIPALES"},"content":{"rendered":"<p style=\"text-align: justify;\">El vicepresidente de la Diputaci\u00f3n de Albacete, Fran Valera, ha visitado Villaverde de Guadalimar, junto a su nueva alcaldesa, Natalia Moreno, para interesarse por las necesidades de la localidad, y conocer la evoluci\u00f3n de las actuaciones que se est\u00e1n ejecutando de la mano de la instituci\u00f3n provincial, que en los dos \u00faltimos a\u00f1os ha destinado m\u00e1s de 400.000 euros a este punto de la geograf\u00eda albacetense.<\/p>\n<p><!--more--><br \/>\n<!--publicidad-voz01--><a href=\"https:\/\/www.facebook.com\/SoloRadioHellin\/?locale=es_ES\"><img decoding=\"async\" class=\"alignnone size-medium\" src=\"https:\/\/blogger.googleusercontent.com\/img\/b\/R29vZ2xl\/AVvXsEiNncirNnyGedv00mhjZjh5Wl4_YPdJGanoAl8tL8zH-HwqE8uHqjEfSt340RHdx-9tuCSIkZ8rFamZiGyYlgDGxCsmXjCH_1xk5eYM3ntFZRvJP_jndOKR7w1UAo9Tu0vrZyOLfqRpHIxYI5SymJJ-pfGCQw6QVpggBH-UgfjiFQ2JOxqxG0Jx94kW83c\/s1600\/logo-principal.jpg\" width=\"100%\" height=\"100\" \/><\/a><!--bestpublic-voz01--><!--desk-in-out-voz01--><br \/>\n<!--publicidad-voz02--><a href=\"https:\/\/www.hellincf.com\/\"><img decoding=\"async\" class=\"alignnone size-medium\" src=\"https:\/\/blogger.googleusercontent.com\/img\/b\/R29vZ2xl\/AVvXsEhuZ4-XfBVj3UtdP8-RZugy3WVrg-Zv28c53m4oV47qYCxL1rX_dqWX_YddsGSnpH5SRDqZ7bZeKPIfDVCDncpjVlhy3aQs2vojcJBn7Gdv9hC2_Nzct_pRFrnFE1a7KTCdY1bT_kAgnY3-iadRZrGeJf1fR2P5fu11bokx0pWjaypoy-ctwCjklldpEbA\/s1600\/logo-principal7.jpg\" width=\"100%\" height=\"100\" \/><\/a><!--bestpublic-voz02--><!--desk-in-out-voz02--><\/p>\n<p style=\"text-align: justify;\">A los m\u00e1s de 180.000 euros que invirti\u00f3 el pasado ejercicio, y que se han traducido en reparaciones en la plaza de toros y en la Iglesia o el reacondicionamiento de diferentes caminos rurales y de la \u2018Senda encantada\u2019, favoreciendo tambi\u00e9n acciones en cultura, deportes o igualdad, se unen los m\u00e1s de 220.000 euros que la Diputaci\u00f3n ha impulsado este 2025 para continuar mejorando servicios e infraestructuras municipales.<\/p>\n<p style=\"text-align: justify;\">Reafirmando su compromiso con el desarrollo y la calidad de vida en las zonas rurales, la instituci\u00f3n provincial, s\u00f3lo a trav\u00e9s del programa \u2018Dipualba Responde\u2019, va a hacer posibles obras por un valor cercano a los 130.000 euros, de los cuales la instituci\u00f3n asume el 95 por ciento.<\/p>\n<p style=\"text-align: justify;\">Obras en varias v\u00edas p\u00fablicas y un parque<\/p>\n<p style=\"text-align: justify;\">\u00c9stas vendr\u00e1n a modernizar espacios p\u00fablicos, mejorar la seguridad vial y optimizar recursos b\u00e1sicos tanto en el pueblo como en las pedan\u00edas. As\u00ed, est\u00e1 prevista la actuaci\u00f3n en media docena de v\u00edas y diferentes espacios comunitarios.<\/p>\n<p style=\"text-align: justify;\">La inversi\u00f3n m\u00e1s importante se va a realizar en la calle Tierno Galv\u00e1n, que ver\u00e1 mejorado tanto el firme como las aceras, eliminando bordillos y avanzando en accesibilidad. Adem\u00e1s, se va a crear un paseo peatonal paralelo a la carretera CM-3205, que solventar\u00e1 el problema de seguridad que se da en esta calzada, por la que la poblaci\u00f3n transita de forma ordinaria, ya que comunica el propio caso urbano.<\/p>\n<p style=\"text-align: justify;\">Por su parte, en la calle Pe\u00f1icas se va a sanear la red de alcantarillado de aguas de lluvia para evitar que se sigan produciendo inundaciones, al tiempo que se reparar\u00e1n las baldosas levantadas por las ra\u00edces de los \u00e1rboles. Del mismo modo, en el paseo de las Delicias se reformar\u00e1 el muro para corregir la pendiente, que genera dificultades al tr\u00e1nsito.<\/p>\n<p style=\"text-align: justify;\">Junto a esto, tambi\u00e9n se va a reacondicionar el parque p\u00fablico para la colocaci\u00f3n de caucho el\u00e1stico de protecci\u00f3n contra ca\u00eddas, y est\u00e1 previsto, en otra \u00e1rea de la localidad, la instalaci\u00f3n de m\u00e1quinas biosaludables para promover el envejecimiento activo.<\/p>\n<p style=\"text-align: justify;\">Del mismo modo, en el marco del \u2018Dipualba Responde\u2019 se va a proceder a una remodelaci\u00f3n integral de la explanada de la pedan\u00eda de El Bellotar. Un \u00e1rea que tiene una gran actividad, convertida en zona de paso y aparcamiento, pero tambi\u00e9n es un lugar festivo, donde se instala cada a\u00f1o la verbena durante las fiestas locales.<br \/>\n\u2018Dipualba Responde\u2019 transforma la provincia, suma bienestar y genera oportunidades<\/p>\n<p style=\"text-align: justify;\">Cinco obras de calado no s\u00f3lo por lo que implican en cuanto a la mejora de espacios o servicios p\u00fablicos, sino por su repercusi\u00f3n directa en la calidad de vida de la poblaci\u00f3n, que avanzar\u00e1 en accesibilidad, seguridad, ofertas de ocio saludable y espacios de convivencia, tal y como ha puesto en valor Fran Valera, resaltando el potencial de programa \u2018Dipualba Responde\u2019 que, desde la autonom\u00eda municipal, est\u00e1 transformando, \u201cpalmo a palmo\u201d, cada territorio, generando bienestar, cohesi\u00f3n social y oportunidades.<\/p>\n<p style=\"text-align: justify;\">Durante la visita, el vicepresidente de la Diputaci\u00f3n y la alcaldesa de Villaverde de Guadalimar tambi\u00e9n han tenido la oportunidad de abordar otras actuaciones que la instituci\u00f3n viene impulsando en el municipio, como la mejora en caminos rurales, con 22.700 euros invertidos este 2025. Algo clave en un municipio con una econom\u00eda eminentemente agr\u00edcola de la mano de su excelente aceite de oliva virgen extra.<\/p>\n<p style=\"text-align: justify;\">Del mismo modo, Valera ha se\u00f1alado la importancia de ayudas como la destinada al sostenimiento agrupado del secretario interventor, pieza clave para el funcionamiento de un Ayuntamiento, que asciende a 15.000 euros en el caso de este pueblo, y ha recordado tambi\u00e9n las l\u00edneas puestas en marcha, por primera vez este a\u00f1o, para la contrataci\u00f3n de personal para el mantenimiento de infraestructuras y espacios municipales, por la que el Ayuntamiento ha recibido 9.000 euros, o para apoyar las fiestas locales, con otros 8.000 euros financiados en este pueblo.<\/p>\n<p style=\"text-align: justify;\">\u201cPol\u00edtica \u00fatil, eficaz y cercana, al servicio de los municipios\u201d<\/p>\n<p style=\"text-align: justify;\">Cuant\u00edas a las que se unen otras de menor envergadura, pero igualmente decisivas en el d\u00eda a d\u00eda local para garantizar el mantenimiento y buen funcionamiento de servicios p\u00fablicos vinculados al deporte, la conciliaci\u00f3n, el turismo, el archivo municipal\u2026<\/p>\n<p style=\"text-align: justify;\">\u201cLas ayudas provinciales son un ejemplo de pol\u00edtica \u00fatil, eficaz y cercana, al servicio de los municipios y, por extensi\u00f3n de las necesidades de la ciudadan\u00eda, a trav\u00e9s de las cuales desde la Diputaci\u00f3n trabajamos para impulsar el desarrollo rural, avanzar en igualdad de oportunidades y en calidad de vida\u201d, ha apuntado Valera.<\/p>\n<p><!--publicidad-voz03--><a href=\"https:\/\/www.facebook.com\/profile.php?id=100063593791305&amp;locale=es_ES\"><img decoding=\"async\" class=\"alignnone size-medium\" src=\"https:\/\/blogger.googleusercontent.com\/img\/b\/R29vZ2xl\/AVvXsEi8_n_ll8UOcGxCqzFvb_9Io4ICczlGC990BPtPj2w9Px-u7B3oqWUW5vtjZUqPNJ-nyjiUIorE0ATsib_l5tV8BVN-UJ03RTnU__IHJF_4DgDBtY4LIqXNG-FomrO-7ywes20CBCRM2Hcm7EJSh3UUw1dO-c_uTflUrtgY1i7uBRezj_DpympmEFkfbQY\/s1600\/logo-principal2.jpg\" width=\"100%\" height=\"100\" \/><\/a><!--bestpublic-voz03--><!--desk-in-out-voz03--><br \/>\n<!--publicidad-voz04--><a href=\"https:\/\/www.facebook.com\/profile.php?id=61557370768692&amp;locale=es_ES\"><img decoding=\"async\" class=\"alignnone size-medium\" src=\"https:\/\/blogger.googleusercontent.com\/img\/b\/R29vZ2xl\/AVvXsEgy5RdcfffrnrItnYTcV9bCJjgJwldsQLWssfVfrLbyfXeBNTFKgBf0rMIvhrUaGUhiXzVr9_eQgCbi-j63ZDpfTvLIty9w7s140y-m1yHe7eKmEK7v2NAHUJDVYGdfeiQFeRCqUjdwWmN1MX_AUxxz4IVdJ4WIM0APxit8bjWkXzrnEFGqBvW_1F13H1g\/s1600\/logo-principal5.jpg\" width=\"100%\" height=\"100\" \/><\/a><!--bestpublic-voz04--><!--desk-in-out-voz04--><br \/>\n<!--publicidad-voz05--><a href=\"https:\/\/www.facebook.com\/asociaciontamborileroshellin?locale=es_ES\"><img decoding=\"async\" class=\"alignnone size-medium\" src=\"https:\/\/blogger.googleusercontent.com\/img\/b\/R29vZ2xl\/AVvXsEhHEEpZsKK1VpwiYMrS7aE2ujtqIDZoLd4B5wtbiseSU9s2HdTdQfhF84So2XwEB1fv0BLw95GADm6hUl1bkKtzh-eIgVigXONuu_5RxeIMPhjk8q6uNX4EaEHbooKkbu7pCADWPpVJjhKIH5NQSJpWqedC-YBez4QAQeJYokkLot9bhrIaUAeztsGis6M\/s1600\/logo-principal3.jpg\" width=\"100%\" height=\"100\" \/><\/a><!--bestpublic-voz05--><!--desk-in-out-voz05--><br \/>\n<!--publicidad-voz06--><!--bestpublic-voz06--><!--desk-in-out-voz06--><br \/>\n<!--publicidad-voz07--><!--bestpublic-voz07--><!--desk-in-out-voz07--><br \/>\n<!--publicidad-voz08--><!--bestpublic-voz08--><!--desk-in-out-voz08--><br \/>\n<!--publicidad-voz09--><!--bestpublic-voz09--><!--desk-in-out-voz09--><br \/>\n<!--publicidad-voz10--><!--bestpublic-voz10--><!--desk-in-out-voz10--><br \/>\n<!--publicidad-voz11--><!--bestpublic-voz11--><!--desk-in-out-voz11--><br \/>\n<!--publicidad-voz12--><!--bestpublic-voz12--><!--desk-in-out-voz12--><br \/>\n<!--publicidad-voz13--><!--bestpublic-voz13--><!--desk-in-out-voz13--><br \/>\n<!--publicidad-voz14--><!--bestpublic-voz14--><!--desk-in-out-voz14--><br \/>\n<!--publicidad-voz15--><!--bestpublic-voz15--><!--desk-in-out-voz15--><br \/>\n<!--publicidad-voz16--><!--bestpublic-voz16--><!--desk-in-out-voz16--><\/p>\n","protected":false},"excerpt":{"rendered":"<p>El vicepresidente de la Diputaci\u00f3n de Albacete, Fran Valera, ha visitado Villaverde de Guadalimar, junto a su nueva alcaldesa, Natalia Moreno, para interesarse por las necesidades de la localidad, y&#8230;<\/p>\n","protected":false},"author":2,"featured_media":160369,"comment_status":"closed","ping_status":"closed","sticky":false,"template":"","format":"standard","meta":{"footnotes":""},"categories":[761,718,715,716,717],"tags":[],"class_list":["post-160368","post","type-post","status-publish","format-standard","has-post-thumbnail","hentry","category-blog-lv042","category-blogger","category-la-voz-de-hellin","category-la-voz-de-hellin-la-voz-de-hellin","category-noticias"],"_links":{"self":[{"href":"https:\/\/lavozdehellin.com\/noticias\/wp-json\/wp\/v2\/posts\/160368","targetHints":{"allow":["GET"]}}],"collection":[{"href":"https:\/\/lavozdehellin.com\/noticias\/wp-json\/wp\/v2\/posts"}],"about":[{"href":"https:\/\/lavozdehellin.com\/noticias\/wp-json\/wp\/v2\/types\/post"}],"author":[{"embeddable":true,"href":"https:\/\/lavozdehellin.com\/noticias\/wp-json\/wp\/v2\/users\/2"}],"replies":[{"embeddable":true,"href":"https:\/\/lavozdehellin.com\/noticias\/wp-json\/wp\/v2\/comments?post=160368"}],"version-history":[{"count":0,"href":"https:\/\/lavozdehellin.com\/noticias\/wp-json\/wp\/v2\/posts\/160368\/revisions"}],"wp:featuredmedia":[{"embeddable":true,"href":"https:\/\/lavozdehellin.com\/noticias\/wp-json\/wp\/v2\/media\/160369"}],"wp:attachment":[{"href":"https:\/\/lavozdehellin.com\/noticias\/wp-json\/wp\/v2\/media?parent=160368"}],"wp:term":[{"taxonomy":"category","embeddable":true,"href":"https:\/\/lavozdehellin.com\/noticias\/wp-json\/wp\/v2\/categories?post=160368"},{"taxonomy":"post_tag","embeddable":true,"href":"https:\/\/lavozdehellin.com\/noticias\/wp-json\/wp\/v2\/tags?post=160368"}],"curies":[{"name":"wp","href":"https:\/\/api.w.org\/{rel}","templated":true}]}}