{"id":160371,"date":"2025-11-11T10:21:04","date_gmt":"2025-11-11T08:21:04","guid":{"rendered":"https:\/\/lavozdehellin.com\/noticias\/?p=160371"},"modified":"2025-12-12T19:56:19","modified_gmt":"2025-12-12T17:56:19","slug":"v10-432-lvh-noticias-la-diputacion-de-albacete-refuerza-su-liderazgo-en-modernizacion-administrativa-con-la-presentacion-del-nuevo-gestor-de-expedientes-segex-2-0","status":"publish","type":"post","link":"https:\/\/lavozdehellin.com\/noticias\/v10-432-lvh-noticias-la-diputacion-de-albacete-refuerza-su-liderazgo-en-modernizacion-administrativa-con-la-presentacion-del-nuevo-gestor-de-expedientes-segex-2-0\/","title":{"rendered":"LVH NOTICIAS | LA DIPUTACI\u00d3N DE ALBACETE REFUERZA SU LIDERAZGO EN MODERNIZACI\u00d3N ADMINISTRATIVA CON LA PRESENTACI\u00d3N DEL NUEVO GESTOR DE EXPEDIENTES SEGEX 2.0"},"content":{"rendered":"<p style=\"text-align: justify;\">La Diputaci\u00f3n de Albacete ha celebrado unas jornadas formativas sobre la nueva versi\u00f3n del gestor de expedientes electr\u00f3nicos SEGEX 2.0, integrado en la plataforma SEDIPUALB@, desarrollada por personal de la propia instituci\u00f3n provincial y considerada un referente nacional en administraci\u00f3n electr\u00f3nica compartida.<\/p>\n<p><!--more--><br \/>\n<!--publicidad-voz01--><a href=\"https:\/\/www.facebook.com\/SoloRadioHellin\/?locale=es_ES\"><img decoding=\"async\" class=\"alignnone size-medium\" src=\"https:\/\/blogger.googleusercontent.com\/img\/b\/R29vZ2xl\/AVvXsEiNncirNnyGedv00mhjZjh5Wl4_YPdJGanoAl8tL8zH-HwqE8uHqjEfSt340RHdx-9tuCSIkZ8rFamZiGyYlgDGxCsmXjCH_1xk5eYM3ntFZRvJP_jndOKR7w1UAo9Tu0vrZyOLfqRpHIxYI5SymJJ-pfGCQw6QVpggBH-UgfjiFQ2JOxqxG0Jx94kW83c\/s1600\/logo-principal.jpg\" width=\"100%\" height=\"100\" \/><\/a><!--bestpublic-voz01--><!--desk-in-out-voz01--><br \/>\n<!--publicidad-voz02--><a href=\"https:\/\/www.hellincf.com\/\"><img decoding=\"async\" class=\"alignnone size-medium\" src=\"https:\/\/blogger.googleusercontent.com\/img\/b\/R29vZ2xl\/AVvXsEhuZ4-XfBVj3UtdP8-RZugy3WVrg-Zv28c53m4oV47qYCxL1rX_dqWX_YddsGSnpH5SRDqZ7bZeKPIfDVCDncpjVlhy3aQs2vojcJBn7Gdv9hC2_Nzct_pRFrnFE1a7KTCdY1bT_kAgnY3-iadRZrGeJf1fR2P5fu11bokx0pWjaypoy-ctwCjklldpEbA\/s1600\/logo-principal7.jpg\" width=\"100%\" height=\"100\" \/><\/a><!--bestpublic-voz02--><!--desk-in-out-voz02--><\/p>\n<p style=\"text-align: justify;\">Las sesiones, celebradas en el Sal\u00f3n de Actos de la Diputaci\u00f3n este lunes y martes, han estado dirigidas, el primer d\u00eda, a los servicios de la propia instituci\u00f3n provincial y, este segundo, a representantes de ayuntamientos y entidades locales de toda la provincia, adem\u00e1s de contar con la participaci\u00f3n en l\u00ednea de personal t\u00e9cnicos y responsables de administraciones p\u00fablicas de distintos puntos de Espa\u00f1a que operan con la plataforma.<\/p>\n<p style=\"text-align: justify;\">SEGEX 2.0: una herramienta m\u00e1s \u00e1gil, completa y segura<\/p>\n<p style=\"text-align: justify;\">Durante la inauguraci\u00f3n de la jornada del martes, el diputado responsable del Servicio de Modernizaci\u00f3n Administrativa y TIC, Jos\u00e9 Antonio Calvo Requena, ha dado la bienvenida a los y las asistentes junto al jefe del servicio, Jos\u00e9 Joaqu\u00edn de Haro, destacando que esta cita es una nueva muestra de que \u201cla digitalizaci\u00f3n no es un fin en s\u00ed mismo, sino un medio para trabajar mejor, ser m\u00e1s eficaces y ofrecer un servicio p\u00fablico de mayor calidad\u201d.<\/p>\n<p style=\"text-align: justify;\">Calvo ha subrayado que la Diputaci\u00f3n de Albacete mantiene un firme compromiso con la modernizaci\u00f3n y la transformaci\u00f3n digital de las administraciones locales, en l\u00ednea con la convicci\u00f3n del presidente, Santi Caba\u00f1ero, que ha situado la cooperaci\u00f3n interinstitucional y la innovaci\u00f3n tecnol\u00f3gica como pilares de la acci\u00f3n del Gobierno provincial.<\/p>\n<p style=\"text-align: justify;\">Como se ha explicado, el nuevo SEGEX 2.0 incorpora mejoras sustanciales en la gesti\u00f3n interna de expedientes, facilitando la planificaci\u00f3n de tareas, la trazabilidad de los procesos y la coordinaci\u00f3n entre equipos. Su objetivo: hacer m\u00e1s f\u00e1cil, \u00e1gil y segura la tramitaci\u00f3n electr\u00f3nica para los trabajadores y trabajadoras del \u00e1mbito p\u00fablico y, en consecuencia, mejorar la atenci\u00f3n a la ciudadan\u00eda.<\/p>\n<p style=\"text-align: justify;\">SEDIPUALB@: un modelo nacido en Albacete que ya comparten m\u00e1s de 1.200 entidades p\u00fablicas<\/p>\n<p style=\"text-align: justify;\">Calvo Requena ha recordado que SEDIPUALB@, que naci\u00f3 en la Diputaci\u00f3n de Albacete como una plataforma propia de administraci\u00f3n electr\u00f3nica, se ha convertido en una herramienta compartida por m\u00e1s de 1.200 entidades p\u00fablicas en toda Espa\u00f1a, desde peque\u00f1os ayuntamientos hasta grandes ciudades, pasando por diputaciones, cabildos, consorcios, universidades e incluso parlamentos regionales.<\/p>\n<p style=\"text-align: justify;\">\u201cLo que naci\u00f3 aqu\u00ed, en Albacete, se ha convertido en un modelo de referencia para modernizar la gesti\u00f3n p\u00fablica desde la cooperaci\u00f3n y el trabajo compartido\u201d ha se\u00f1alado, reconociendo la labor del equipo t\u00e9cnico del Servicio de Modernizaci\u00f3n Administrativa y TIC (SEMATIC), encabezado por Jos\u00e9 Joaqu\u00edn de Haro, por su esfuerzo y compromiso constante con los ayuntamientos.<\/p>\n<p style=\"text-align: justify;\">Compromiso con una administraci\u00f3n moderna, cercana y \u00fatil<\/p>\n<p style=\"text-align: justify;\">La celebraci\u00f3n de estas jornadas formativas reafirma el papel de la Diputaci\u00f3n de Albacete como instituci\u00f3n al servicio de los municipios, acompa\u00f1\u00e1ndolos en su proceso de transformaci\u00f3n digital y reforzando su capacidad de gesti\u00f3n.<\/p>\n<p style=\"text-align: justify;\">Como ha destacado el diputado, \u201cesta jornada no s\u00f3lo trata de conocer las mejoras de una herramienta, sino de seguir avanzando juntos hacia una administraci\u00f3n p\u00fablica m\u00e1s \u00e1gil, m\u00e1s transparente y m\u00e1s cercana a las personas\u201d.<\/p>\n<p style=\"text-align: justify;\">Con iniciativas como la puesta a punto de SEGEX 2.0, la instituci\u00f3n provincial albacetense demuestra que la modernizaci\u00f3n tecnol\u00f3gica y la cooperaci\u00f3n entre administraciones son las claves para ofrecer mejores servicios p\u00fablicos y situar a las personas en el centro de la acci\u00f3n administrativa.<\/p>\n<p><!--publicidad-voz03--><a href=\"https:\/\/www.facebook.com\/profile.php?id=100063593791305&amp;locale=es_ES\"><img decoding=\"async\" class=\"alignnone size-medium\" src=\"https:\/\/blogger.googleusercontent.com\/img\/b\/R29vZ2xl\/AVvXsEi8_n_ll8UOcGxCqzFvb_9Io4ICczlGC990BPtPj2w9Px-u7B3oqWUW5vtjZUqPNJ-nyjiUIorE0ATsib_l5tV8BVN-UJ03RTnU__IHJF_4DgDBtY4LIqXNG-FomrO-7ywes20CBCRM2Hcm7EJSh3UUw1dO-c_uTflUrtgY1i7uBRezj_DpympmEFkfbQY\/s1600\/logo-principal2.jpg\" width=\"100%\" height=\"100\" \/><\/a><!--bestpublic-voz03--><!--desk-in-out-voz03--><br \/>\n<!--publicidad-voz04--><a href=\"https:\/\/www.facebook.com\/profile.php?id=61557370768692&amp;locale=es_ES\"><img decoding=\"async\" class=\"alignnone size-medium\" src=\"https:\/\/blogger.googleusercontent.com\/img\/b\/R29vZ2xl\/AVvXsEgy5RdcfffrnrItnYTcV9bCJjgJwldsQLWssfVfrLbyfXeBNTFKgBf0rMIvhrUaGUhiXzVr9_eQgCbi-j63ZDpfTvLIty9w7s140y-m1yHe7eKmEK7v2NAHUJDVYGdfeiQFeRCqUjdwWmN1MX_AUxxz4IVdJ4WIM0APxit8bjWkXzrnEFGqBvW_1F13H1g\/s1600\/logo-principal5.jpg\" width=\"100%\" height=\"100\" \/><\/a><!--bestpublic-voz04--><!--desk-in-out-voz04--><br \/>\n<!--publicidad-voz05--><a href=\"https:\/\/www.facebook.com\/asociaciontamborileroshellin?locale=es_ES\"><img decoding=\"async\" class=\"alignnone size-medium\" src=\"https:\/\/blogger.googleusercontent.com\/img\/b\/R29vZ2xl\/AVvXsEhHEEpZsKK1VpwiYMrS7aE2ujtqIDZoLd4B5wtbiseSU9s2HdTdQfhF84So2XwEB1fv0BLw95GADm6hUl1bkKtzh-eIgVigXONuu_5RxeIMPhjk8q6uNX4EaEHbooKkbu7pCADWPpVJjhKIH5NQSJpWqedC-YBez4QAQeJYokkLot9bhrIaUAeztsGis6M\/s1600\/logo-principal3.jpg\" width=\"100%\" height=\"100\" \/><\/a><!--bestpublic-voz05--><!--desk-in-out-voz05--><br \/>\n<!--publicidad-voz06--><!--bestpublic-voz06--><!--desk-in-out-voz06--><br \/>\n<!--publicidad-voz07--><!--bestpublic-voz07--><!--desk-in-out-voz07--><br \/>\n<!--publicidad-voz08--><!--bestpublic-voz08--><!--desk-in-out-voz08--><br \/>\n<!--publicidad-voz09--><!--bestpublic-voz09--><!--desk-in-out-voz09--><br \/>\n<!--publicidad-voz10--><!--bestpublic-voz10--><!--desk-in-out-voz10--><br \/>\n<!--publicidad-voz11--><!--bestpublic-voz11--><!--desk-in-out-voz11--><br \/>\n<!--publicidad-voz12--><!--bestpublic-voz12--><!--desk-in-out-voz12--><br \/>\n<!--publicidad-voz13--><!--bestpublic-voz13--><!--desk-in-out-voz13--><br \/>\n<!--publicidad-voz14--><!--bestpublic-voz14--><!--desk-in-out-voz14--><br \/>\n<!--publicidad-voz15--><!--bestpublic-voz15--><!--desk-in-out-voz15--><br \/>\n<!--publicidad-voz16--><!--bestpublic-voz16--><!--desk-in-out-voz16--><\/p>\n","protected":false},"excerpt":{"rendered":"<p>La Diputaci\u00f3n de Albacete ha celebrado unas jornadas formativas sobre la nueva versi\u00f3n del gestor de expedientes electr\u00f3nicos SEGEX 2.0, integrado en la plataforma SEDIPUALB@, desarrollada por personal de la&#8230;<\/p>\n","protected":false},"author":2,"featured_media":160372,"comment_status":"closed","ping_status":"closed","sticky":false,"template":"","format":"standard","meta":{"footnotes":""},"categories":[761,718,715,716,717],"tags":[],"class_list":["post-160371","post","type-post","status-publish","format-standard","has-post-thumbnail","hentry","category-blog-lv042","category-blogger","category-la-voz-de-hellin","category-la-voz-de-hellin-la-voz-de-hellin","category-noticias"],"_links":{"self":[{"href":"https:\/\/lavozdehellin.com\/noticias\/wp-json\/wp\/v2\/posts\/160371","targetHints":{"allow":["GET"]}}],"collection":[{"href":"https:\/\/lavozdehellin.com\/noticias\/wp-json\/wp\/v2\/posts"}],"about":[{"href":"https:\/\/lavozdehellin.com\/noticias\/wp-json\/wp\/v2\/types\/post"}],"author":[{"embeddable":true,"href":"https:\/\/lavozdehellin.com\/noticias\/wp-json\/wp\/v2\/users\/2"}],"replies":[{"embeddable":true,"href":"https:\/\/lavozdehellin.com\/noticias\/wp-json\/wp\/v2\/comments?post=160371"}],"version-history":[{"count":0,"href":"https:\/\/lavozdehellin.com\/noticias\/wp-json\/wp\/v2\/posts\/160371\/revisions"}],"wp:featuredmedia":[{"embeddable":true,"href":"https:\/\/lavozdehellin.com\/noticias\/wp-json\/wp\/v2\/media\/160372"}],"wp:attachment":[{"href":"https:\/\/lavozdehellin.com\/noticias\/wp-json\/wp\/v2\/media?parent=160371"}],"wp:term":[{"taxonomy":"category","embeddable":true,"href":"https:\/\/lavozdehellin.com\/noticias\/wp-json\/wp\/v2\/categories?post=160371"},{"taxonomy":"post_tag","embeddable":true,"href":"https:\/\/lavozdehellin.com\/noticias\/wp-json\/wp\/v2\/tags?post=160371"}],"curies":[{"name":"wp","href":"https:\/\/api.w.org\/{rel}","templated":true}]}}