{"id":160453,"date":"2025-12-12T13:17:38","date_gmt":"2025-12-12T11:17:38","guid":{"rendered":"https:\/\/lavozdehellin.com\/noticias\/?p=160453"},"modified":"2025-12-13T12:56:31","modified_gmt":"2025-12-13T10:56:31","slug":"v10-453-lvh-noticias-el-gobierno-de-la-diputacion-de-albacete-pone-cifras-historicas-en-manos-del-municipalismo-y-convierte-acuerdos-en-servicios-con-un-gran-respaldo-a-los-presupuestos-2026","status":"publish","type":"post","link":"https:\/\/lavozdehellin.com\/noticias\/v10-453-lvh-noticias-el-gobierno-de-la-diputacion-de-albacete-pone-cifras-historicas-en-manos-del-municipalismo-y-convierte-acuerdos-en-servicios-con-un-gran-respaldo-a-los-presupuestos-2026\/","title":{"rendered":"LVH NOTICIAS | EL GOBIERNO DE LA DIPUTACI\u00d3N DE ALBACETE PONE CIFRAS HIST\u00d3RICAS EN MANOS DEL MUNICIPALISMO Y CONVIERTE ACUERDOS EN SERVICIOS CON UN GRAN RESPALDO A LOS PRESUPUESTOS 2026"},"content":{"rendered":"<p style=\"text-align: justify;\">La Diputaci\u00f3n de Albacete ya cuenta con Presupuesto para 2026.<\/p>\n<p><!--more--><br \/>\n<!--publicidad-voz01--><a href=\"https:\/\/www.facebook.com\/SoloRadioHellin\/?locale=es_ES\"><img decoding=\"async\" class=\"alignnone size-medium\" src=\"https:\/\/blogger.googleusercontent.com\/img\/b\/R29vZ2xl\/AVvXsEiNncirNnyGedv00mhjZjh5Wl4_YPdJGanoAl8tL8zH-HwqE8uHqjEfSt340RHdx-9tuCSIkZ8rFamZiGyYlgDGxCsmXjCH_1xk5eYM3ntFZRvJP_jndOKR7w1UAo9Tu0vrZyOLfqRpHIxYI5SymJJ-pfGCQw6QVpggBH-UgfjiFQ2JOxqxG0Jx94kW83c\/s1600\/logo-principal.jpg\" width=\"100%\" height=\"100\" \/><\/a><!--bestpublic-voz01--><!--desk-in-out-voz01--><br \/>\n<!--publicidad-voz02--><a href=\"https:\/\/www.hellincf.com\/\"><img decoding=\"async\" class=\"alignnone size-medium\" src=\"https:\/\/blogger.googleusercontent.com\/img\/b\/R29vZ2xl\/AVvXsEhuZ4-XfBVj3UtdP8-RZugy3WVrg-Zv28c53m4oV47qYCxL1rX_dqWX_YddsGSnpH5SRDqZ7bZeKPIfDVCDncpjVlhy3aQs2vojcJBn7Gdv9hC2_Nzct_pRFrnFE1a7KTCdY1bT_kAgnY3-iadRZrGeJf1fR2P5fu11bokx0pWjaypoy-ctwCjklldpEbA\/s1600\/logo-principal7.jpg\" width=\"100%\" height=\"100\" \/><\/a><!--bestpublic-voz02--><!--desk-in-out-voz02--><\/p>\n<p style=\"text-align: justify;\">El Pleno celebrado este viernes ha dado \u2018luz verde\u2019 a unas cuentas que el propio vicepresidente y responsable del \u00c1rea Econ\u00f3mica, Fran Valera, ha calificado como \u201chist\u00f3ricas, al menos en la \u00faltima d\u00e9cada\u201d en la instituci\u00f3n, y que han salido adelante con el voto favorable de los trece diputados y diputadas del Equipo de Gobierno de Santi Caba\u00f1ero y de los diez integrantes del Grupo Popular. Los dos representantes de Vox han votado en contra.<\/p>\n<p style=\"text-align: justify;\">El presidente ha abierto la sesi\u00f3n agradeciendo la presencia de numerosos alcaldes, alcaldesas y ediles de distintos puntos de la provincia en el sal\u00f3n de plenos, subrayando el car\u00e1cter eminentemente municipalista de estas cuentas. \u201cDoy la bienvenida a todos los y las \u2018mun\u00edcipes\u2019 que nos acompa\u00f1\u00e1is para asistir, entendemos, al pleno probablemente m\u00e1s importante de los que tienen lugar en esta \u2018casa\u2019, que es el que aprueba las cuentas que han de regir la econom\u00eda de esta casa y tambi\u00e9n, en parte, la de los ayuntamientos de la provincia para el a\u00f1o 2026\u201d, ha se\u00f1alado Caba\u00f1ero.<br \/>\nUn presupuesto progresista al servicio de los ayuntamientos<\/p>\n<p style=\"text-align: justify;\">Durante su intervenci\u00f3n, Fran Valera ha recordado que el presupuesto de la propia Diputaci\u00f3n asciende a 175 millones de euros, un 25% m\u00e1s que el del a\u00f1o anterior, y que, si se tiene en cuenta el per\u00edmetro consolidado con consorcios y organismos aut\u00f3nomos, \u201cse superan los 211 millones de euros, una cifra hist\u00f3rica para la instituci\u00f3n\u201d. Para el vicepresidente, ese volumen econ\u00f3mico \u201cno es un fin en s\u00ed mismo, sino la herramienta cotidiana de los representantes municipales para dar respuestas al d\u00eda a d\u00eda\u201d.<\/p>\n<p style=\"text-align: justify;\">Valera ha insistido en que la filosof\u00eda que recorre todo el documento parte de una idea clara: \u201cEntendemos que los ayuntamientos son la administraci\u00f3n m\u00e1s cercana al ciudadano, la m\u00e1s accesible y la primera respuesta. Por eso reiteramos tanto la palabra ayuntamientos y representantes municipales\u201d. En esa l\u00ednea, ha defendido que el presupuesto no se limita a cubrir el funcionamiento ordinario, sino que \u201cpretende ser tambi\u00e9n un agente econ\u00f3mico y social y un agente de protecci\u00f3n social en nuestra provincia\u201d, reforzando servicios p\u00fablicos, empleo y cohesi\u00f3n territorial.<\/p>\n<p style=\"text-align: justify;\">Desde la \u00f3ptica del Equipo de Gobierno, se trata de unas cuentas claramente progresistas, que ponen en el centro a las personas y a los servicios p\u00fablicos y que no renuncian a pol\u00edticas clave como la igualdad, la solidaridad internacional, la Agenda 2030 o el refuerzo del Estado del Bienestar en el medio rural. El propio Valera lo ha expresado con rotundidad al explicar el sentido del voto en contra del Grupo Socialista a las diez enmiendas presentadas por Vox: \u201cEn resumen, creo que sus enmiendas patrimonializan lo que creen que es suyo y, sobre todo, criminalizan o se\u00f1alan enemigos que parece que \u00faltimamente en pol\u00edtica es la manera m\u00e1s rentable de hacerla. Frente a eso, defendemos la igualdad entre hombres y mujeres, la igualdad salarial, la Agenda 2030 y el papel de los sindicatos como elementos esenciales de una sociedad democr\u00e1tica\u201d.<\/p>\n<p style=\"text-align: justify;\">Salud financiera, apoyo del Gobierno de Espa\u00f1a y r\u00e9cord de inversi\u00f3n<\/p>\n<p style=\"text-align: justify;\">El debate ha servido tambi\u00e9n para poner de manifiesto la buena situaci\u00f3n econ\u00f3mica de la instituci\u00f3n provincial. Valera ha recordado que la Diputaci\u00f3n mantiene deuda cero desde mediados de 2024 y que \u201cgoza de la mejor salud econ\u00f3mica de los \u00faltimos 20 a\u00f1os\u201d, cumpliendo sobradamente con los par\u00e1metros de estabilidad, techo de gasto y endeudamiento. Esa situaci\u00f3n, unida a la liquidaci\u00f3n positiva del ejercicio 2024, permitir\u00e1 incluso prescindir del cr\u00e9dito de 4,5 millones inicialmente contemplado para determinadas inversiones, que podr\u00e1n financiarse con remanentes.<\/p>\n<p style=\"text-align: justify;\">El vicepresidente ha destacado igualmente el fuerte compromiso municipalista del Gobierno de Espa\u00f1a, que se traduce en un aumento sin precedentes de las transferencias del Estado. \u201cEn el a\u00f1o 2019 esta Diputaci\u00f3n recib\u00eda 91 millones de euros; este a\u00f1o la previsi\u00f3n de entregas a cuenta est\u00e1 en los 144 millones. Estamos hablando de m\u00e1s de 50 millones de euros adicionales en apenas seis o siete a\u00f1os. Son cifras hist\u00f3ricas y un compromiso enorme con el mundo local\u201d, ha asegurado.<\/p>\n<p style=\"text-align: justify;\">Sobre esa base, las cuentas de 2026 sit\u00faan la inversi\u00f3n en un nivel r\u00e9cord. Entre los cap\u00edtulos VI y VII suman m\u00e1s de 50 millones de euros, es decir, 26 millones m\u00e1s que el a\u00f1o pasado. Si se a\u00f1ade la inversi\u00f3n en carreteras ya presupuestada en 2025, \u201cen 2026 la Diputaci\u00f3n va a poner en circulaci\u00f3n m\u00e1s de 70 millones de euros para la inversi\u00f3n en nuestros pueblos\u201d, ha resumido Valera. Se trata de recursos que se destinar\u00e1n tanto a infraestructuras propias provinciales, como la red de carreteras, los parques de bomberos o el nuevo Conservatorio de M\u00fasica, como a programas de inversi\u00f3n directa en los municipios, desde el Plan de Obras y Servicios hasta las distintas convocatorias del programa Dipualba Responde.<\/p>\n<p style=\"text-align: justify;\">El presidente ha incidido en esa vocaci\u00f3n transformadora, ligando inversi\u00f3n con calidad de vida y cohesi\u00f3n social. Las cuentas, ha dicho, permitir\u00e1n \u201cmejorar nuestras carreteras, reforzar el ciclo del agua potable, apostar por las escuelas infantiles y los colegios p\u00fablicos, impulsar vivienda municipal, renovar las flotas de veh\u00edculos de los ayuntamientos y, en definitiva, mejorar los espacios p\u00fablicos y la vida de la gente de nuestros pueblos\u201d.<\/p>\n<p style=\"text-align: justify;\">Di\u00e1logo, enmiendas y distintas formas de hacer pol\u00edtica<\/p>\n<p style=\"text-align: justify;\">El Pleno ha evidenciado tambi\u00e9n una forma de entender la pol\u00edtica basada en el di\u00e1logo y en la b\u00fasqueda de acuerdos \u00fatiles. Las diez enmiendas presentadas por Vox, han sido rechazadas con la abstenci\u00f3n del Grupo Popular y el voto en contra del Grupo Socialista. Valera ha explicado que, incluso en ese desacuerdo, se ha avanzado un paso respecto a ejercicios anteriores, pasando de una enmienda a la totalidad sin alternativa real a diez enmiendas parciales. No obstante, ha subrayado que muchas de sus propuestas \u201cpatrimonializan\u201d cuestiones que ya cuentan con apoyo de la Diputaci\u00f3n, como el patrimonio religioso o el sector agroalimentario, y plantean recortes directos en pol\u00edticas progresistas irrenunciables para el Equipo de Gobierno, entre ellas las ligadas a igualdad, Agenda 2030 o cooperaci\u00f3n.<\/p>\n<p style=\"text-align: justify;\">Por su parte, las tres enmiendas del Grupo Popular s\u00ed han sido incorporadas al presupuesto por unanimidad. Est\u00e1n valoradas en 3,5 millones de euros e incorporan un mill\u00f3n y medio adicional a Dipualba Responde \u2013inversiones\u2013 para actuaciones en redes de abastecimiento y retirada de amianto, un mill\u00f3n de euros para la adquisici\u00f3n de veh\u00edculos de las flotas municipales y otro mill\u00f3n para mejoras en escuelas infantiles municipales, colegios p\u00fablicos y consultorios. Valera ha explicado el voto favorable del Grupo Socialista resaltando el car\u00e1cter pr\u00e1ctico de estas aportaciones: \u201cSon cuestiones que sentimos como problemas comunes; el \u00e9xito pol\u00edtico es la utilidad. Quiz\u00e1 no siempre va ligado al \u00e9xito electoral, pero s\u00ed a poder dormir tranquilo. Todos sabemos lo que supone una furgoneta que ya no hay que alquilar, un suelo m\u00e1s seguro en la escuela infantil o una actuaci\u00f3n urgente en el consultorio m\u00e9dico. Son necesidades reales que compartimos\u201d.<\/p>\n<p style=\"text-align: justify;\">Asimismo, se han aprobado las ocho enmiendas del Grupo Socialista, seis de ellas por unanimidad y dos con el voto en contra de Vox. Entre otros aspectos, permiten ajustar el presupuesto a necesidades detectadas durante la ejecuci\u00f3n de 2025, incorporar la resoluci\u00f3n provisional del PAI de SACAM para la Sierra de Alcaraz y el Campo de Montiel, reforzar el mantenimiento de la V\u00eda Verde, actualizar partidas como el transporte escolar o la subida salarial del personal y sumar nuevos recursos a la red de carreteras y a la participaci\u00f3n de la provincia en la Vuelta a Espa\u00f1a.<\/p>\n<p style=\"text-align: justify;\">Valera ha aprovechado este punto para destacar el cambio de modelo que la Diputaci\u00f3n viene impulsando en clave de transparencia: \u201cLa Diputaci\u00f3n ha hecho un esfuerzo tremendo por la transparencia y por garantizar un reparto equitativo de los fondos. Se han eliminado entre los cap\u00edtulos 4 y 7 hasta 90 convenios con ayuntamientos y asociaciones para convertirlos en torno a 18 o 20 convocatorias en concurrencia competitiva, para que cada uno pueda concurrir en igualdad de condiciones y sabiendo que el convenio es una f\u00f3rmula extraordinaria, no la norma\u201d.<br \/>\nReconocimiento al personal y a la corporaci\u00f3n: presupuestos que empiezan en mayo<\/p>\n<p style=\"text-align: justify;\">Una buena parte de las intervenciones se ha dedicado a reconocer el trabajo colectivo que hay detr\u00e1s de que la Diputaci\u00f3n pueda contar con presupuesto en vigor desde el inicio del a\u00f1o. Valera ha querido comenzar su exposici\u00f3n \u201cagradeciendo primeramente a los trabajadores de Diputaci\u00f3n\u201d, recordando que elaborar estas cuentas \u201ces mucho m\u00e1s que iniciar un expediente\u201d y que el proceso arranca el 15 de mayo, cuando se pide a los servicios sus previsiones de gasto. \u201cCada partida reconoce la voluntad de trabajo y la implicaci\u00f3n de los trabajadores p\u00fablicos en coordinaci\u00f3n con toda la corporaci\u00f3n\u201d, ha subrayado, con un agradecimiento especial al interventor, Miguel Escribano, por coordinar el proceso, as\u00ed como a la representaci\u00f3n sindical, con la que se han alcanzado acuerdos que tambi\u00e9n tienen reflejo en el presupuesto.<\/p>\n<p style=\"text-align: justify;\">El vicepresidente ha tenido palabras expresas para el personal de Recursos Humanos y, en particular, para el servicio de n\u00f3minas, por el esfuerzo que est\u00e1 suponiendo aplicar los procesos de estabilizaci\u00f3n, actualizar retribuciones y cerrar el a\u00f1o con las \u00faltimas subidas salariales aprobadas por el Consejo de Ministros. \u201cMi reconocimiento al funcionariado de la Diputaci\u00f3n\u201d, ha resumido, recordando que el refuerzo de personal t\u00e9cnico \u201cno es un gasto, sino una inversi\u00f3n\u201d que se traduce en mejores proyectos, asesoramiento jur\u00eddico, urban\u00edstico y de contrataci\u00f3n para los municipios.<\/p>\n<p style=\"text-align: justify;\">Caba\u00f1ero, por su parte, ha agradecido la generosidad del conjunto del Equipo de Gobierno y de los diputados y diputadas socialistas \u201cque a veces renuncian a pretensiones propias en sus \u00e1reas por el bien del conjunto\u201d, as\u00ed como la responsabilidad del Grupo Popular por anteponer el inter\u00e9s de la provincia a las diferencias ideol\u00f3gicas. Tambi\u00e9n ha tenido palabras de reconocimiento para los alcaldes y alcaldesas presentes, \u201cque son quienes mejor conocen la realidad de sus pueblos y a quienes la Diputaci\u00f3n quiere seguir acompa\u00f1ando, no sustituyendo\u201d.<br \/>\nConsenso, estabilidad y un compromiso de futuro con la provincia<\/p>\n<p style=\"text-align: justify;\">El Pleno ha concluido con una intervenci\u00f3n del presidente, Santi Caba\u00f1ero, reconociendo igualmente el trabajo colectivo y lanzando una reflexi\u00f3n pol\u00edtica que ha puesto en valor el clima de entendimiento alcanzado en la instituci\u00f3n provincial.<\/p>\n<p style=\"text-align: justify;\">En primer lugar, agradecimiento expresa al personal t\u00e9cnico de la Diputaci\u00f3n, destacando que \u201cesta \u2018casa\u2019 es ejemplo de hacer las cosas bien\u201d y subrayando que ese buen funcionamiento no es fruto de la casualidad, sino del trabajo riguroso y constante de quienes la sostienen d\u00eda a d\u00eda. Palabras tambi\u00e9n para los equipos de Intervenci\u00f3n y de Secretar\u00eda, encabezados por Miguel Escribano y Francisco Suay, respectivamente, resaltando ese trabajo \u201cque no se ve\u201d, pero que resulta esencial para garantizar transparencia, seguridad jur\u00eddica y una gesti\u00f3n responsable de los recursos p\u00fablicos. \u201cEse trabajo \u2018oscuro\u2019 \u2014como bien saben alcaldes y alcaldesas\u2014 es el que nos permite invertir con transparencia y poder dormir tranquilos\u201d, ha se\u00f1alado.<\/p>\n<p style=\"text-align: justify;\">El presidente tambi\u00e9n ha agradecido \u201cel tono y el talante\u201d mostrado por los grupos pol\u00edticos. En el caso del Grupo Vox, ha reconocido las profundas diferencias ideol\u00f3gicas existentes, pero ha querido valorar \u201clas buenas formas y la capacidad de interlocuci\u00f3n\u201d, subrayando la importancia de la dimensi\u00f3n humana en la pol\u00edtica. Del Grupo Popular ha destacado especialmente \u201cel buen ejemplo que estamos dando en esta \u2018casa\u2019\u201d, se\u00f1alando que la esencia de la democracia no est\u00e1 en buscar permanentemente la confrontaci\u00f3n, sino en trabajar desde el consenso.<\/p>\n<p style=\"text-align: justify;\">Caba\u00f1ero ha tenido igualmente palabras de reconocimiento para su propio grupo pol\u00edtico, agradeciendo a los diputados y diputadas socialistas \u201clas renuncias que muchas veces hay que hacer en las \u00e1reas y en los propios municipios para que el proyecto com\u00fan salga adelante\u201d, y ha destacado de manera especial la figura del vicepresidente y portavoz del Grupo Socialista, Fran Valera, al que ha definido como \u201cuna persona con una capacidad de trabajo excepcional, siempre empe\u00f1ado en el acuerdo, la rigurosidad y el hacer las cosas bien\u201d.<\/p>\n<p style=\"text-align: justify;\">El presidente ha reivindicado el valor del acuerdo en un contexto pol\u00edtico marcado por la crispaci\u00f3n. \u201cLa esencia de la democracia es la convivencia, y la convivencia se cultiva con el acuerdo\u201d, ha afirmado, se\u00f1alando que llegar a consensos es \u201cmucho m\u00e1s valiente y mucho m\u00e1s productivo para la gente a la que representamos\u201d que alimentar el ruido o la confrontaci\u00f3n permanente.<\/p>\n<p style=\"text-align: justify;\">En este sentido, Caba\u00f1ero ha recordado que la Diputaci\u00f3n trabaja para los 87 municipios de la provincia, con independencia del signo pol\u00edtico de sus gobiernos locales, y ha concluido con una afirmaci\u00f3n que resume el esp\u00edritu de las cuentas aprobadas: Nos pagan para trabajar para la ciudadan\u00eda a la que representamos\u201d.<\/p>\n<p style=\"text-align: justify;\">Con ese mensaje de orgullo institucional, responsabilidad compartida y compromiso con la provincia, el presidente ha levantado la sesi\u00f3n, culminando la aprobaci\u00f3n de unos Presupuestos 2026 respaldados por una amplia mayor\u00eda del Pleno y concebidos para convertir el consenso pol\u00edtico en inversiones, servicios y oportunidades reales para los pueblos de Albacete.<\/p>\n<p><!--publicidad-voz03--><a href=\"https:\/\/www.facebook.com\/profile.php?id=100063593791305&amp;locale=es_ES\"><img decoding=\"async\" class=\"alignnone size-medium\" src=\"https:\/\/blogger.googleusercontent.com\/img\/b\/R29vZ2xl\/AVvXsEi8_n_ll8UOcGxCqzFvb_9Io4ICczlGC990BPtPj2w9Px-u7B3oqWUW5vtjZUqPNJ-nyjiUIorE0ATsib_l5tV8BVN-UJ03RTnU__IHJF_4DgDBtY4LIqXNG-FomrO-7ywes20CBCRM2Hcm7EJSh3UUw1dO-c_uTflUrtgY1i7uBRezj_DpympmEFkfbQY\/s1600\/logo-principal2.jpg\" width=\"100%\" height=\"100\" \/><\/a><!--bestpublic-voz03--><!--desk-in-out-voz03--><br \/>\n<!--publicidad-voz04--><a href=\"https:\/\/www.facebook.com\/profile.php?id=61557370768692&amp;locale=es_ES\"><img decoding=\"async\" class=\"alignnone size-medium\" src=\"https:\/\/blogger.googleusercontent.com\/img\/b\/R29vZ2xl\/AVvXsEgy5RdcfffrnrItnYTcV9bCJjgJwldsQLWssfVfrLbyfXeBNTFKgBf0rMIvhrUaGUhiXzVr9_eQgCbi-j63ZDpfTvLIty9w7s140y-m1yHe7eKmEK7v2NAHUJDVYGdfeiQFeRCqUjdwWmN1MX_AUxxz4IVdJ4WIM0APxit8bjWkXzrnEFGqBvW_1F13H1g\/s1600\/logo-principal5.jpg\" width=\"100%\" height=\"100\" \/><\/a><!--bestpublic-voz04--><!--desk-in-out-voz04--><br \/>\n<!--publicidad-voz05--><a href=\"https:\/\/www.facebook.com\/asociaciontamborileroshellin?locale=es_ES\"><img decoding=\"async\" class=\"alignnone size-medium\" src=\"https:\/\/blogger.googleusercontent.com\/img\/b\/R29vZ2xl\/AVvXsEhHEEpZsKK1VpwiYMrS7aE2ujtqIDZoLd4B5wtbiseSU9s2HdTdQfhF84So2XwEB1fv0BLw95GADm6hUl1bkKtzh-eIgVigXONuu_5RxeIMPhjk8q6uNX4EaEHbooKkbu7pCADWPpVJjhKIH5NQSJpWqedC-YBez4QAQeJYokkLot9bhrIaUAeztsGis6M\/s1600\/logo-principal3.jpg\" width=\"100%\" height=\"100\" \/><\/a><!--bestpublic-voz05--><!--desk-in-out-voz05--><br \/>\n<!--publicidad-voz06--><!--bestpublic-voz06--><!--desk-in-out-voz06--><br \/>\n<!--publicidad-voz07--><!--bestpublic-voz07--><!--desk-in-out-voz07--><br \/>\n<!--publicidad-voz08--><!--bestpublic-voz08--><!--desk-in-out-voz08--><br \/>\n<!--publicidad-voz09--><!--bestpublic-voz09--><!--desk-in-out-voz09--><br \/>\n<!--publicidad-voz10--><!--bestpublic-voz10--><!--desk-in-out-voz10--><br \/>\n<!--publicidad-voz11--><!--bestpublic-voz11--><!--desk-in-out-voz11--><br \/>\n<!--publicidad-voz12--><!--bestpublic-voz12--><!--desk-in-out-voz12--><br \/>\n<!--publicidad-voz13--><!--bestpublic-voz13--><!--desk-in-out-voz13--><br \/>\n<!--publicidad-voz14--><!--bestpublic-voz14--><!--desk-in-out-voz14--><br \/>\n<!--publicidad-voz15--><!--bestpublic-voz15--><!--desk-in-out-voz15--><br \/>\n<!--publicidad-voz16--><!--bestpublic-voz16--><!--desk-in-out-voz16--><\/p>\n","protected":false},"excerpt":{"rendered":"<p>La Diputaci\u00f3n de Albacete ya cuenta con Presupuesto para 2026.<\/p>\n","protected":false},"author":2,"featured_media":160454,"comment_status":"closed","ping_status":"closed","sticky":false,"template":"","format":"standard","meta":{"footnotes":""},"categories":[761,718,715,716,717],"tags":[],"class_list":["post-160453","post","type-post","status-publish","format-standard","has-post-thumbnail","hentry","category-blog-lv042","category-blogger","category-la-voz-de-hellin","category-la-voz-de-hellin-la-voz-de-hellin","category-noticias"],"_links":{"self":[{"href":"https:\/\/lavozdehellin.com\/noticias\/wp-json\/wp\/v2\/posts\/160453","targetHints":{"allow":["GET"]}}],"collection":[{"href":"https:\/\/lavozdehellin.com\/noticias\/wp-json\/wp\/v2\/posts"}],"about":[{"href":"https:\/\/lavozdehellin.com\/noticias\/wp-json\/wp\/v2\/types\/post"}],"author":[{"embeddable":true,"href":"https:\/\/lavozdehellin.com\/noticias\/wp-json\/wp\/v2\/users\/2"}],"replies":[{"embeddable":true,"href":"https:\/\/lavozdehellin.com\/noticias\/wp-json\/wp\/v2\/comments?post=160453"}],"version-history":[{"count":0,"href":"https:\/\/lavozdehellin.com\/noticias\/wp-json\/wp\/v2\/posts\/160453\/revisions"}],"wp:featuredmedia":[{"embeddable":true,"href":"https:\/\/lavozdehellin.com\/noticias\/wp-json\/wp\/v2\/media\/160454"}],"wp:attachment":[{"href":"https:\/\/lavozdehellin.com\/noticias\/wp-json\/wp\/v2\/media?parent=160453"}],"wp:term":[{"taxonomy":"category","embeddable":true,"href":"https:\/\/lavozdehellin.com\/noticias\/wp-json\/wp\/v2\/categories?post=160453"},{"taxonomy":"post_tag","embeddable":true,"href":"https:\/\/lavozdehellin.com\/noticias\/wp-json\/wp\/v2\/tags?post=160453"}],"curies":[{"name":"wp","href":"https:\/\/api.w.org\/{rel}","templated":true}]}}