{"id":160456,"date":"2025-12-12T09:27:00","date_gmt":"2025-12-12T07:27:00","guid":{"rendered":"https:\/\/lavozdehellin.com\/noticias\/?p=160456"},"modified":"2025-12-13T12:56:31","modified_gmt":"2025-12-13T10:56:31","slug":"v10-452-lvh-noticias-valera-destaca-el-papel-imprescindible-de-las-mujeres-emprendedoras-en-el-mundo-rural-durante-la-i-gala-sin-miedo-celebrada-en-hellin","status":"publish","type":"post","link":"https:\/\/lavozdehellin.com\/noticias\/v10-452-lvh-noticias-valera-destaca-el-papel-imprescindible-de-las-mujeres-emprendedoras-en-el-mundo-rural-durante-la-i-gala-sin-miedo-celebrada-en-hellin\/","title":{"rendered":"LVH NOTICIAS | VALERA DESTACA \u201cEL PAPEL IMPRESCINDIBLE\u201d DE LAS MUJERES EMPRENDEDORAS EN EL MUNDO RURAL DURANTE LA I GALA \u2018SIN MIEDO\u2019, CELEBRADA EN HELL\u00cdN"},"content":{"rendered":"<p style=\"text-align: justify;\">Hell\u00edn acog\u00eda anoche la I Gala \u2018Sin Miedo\u2019, en la que se reconoc\u00eda a nueve mujeres emprendedoras de la Comarca Campos de Hell\u00edn, y la Diputaci\u00f3n de Albacete no ha faltado a la cita de la mano de su vicepresidente, Fran Valera, acompa\u00f1ado del diputado de Medio Ambiente, Jos\u00e9 Antonio G\u00f3mez.<\/p>\n<p><!--more--><br \/>\n<!--publicidad-voz01--><a href=\"https:\/\/www.facebook.com\/SoloRadioHellin\/?locale=es_ES\"><img decoding=\"async\" class=\"alignnone size-medium\" src=\"https:\/\/blogger.googleusercontent.com\/img\/b\/R29vZ2xl\/AVvXsEiNncirNnyGedv00mhjZjh5Wl4_YPdJGanoAl8tL8zH-HwqE8uHqjEfSt340RHdx-9tuCSIkZ8rFamZiGyYlgDGxCsmXjCH_1xk5eYM3ntFZRvJP_jndOKR7w1UAo9Tu0vrZyOLfqRpHIxYI5SymJJ-pfGCQw6QVpggBH-UgfjiFQ2JOxqxG0Jx94kW83c\/s1600\/logo-principal.jpg\" width=\"100%\" height=\"100\" \/><\/a><!--bestpublic-voz01--><!--desk-in-out-voz01--><br \/>\n<!--publicidad-voz02--><a href=\"https:\/\/www.hellincf.com\/\"><img decoding=\"async\" class=\"alignnone size-medium\" src=\"https:\/\/blogger.googleusercontent.com\/img\/b\/R29vZ2xl\/AVvXsEhuZ4-XfBVj3UtdP8-RZugy3WVrg-Zv28c53m4oV47qYCxL1rX_dqWX_YddsGSnpH5SRDqZ7bZeKPIfDVCDncpjVlhy3aQs2vojcJBn7Gdv9hC2_Nzct_pRFrnFE1a7KTCdY1bT_kAgnY3-iadRZrGeJf1fR2P5fu11bokx0pWjaypoy-ctwCjklldpEbA\/s1600\/logo-principal7.jpg\" width=\"100%\" height=\"100\" \/><\/a><!--bestpublic-voz02--><!--desk-in-out-voz02--><\/p>\n<p style=\"text-align: justify;\">Una iniciativa impulsada por el Grupo de Desarrollo Rural (GDR) de esta comarca, que cont\u00f3 con el respaldo de la instituci\u00f3n provincial y pon\u00eda \u2018el broche de oro\u2019 a un proyecto audiovisual del mismo nombre, desarrollado y emitido en Tele Hell\u00edn durante los \u00faltimos meses, para visibilizar el trabajo, la trayectoria y el ejemplo de nueve mujeres de esta comarca bajo el lema \u2018Una mujer, una empresa y un pueblo\u2019.<\/p>\n<p style=\"text-align: justify;\">Junto al consejero de Agricultura, Ganader\u00eda y Desarrollo Rural, Juli\u00e1n Mart\u00ednez; al presidente del Grupo de Desarrollo Rural (GDR) Campos de Hell\u00edn; a la directora de Tele Hell\u00edn, Esperanza Sagredo; y a una nutrida representaci\u00f3n de alcaldes, alcaldesas y ediles de la comarca, Valera apuntaba el compromiso de la instituci\u00f3n provincial con iniciativas como \u00e9sta, \u201cque ponen en valor el talento y el liderazgo femenino, sobre todo, en el mundo rural\u201d, advirtiendo que son motores de desarrollo social y econ\u00f3mico.<\/p>\n<p style=\"text-align: justify;\">Adem\u00e1s, felicitaba a las protagonistas de la jornada y tambi\u00e9n al GDR por el esfuerzo que han realizado para poner en marcha esta \u2018aventura\u2019, remarcando \u201cla conjunci\u00f3n perfecta entre esta entidad y el Gobierno de C-LM para hacer visible el papel de la mujer rural\u201d, al tiempo que reconoc\u00eda p\u00fablicamente \u201cla decisi\u00f3n valiente\u201d de Tele Hell\u00edn al materializar este proyecto.<\/p>\n<p style=\"text-align: justify;\">Un proyecto con nombres propios: Juana Mari Alfaro, agricultora; Mari Carmen Iniesta, responsable de Embutidos Duro; Elisa Ju\u00e1rez Algarra, gerente de Confecciones Elidama; Jeniffer P\u00e9rez, de Bodegas Doble P\u00e9rez; Toli Mart\u00ednez, gerente de Supermercado de Ontur; Angelines Alcaraz, gerente del restaurante El Coto; Ana Celia Serrano, gerente de Muebles AS; Conchi Mart\u00ednez, de Acompa\u00f1amientos Los Donceles; y Jero G\u00f3mez, gerente de Gazpachos Jero.<\/p>\n<p style=\"text-align: justify;\">En este sentido, Valera se\u00f1alaba que las \u201chistorias de valent\u00eda y superaci\u00f3n\u201d que hemos conocido son \u201cun gesto simb\u00f3lico\u201d, advirtiendo que, en ellas, est\u00e1n representadas la de todas las mujeres de esta provincia que eligen emprender, y pon\u00eda de relieve \u201clas no pocas dificultades que afrontan\u201d, se\u00f1alando la corresponsabilidad como una de las m\u00e1s representativas.<\/p>\n<p style=\"text-align: justify;\">\u201cEl futuro del mundo rural va de la mano de proyectos empresariales como los que vosotras impuls\u00e1is\u201d<\/p>\n<p style=\"text-align: justify;\">\u201cVuestro ejemplo nos tiene que mandatar a la sociedad para que todo aquello que se plasma en las normas para avanzar en igualdad, sirva para hacerle m\u00e1s f\u00e1cil la vida a las mujeres del mundo rural, porque el futuro del mundo rural, pero tambi\u00e9n el de todas las ciudades, va de la mano de proyectos empresariales como los que vosotras impuls\u00e1is\u201d, afirmaba Valera.<\/p>\n<p style=\"text-align: justify;\">Durante su intervenci\u00f3n, el vicepresidente provincial tambi\u00e9n destac\u00f3 \u201cla alianza de administraciones, sociedad civil, empresas, medios de comunicaci\u00f3n\u2026 en esta iniciativa para un fin muy significativo: visibilizar el papel de las mujeres en el mundo rural\u201d, apuntando que ellas son \u201cimprescindibles\u201d, y advert\u00eda su papel clave para abordar el desarrollo rural y el reto demogr\u00e1fico, recordando, a modo de ejemplo, que cuando \u201cuna mujer emprende y se queda en el mundo rural, esa familia ya no se va\u201d.<\/p>\n<p style=\"text-align: justify;\">Finalmente, Valera conclu\u00eda sus palabras afirmando que \u201ceste reconocimiento es importante para las nueve mujeres protagonistas, para sus familias, para las personas a las que prestan un relevante servicio desde sus empresas, pero tambi\u00e9n porque se van a ver reflejadas en estos nueve casos concretos todas esas mujeres que defienden el medio rural a trav\u00e9s del empleo\u201d.<\/p>\n<p><!--publicidad-voz03--><a href=\"https:\/\/www.facebook.com\/profile.php?id=100063593791305&amp;locale=es_ES\"><img decoding=\"async\" class=\"alignnone size-medium\" src=\"https:\/\/blogger.googleusercontent.com\/img\/b\/R29vZ2xl\/AVvXsEi8_n_ll8UOcGxCqzFvb_9Io4ICczlGC990BPtPj2w9Px-u7B3oqWUW5vtjZUqPNJ-nyjiUIorE0ATsib_l5tV8BVN-UJ03RTnU__IHJF_4DgDBtY4LIqXNG-FomrO-7ywes20CBCRM2Hcm7EJSh3UUw1dO-c_uTflUrtgY1i7uBRezj_DpympmEFkfbQY\/s1600\/logo-principal2.jpg\" width=\"100%\" height=\"100\" \/><\/a><!--bestpublic-voz03--><!--desk-in-out-voz03--><br \/>\n<!--publicidad-voz04--><a href=\"https:\/\/www.facebook.com\/profile.php?id=61557370768692&amp;locale=es_ES\"><img decoding=\"async\" class=\"alignnone size-medium\" src=\"https:\/\/blogger.googleusercontent.com\/img\/b\/R29vZ2xl\/AVvXsEgy5RdcfffrnrItnYTcV9bCJjgJwldsQLWssfVfrLbyfXeBNTFKgBf0rMIvhrUaGUhiXzVr9_eQgCbi-j63ZDpfTvLIty9w7s140y-m1yHe7eKmEK7v2NAHUJDVYGdfeiQFeRCqUjdwWmN1MX_AUxxz4IVdJ4WIM0APxit8bjWkXzrnEFGqBvW_1F13H1g\/s1600\/logo-principal5.jpg\" width=\"100%\" height=\"100\" \/><\/a><!--bestpublic-voz04--><!--desk-in-out-voz04--><br \/>\n<!--publicidad-voz05--><a href=\"https:\/\/www.facebook.com\/asociaciontamborileroshellin?locale=es_ES\"><img decoding=\"async\" class=\"alignnone size-medium\" src=\"https:\/\/blogger.googleusercontent.com\/img\/b\/R29vZ2xl\/AVvXsEhHEEpZsKK1VpwiYMrS7aE2ujtqIDZoLd4B5wtbiseSU9s2HdTdQfhF84So2XwEB1fv0BLw95GADm6hUl1bkKtzh-eIgVigXONuu_5RxeIMPhjk8q6uNX4EaEHbooKkbu7pCADWPpVJjhKIH5NQSJpWqedC-YBez4QAQeJYokkLot9bhrIaUAeztsGis6M\/s1600\/logo-principal3.jpg\" width=\"100%\" height=\"100\" \/><\/a><!--bestpublic-voz05--><!--desk-in-out-voz05--><br \/>\n<!--publicidad-voz06--><!--bestpublic-voz06--><!--desk-in-out-voz06--><br \/>\n<!--publicidad-voz07--><!--bestpublic-voz07--><!--desk-in-out-voz07--><br \/>\n<!--publicidad-voz08--><!--bestpublic-voz08--><!--desk-in-out-voz08--><br \/>\n<!--publicidad-voz09--><!--bestpublic-voz09--><!--desk-in-out-voz09--><br \/>\n<!--publicidad-voz10--><!--bestpublic-voz10--><!--desk-in-out-voz10--><br \/>\n<!--publicidad-voz11--><!--bestpublic-voz11--><!--desk-in-out-voz11--><br \/>\n<!--publicidad-voz12--><!--bestpublic-voz12--><!--desk-in-out-voz12--><br \/>\n<!--publicidad-voz13--><!--bestpublic-voz13--><!--desk-in-out-voz13--><br \/>\n<!--publicidad-voz14--><!--bestpublic-voz14--><!--desk-in-out-voz14--><br \/>\n<!--publicidad-voz15--><!--bestpublic-voz15--><!--desk-in-out-voz15--><br \/>\n<!--publicidad-voz16--><!--bestpublic-voz16--><!--desk-in-out-voz16--><\/p>\n","protected":false},"excerpt":{"rendered":"<p>Hell\u00edn acog\u00eda anoche la I Gala \u2018Sin Miedo\u2019, en la que se reconoc\u00eda a nueve mujeres emprendedoras de la Comarca Campos de Hell\u00edn, y la Diputaci\u00f3n de Albacete no ha&#8230;<\/p>\n","protected":false},"author":2,"featured_media":160457,"comment_status":"closed","ping_status":"closed","sticky":false,"template":"","format":"standard","meta":{"footnotes":""},"categories":[761,718,715,716,717],"tags":[],"class_list":["post-160456","post","type-post","status-publish","format-standard","has-post-thumbnail","hentry","category-blog-lv042","category-blogger","category-la-voz-de-hellin","category-la-voz-de-hellin-la-voz-de-hellin","category-noticias"],"_links":{"self":[{"href":"https:\/\/lavozdehellin.com\/noticias\/wp-json\/wp\/v2\/posts\/160456","targetHints":{"allow":["GET"]}}],"collection":[{"href":"https:\/\/lavozdehellin.com\/noticias\/wp-json\/wp\/v2\/posts"}],"about":[{"href":"https:\/\/lavozdehellin.com\/noticias\/wp-json\/wp\/v2\/types\/post"}],"author":[{"embeddable":true,"href":"https:\/\/lavozdehellin.com\/noticias\/wp-json\/wp\/v2\/users\/2"}],"replies":[{"embeddable":true,"href":"https:\/\/lavozdehellin.com\/noticias\/wp-json\/wp\/v2\/comments?post=160456"}],"version-history":[{"count":0,"href":"https:\/\/lavozdehellin.com\/noticias\/wp-json\/wp\/v2\/posts\/160456\/revisions"}],"wp:featuredmedia":[{"embeddable":true,"href":"https:\/\/lavozdehellin.com\/noticias\/wp-json\/wp\/v2\/media\/160457"}],"wp:attachment":[{"href":"https:\/\/lavozdehellin.com\/noticias\/wp-json\/wp\/v2\/media?parent=160456"}],"wp:term":[{"taxonomy":"category","embeddable":true,"href":"https:\/\/lavozdehellin.com\/noticias\/wp-json\/wp\/v2\/categories?post=160456"},{"taxonomy":"post_tag","embeddable":true,"href":"https:\/\/lavozdehellin.com\/noticias\/wp-json\/wp\/v2\/tags?post=160456"}],"curies":[{"name":"wp","href":"https:\/\/api.w.org\/{rel}","templated":true}]}}