{"id":160459,"date":"2025-12-10T18:10:29","date_gmt":"2025-12-10T16:10:29","guid":{"rendered":"https:\/\/lavozdehellin.com\/noticias\/?p=160459"},"modified":"2025-12-13T12:56:32","modified_gmt":"2025-12-13T10:56:32","slug":"v10-451-lvh-noticias-la-diputacion-de-albacete-reafirma-su-apoyo-al-emprendimiento-femenino-durante-el-encuentro-mujeres-que-inspiran-con-irene-villa-como-invitada","status":"publish","type":"post","link":"https:\/\/lavozdehellin.com\/noticias\/v10-451-lvh-noticias-la-diputacion-de-albacete-reafirma-su-apoyo-al-emprendimiento-femenino-durante-el-encuentro-mujeres-que-inspiran-con-irene-villa-como-invitada\/","title":{"rendered":"LVH NOTICIAS | LA DIPUTACI\u00d3N DE ALBACETE REAFIRMA SU APOYO AL EMPRENDIMIENTO FEMENINO DURANTE EL ENCUENTRO \u2018MUJERES QUE INSPIRAN\u2019 CON IRENE VILLA COMO INVITADA"},"content":{"rendered":"<p style=\"text-align: justify;\">La diputada provincial de Atenci\u00f3n Ciudadana, Ana Albaladejo, ha acompa\u00f1ado a la Asociaci\u00f3n de Mujeres Empresarias de Albacete y Provincia (AMEPAP) en una jornada que han impulsado para visibilizar el talento femenino, bajo el t\u00edtulo \u2018Mujeres que inspiran\u2019, con Irene Villa como invitada.<\/p>\n<p><!--more--><br \/>\n<!--publicidad-voz01--><a href=\"https:\/\/www.facebook.com\/SoloRadioHellin\/?locale=es_ES\"><img decoding=\"async\" class=\"alignnone size-medium\" src=\"https:\/\/blogger.googleusercontent.com\/img\/b\/R29vZ2xl\/AVvXsEiNncirNnyGedv00mhjZjh5Wl4_YPdJGanoAl8tL8zH-HwqE8uHqjEfSt340RHdx-9tuCSIkZ8rFamZiGyYlgDGxCsmXjCH_1xk5eYM3ntFZRvJP_jndOKR7w1UAo9Tu0vrZyOLfqRpHIxYI5SymJJ-pfGCQw6QVpggBH-UgfjiFQ2JOxqxG0Jx94kW83c\/s1600\/logo-principal.jpg\" width=\"100%\" height=\"100\" \/><\/a><!--bestpublic-voz01--><!--desk-in-out-voz01--><br \/>\n<!--publicidad-voz02--><a href=\"https:\/\/www.hellincf.com\/\"><img decoding=\"async\" class=\"alignnone size-medium\" src=\"https:\/\/blogger.googleusercontent.com\/img\/b\/R29vZ2xl\/AVvXsEhuZ4-XfBVj3UtdP8-RZugy3WVrg-Zv28c53m4oV47qYCxL1rX_dqWX_YddsGSnpH5SRDqZ7bZeKPIfDVCDncpjVlhy3aQs2vojcJBn7Gdv9hC2_Nzct_pRFrnFE1a7KTCdY1bT_kAgnY3-iadRZrGeJf1fR2P5fu11bokx0pWjaypoy-ctwCjklldpEbA\/s1600\/logo-principal7.jpg\" width=\"100%\" height=\"100\" \/><\/a><!--bestpublic-voz02--><!--desk-in-out-voz02--><\/p>\n<p style=\"text-align: justify;\">Con su presencia, Albaladejo ha reafirmado el compromiso del Gobierno provincial con esta entidad, con la que viene colaborando activamente en el desarrollo de diferentes proyectos, y con la labor que llevan a cabo para impulsar el emprendimiento femenino y fortalecer el tejido empresarial liderado por mujeres. De hecho, ha remarcado el esfuerzo que llevan a cabo para tejer redes s\u00f3lidas para avanzar en igualdad \u201cdesde la sororidad\u201d.<\/p>\n<p style=\"text-align: justify;\">Adem\u00e1s, Albaladejo ha resaltado el papel fundamental que desempe\u00f1a AMEPAP no s\u00f3lo como plataforma de apoyo a mujeres empresarias, sino como agente dinamizador del desarrollo econ\u00f3mico y social en el territorio, y ha destacado la importancia de estos espacios \u201cde encuentro, reflexi\u00f3n y empoderamiento en los que se pone en valor no s\u00f3lo el talento, sino tambi\u00e9n el liderazgo femenino en los diferentes \u00e1mbitos de la vida\u201d.<\/p>\n<p style=\"text-align: justify;\">En este sentido, se ha referido con cari\u00f1o a Irene Villa, apuntando que es un ejemplo de resiliencia, motivaci\u00f3n e inspiraci\u00f3n, y ha subrayado su actitud positiva y proactiva ante la vida y la confianza en s\u00ed misma que proyecta.<\/p>\n<p style=\"text-align: justify;\">El encuentro, en el que tambi\u00e9n han participado responsables del Gobierno regional y del Ayuntamiento de Albacete, ha incluido tambi\u00e9n una mesa redonda, \u2018Empresarias que rompen l\u00edmites\u2019.<\/p>\n<p style=\"text-align: justify;\">Un coloquio en el que han tomado la palabra la directora de Montessori School en Albacete, Lura Garc\u00eda; la CEO de Inma Li\u00f1an Estilistas, Inma Li\u00f1\u00e1n; Rafaela Ram\u00edrez, de Family Banker de Banco Mediolanum; y Paula Castro, CEO de Chispas Electricidad. Moderadas por Justina G\u00f3mez, directora de Radio Albacete Cadena Ser.<\/p>\n<p><!--publicidad-voz03--><a href=\"https:\/\/www.facebook.com\/profile.php?id=100063593791305&amp;locale=es_ES\"><img decoding=\"async\" class=\"alignnone size-medium\" src=\"https:\/\/blogger.googleusercontent.com\/img\/b\/R29vZ2xl\/AVvXsEi8_n_ll8UOcGxCqzFvb_9Io4ICczlGC990BPtPj2w9Px-u7B3oqWUW5vtjZUqPNJ-nyjiUIorE0ATsib_l5tV8BVN-UJ03RTnU__IHJF_4DgDBtY4LIqXNG-FomrO-7ywes20CBCRM2Hcm7EJSh3UUw1dO-c_uTflUrtgY1i7uBRezj_DpympmEFkfbQY\/s1600\/logo-principal2.jpg\" width=\"100%\" height=\"100\" \/><\/a><!--bestpublic-voz03--><!--desk-in-out-voz03--><br \/>\n<!--publicidad-voz04--><a href=\"https:\/\/www.facebook.com\/profile.php?id=61557370768692&amp;locale=es_ES\"><img decoding=\"async\" class=\"alignnone size-medium\" src=\"https:\/\/blogger.googleusercontent.com\/img\/b\/R29vZ2xl\/AVvXsEgy5RdcfffrnrItnYTcV9bCJjgJwldsQLWssfVfrLbyfXeBNTFKgBf0rMIvhrUaGUhiXzVr9_eQgCbi-j63ZDpfTvLIty9w7s140y-m1yHe7eKmEK7v2NAHUJDVYGdfeiQFeRCqUjdwWmN1MX_AUxxz4IVdJ4WIM0APxit8bjWkXzrnEFGqBvW_1F13H1g\/s1600\/logo-principal5.jpg\" width=\"100%\" height=\"100\" \/><\/a><!--bestpublic-voz04--><!--desk-in-out-voz04--><br \/>\n<!--publicidad-voz05--><a href=\"https:\/\/www.facebook.com\/asociaciontamborileroshellin?locale=es_ES\"><img decoding=\"async\" class=\"alignnone size-medium\" src=\"https:\/\/blogger.googleusercontent.com\/img\/b\/R29vZ2xl\/AVvXsEhHEEpZsKK1VpwiYMrS7aE2ujtqIDZoLd4B5wtbiseSU9s2HdTdQfhF84So2XwEB1fv0BLw95GADm6hUl1bkKtzh-eIgVigXONuu_5RxeIMPhjk8q6uNX4EaEHbooKkbu7pCADWPpVJjhKIH5NQSJpWqedC-YBez4QAQeJYokkLot9bhrIaUAeztsGis6M\/s1600\/logo-principal3.jpg\" width=\"100%\" height=\"100\" \/><\/a><!--bestpublic-voz05--><!--desk-in-out-voz05--><br \/>\n<!--publicidad-voz06--><!--bestpublic-voz06--><!--desk-in-out-voz06--><br \/>\n<!--publicidad-voz07--><!--bestpublic-voz07--><!--desk-in-out-voz07--><br \/>\n<!--publicidad-voz08--><!--bestpublic-voz08--><!--desk-in-out-voz08--><br \/>\n<!--publicidad-voz09--><!--bestpublic-voz09--><!--desk-in-out-voz09--><br \/>\n<!--publicidad-voz10--><!--bestpublic-voz10--><!--desk-in-out-voz10--><br \/>\n<!--publicidad-voz11--><!--bestpublic-voz11--><!--desk-in-out-voz11--><br \/>\n<!--publicidad-voz12--><!--bestpublic-voz12--><!--desk-in-out-voz12--><br \/>\n<!--publicidad-voz13--><!--bestpublic-voz13--><!--desk-in-out-voz13--><br \/>\n<!--publicidad-voz14--><!--bestpublic-voz14--><!--desk-in-out-voz14--><br \/>\n<!--publicidad-voz15--><!--bestpublic-voz15--><!--desk-in-out-voz15--><br \/>\n<!--publicidad-voz16--><!--bestpublic-voz16--><!--desk-in-out-voz16--><\/p>\n","protected":false},"excerpt":{"rendered":"<p>La diputada provincial de Atenci\u00f3n Ciudadana, Ana Albaladejo, ha acompa\u00f1ado a la Asociaci\u00f3n de Mujeres Empresarias de Albacete y Provincia (AMEPAP) en una jornada que han impulsado para visibilizar el&#8230;<\/p>\n","protected":false},"author":2,"featured_media":160460,"comment_status":"closed","ping_status":"closed","sticky":false,"template":"","format":"standard","meta":{"footnotes":""},"categories":[761,718,715,716,717],"tags":[],"class_list":["post-160459","post","type-post","status-publish","format-standard","has-post-thumbnail","hentry","category-blog-lv042","category-blogger","category-la-voz-de-hellin","category-la-voz-de-hellin-la-voz-de-hellin","category-noticias"],"_links":{"self":[{"href":"https:\/\/lavozdehellin.com\/noticias\/wp-json\/wp\/v2\/posts\/160459","targetHints":{"allow":["GET"]}}],"collection":[{"href":"https:\/\/lavozdehellin.com\/noticias\/wp-json\/wp\/v2\/posts"}],"about":[{"href":"https:\/\/lavozdehellin.com\/noticias\/wp-json\/wp\/v2\/types\/post"}],"author":[{"embeddable":true,"href":"https:\/\/lavozdehellin.com\/noticias\/wp-json\/wp\/v2\/users\/2"}],"replies":[{"embeddable":true,"href":"https:\/\/lavozdehellin.com\/noticias\/wp-json\/wp\/v2\/comments?post=160459"}],"version-history":[{"count":0,"href":"https:\/\/lavozdehellin.com\/noticias\/wp-json\/wp\/v2\/posts\/160459\/revisions"}],"wp:featuredmedia":[{"embeddable":true,"href":"https:\/\/lavozdehellin.com\/noticias\/wp-json\/wp\/v2\/media\/160460"}],"wp:attachment":[{"href":"https:\/\/lavozdehellin.com\/noticias\/wp-json\/wp\/v2\/media?parent=160459"}],"wp:term":[{"taxonomy":"category","embeddable":true,"href":"https:\/\/lavozdehellin.com\/noticias\/wp-json\/wp\/v2\/categories?post=160459"},{"taxonomy":"post_tag","embeddable":true,"href":"https:\/\/lavozdehellin.com\/noticias\/wp-json\/wp\/v2\/tags?post=160459"}],"curies":[{"name":"wp","href":"https:\/\/api.w.org\/{rel}","templated":true}]}}