{"id":160462,"date":"2025-11-12T18:52:47","date_gmt":"2025-11-12T16:52:47","guid":{"rendered":"https:\/\/lavozdehellin.com\/noticias\/?p=160462"},"modified":"2025-12-13T12:56:32","modified_gmt":"2025-12-13T10:56:32","slug":"v10-450-lvh-noticias-cabanero-subraya-que-el-nuevo-cee-cruz-de-mayo-en-hellin-es-una-apuesta-firme-por-una-educacion-inclusiva-de-calidad-para-avanzar-en-igualdad-dignidad-y-opor","status":"publish","type":"post","link":"https:\/\/lavozdehellin.com\/noticias\/v10-450-lvh-noticias-cabanero-subraya-que-el-nuevo-cee-cruz-de-mayo-en-hellin-es-una-apuesta-firme-por-una-educacion-inclusiva-de-calidad-para-avanzar-en-igualdad-dignidad-y-opor\/","title":{"rendered":"LVH NOTICIAS | CABA\u00d1ERO SUBRAYA QUE EL NUEVO CEE CRUZ DE MAYO EN HELL\u00cdN \u201cES UNA APUESTA FIRME POR UNA EDUCACI\u00d3N INCLUSIVA DE CALIDAD\u201d PARA AVANZAR EN \u201cIGUALDAD, DIGNIDAD Y OPORTUNIDADES\u201d"},"content":{"rendered":"<p style=\"text-align: justify;\">Junto al presidente del Gobierno regional, el m\u00e1ximo responsable de la Diputaci\u00f3n de Albacete ha participado en la inauguraci\u00f3n de este colegio y ha visitado las obras de mejora que, tambi\u00e9n la JCCM, ha realizado en la CM- 313, entre Pozohondo y Tobarra<\/p>\n<p><!--more--><br \/>\n<!--publicidad-voz01--><a href=\"https:\/\/www.facebook.com\/SoloRadioHellin\/?locale=es_ES\"><img decoding=\"async\" class=\"alignnone size-medium\" src=\"https:\/\/blogger.googleusercontent.com\/img\/b\/R29vZ2xl\/AVvXsEiNncirNnyGedv00mhjZjh5Wl4_YPdJGanoAl8tL8zH-HwqE8uHqjEfSt340RHdx-9tuCSIkZ8rFamZiGyYlgDGxCsmXjCH_1xk5eYM3ntFZRvJP_jndOKR7w1UAo9Tu0vrZyOLfqRpHIxYI5SymJJ-pfGCQw6QVpggBH-UgfjiFQ2JOxqxG0Jx94kW83c\/s1600\/logo-principal.jpg\" width=\"100%\" height=\"100\" \/><\/a><!--bestpublic-voz01--><!--desk-in-out-voz01--><br \/>\n<!--publicidad-voz02--><a href=\"https:\/\/www.hellincf.com\/\"><img decoding=\"async\" class=\"alignnone size-medium\" src=\"https:\/\/blogger.googleusercontent.com\/img\/b\/R29vZ2xl\/AVvXsEhuZ4-XfBVj3UtdP8-RZugy3WVrg-Zv28c53m4oV47qYCxL1rX_dqWX_YddsGSnpH5SRDqZ7bZeKPIfDVCDncpjVlhy3aQs2vojcJBn7Gdv9hC2_Nzct_pRFrnFE1a7KTCdY1bT_kAgnY3-iadRZrGeJf1fR2P5fu11bokx0pWjaypoy-ctwCjklldpEbA\/s1600\/logo-principal7.jpg\" width=\"100%\" height=\"100\" \/><\/a><!--bestpublic-voz02--><!--desk-in-out-voz02--><\/p>\n<p style=\"text-align: justify;\">Hell\u00edn ha vivido una jornada muy especial con la inauguraci\u00f3n oficial del nuevo Colegio P\u00fablico de Educaci\u00f3n Especial (CEE) Cruz de Mayo de Hell\u00edn. Una cita que el presidente de la Diputaci\u00f3n de Albacete, Santi Caba\u00f1ero, ha vivido junto al m\u00e1ximo responsable del Gobierno regional, Emiliano Garc\u00eda-Page; a los consejeros de Educaci\u00f3n, Amador Pastor; y de Agricultura, Juli\u00e1n Mart\u00ednez; y al alcalde, Manuel Serena.<\/p>\n<p style=\"text-align: justify;\">Este recurso p\u00fablico, moderno, accesible, din\u00e1mico y acogedor, ha sido financiado por la JCCM con una inversi\u00f3n superior a los 6,4 millones de euros, y responde a la estrategia del Gobierno regional de reforzar los servicios p\u00fablicos esenciales y modernizar las infraestructuras educativas, al tiempo que cumple su compromiso con la comunidad educativa y con las familias de Hell\u00edn y de la comarca, como ha puesto en valor Caba\u00f1ero.<\/p>\n<p style=\"text-align: justify;\">Durante su intervenci\u00f3n, el presidente de la Diputaci\u00f3n de Albacete ha afirmado que con este nuevo CEE Cruz de Mayo \u201cse abren las puertas a la igualdad, a la dignidad y a las oportunidades\u201d, y ha recordado que cuando se coloc\u00f3 la primera piedra, ya se dijo que aquel gesto marcaba el inicio \u201cde un proyecto de vida para mucha gente y una apuesta firme por la justicia social y por una educaci\u00f3n inclusiva de calidad\u201d.<\/p>\n<p style=\"text-align: justify;\">\u201cFrente a quienes apuestan por una educaci\u00f3n exclusiva o excluyente\u201d, Caba\u00f1ero ha reivindicado el trabajo que viene realizando el Gobierno de Castilla-La Mancha y su defensa de la escuela inclusiva, se\u00f1alando que \u201ces una obligaci\u00f3n para los poderes p\u00fablicos\u201d.<\/p>\n<p style=\"text-align: justify;\">Adem\u00e1s, el presidente de la Diputaci\u00f3n ha recordado los art\u00edculos 27 y 49 de la Constituci\u00f3n Espa\u00f1ola, que reconocen el derecho a la educaci\u00f3n y la obligaci\u00f3n de las instituciones de garantizar la integraci\u00f3n de las personas con discapacidad, y los ha ligado con el art\u00edculo primero, que define a Espa\u00f1a como un Estado Social, apuntando que esta actuaci\u00f3n en Hell\u00edn da cumplimiento al mandato constitucional.<\/p>\n<p style=\"text-align: justify;\">\u201cDesde lo p\u00fablico tenemos que convertir en oportunidades los derechos que todas las personas tienen y tenemos que garantizar esos derechos y la igualdad de oportunidades, y eso se est\u00e1 haciendo muy bien en esta regi\u00f3n\u201d, ha afirmado Caba\u00f1ero, incidiendo que \u201clo p\u00fablico es lo que nos iguala, de verdad, a todos y a todas\u201d.<\/p>\n<p style=\"text-align: justify;\">Caba\u00f1ero se\u00f1ala que el Estatuto de C-LM \u201ces una apuesta para seguir avanzando en igualdad de oportunidades\u201d<\/p>\n<p style=\"text-align: justify;\">Del mismo modo, ha felicitado al presidente regional porque ayer mismo el Congreso de los Diputados tomaba en consideraci\u00f3n el nuevo Estatuto de Castilla-La Mancha, y ha asegurado que este documento \u201ces una apuesta m\u00e1s para seguir avanzando en esa igualdad de oportunidades que desde los poderes p\u00fablicos tenemos que garantizar a todas las personas con leyes, con presupuestos y con buena financiaci\u00f3n para esos presupuestos, para que la igualdad sea una realidad\u201d.<\/p>\n<p style=\"text-align: justify;\">Tras la inauguraci\u00f3n, todas las autoridades presentes, han tenido la oportunidad de recorrer este espacio, que est\u00e1 dotado con m\u00e1s de 10 aulas, 3 talleres (jardiner\u00eda, casa-hogar y maderas), 3 aulas de audici\u00f3n y lenguaje, gimnasio y sala multifuncional, cuba terap\u00e9utica, biblioteca, aula de m\u00fasica y sala multisensorial, comedor-cocina, enfermer\u00eda y \u00e1rea administrativa, y espacios de aseo-vestuario y almacenes.<br \/>\nInauguraci\u00f3n de las obras en la C-M 313<\/p>\n<p style=\"text-align: justify;\">La jornada ha continuado con la visita a la CM-313, que une Pozohondo y Tobarra, donde Caba\u00f1ero y Garc\u00eda-Page, a los que se ha unido el consejero de Fomento, Nacho Hernando, y las alcaldesas de ambas localidades, Julia S\u00e1nchez y Estefan\u00eda Escribano, han inaugurado y comprobar el gran resultado de los trabajos que la JCCM, con una inversi\u00f3n de 1,1 millones de euros, ha efectuado en esta v\u00eda, mejorando su firme y avanzando en seguridad vial.<\/p>\n<p style=\"text-align: justify;\">Las obras se han acometido en un trazado de 15 kil\u00f3metros, entre los puntos kilom\u00e9tricos 11,8 y 133, entre la salida de Pozohondo en el enlace de la CM-313 con la CM-313a, hasta su intersecci\u00f3n con la AB-411, ya en el t\u00e9rmino municipal de Tobarra y han consistido en la extensi\u00f3n de una capa de rodadura nueva y la reposici\u00f3n de las marcas viales con pintura termopl\u00e1stica de larga duraci\u00f3n. Asimismo, se ha rehabilitado en su totalidad la traves\u00eda de la pedan\u00eda de La Nava de Abajo.<\/p>\n<p style=\"text-align: justify;\">Una actuaci\u00f3n y una inversi\u00f3n en materia de infraestructuras viales que, unidas a las que realiza la Diputaci\u00f3n de Albacete en su Red Viaria Provincial, contribuyen de forma determinante a la vertebraci\u00f3n del territorio y a su cohesi\u00f3n social, generando oportunidades en cada localidad.<\/p>\n<p><!--publicidad-voz03--><a href=\"https:\/\/www.facebook.com\/profile.php?id=100063593791305&amp;locale=es_ES\"><img decoding=\"async\" class=\"alignnone size-medium\" src=\"https:\/\/blogger.googleusercontent.com\/img\/b\/R29vZ2xl\/AVvXsEi8_n_ll8UOcGxCqzFvb_9Io4ICczlGC990BPtPj2w9Px-u7B3oqWUW5vtjZUqPNJ-nyjiUIorE0ATsib_l5tV8BVN-UJ03RTnU__IHJF_4DgDBtY4LIqXNG-FomrO-7ywes20CBCRM2Hcm7EJSh3UUw1dO-c_uTflUrtgY1i7uBRezj_DpympmEFkfbQY\/s1600\/logo-principal2.jpg\" width=\"100%\" height=\"100\" \/><\/a><!--bestpublic-voz03--><!--desk-in-out-voz03--><br \/>\n<!--publicidad-voz04--><a href=\"https:\/\/www.facebook.com\/profile.php?id=61557370768692&amp;locale=es_ES\"><img decoding=\"async\" class=\"alignnone size-medium\" src=\"https:\/\/blogger.googleusercontent.com\/img\/b\/R29vZ2xl\/AVvXsEgy5RdcfffrnrItnYTcV9bCJjgJwldsQLWssfVfrLbyfXeBNTFKgBf0rMIvhrUaGUhiXzVr9_eQgCbi-j63ZDpfTvLIty9w7s140y-m1yHe7eKmEK7v2NAHUJDVYGdfeiQFeRCqUjdwWmN1MX_AUxxz4IVdJ4WIM0APxit8bjWkXzrnEFGqBvW_1F13H1g\/s1600\/logo-principal5.jpg\" width=\"100%\" height=\"100\" \/><\/a><!--bestpublic-voz04--><!--desk-in-out-voz04--><br \/>\n<!--publicidad-voz05--><a href=\"https:\/\/www.facebook.com\/asociaciontamborileroshellin?locale=es_ES\"><img decoding=\"async\" class=\"alignnone size-medium\" src=\"https:\/\/blogger.googleusercontent.com\/img\/b\/R29vZ2xl\/AVvXsEhHEEpZsKK1VpwiYMrS7aE2ujtqIDZoLd4B5wtbiseSU9s2HdTdQfhF84So2XwEB1fv0BLw95GADm6hUl1bkKtzh-eIgVigXONuu_5RxeIMPhjk8q6uNX4EaEHbooKkbu7pCADWPpVJjhKIH5NQSJpWqedC-YBez4QAQeJYokkLot9bhrIaUAeztsGis6M\/s1600\/logo-principal3.jpg\" width=\"100%\" height=\"100\" \/><\/a><!--bestpublic-voz05--><!--desk-in-out-voz05--><br \/>\n<!--publicidad-voz06--><!--bestpublic-voz06--><!--desk-in-out-voz06--><br \/>\n<!--publicidad-voz07--><!--bestpublic-voz07--><!--desk-in-out-voz07--><br \/>\n<!--publicidad-voz08--><!--bestpublic-voz08--><!--desk-in-out-voz08--><br \/>\n<!--publicidad-voz09--><!--bestpublic-voz09--><!--desk-in-out-voz09--><br \/>\n<!--publicidad-voz10--><!--bestpublic-voz10--><!--desk-in-out-voz10--><br \/>\n<!--publicidad-voz11--><!--bestpublic-voz11--><!--desk-in-out-voz11--><br \/>\n<!--publicidad-voz12--><!--bestpublic-voz12--><!--desk-in-out-voz12--><br \/>\n<!--publicidad-voz13--><!--bestpublic-voz13--><!--desk-in-out-voz13--><br \/>\n<!--publicidad-voz14--><!--bestpublic-voz14--><!--desk-in-out-voz14--><br \/>\n<!--publicidad-voz15--><!--bestpublic-voz15--><!--desk-in-out-voz15--><br \/>\n<!--publicidad-voz16--><!--bestpublic-voz16--><!--desk-in-out-voz16--><\/p>\n","protected":false},"excerpt":{"rendered":"<p>Junto al presidente del Gobierno regional, el m\u00e1ximo responsable de la Diputaci\u00f3n de Albacete ha participado en la inauguraci\u00f3n de este colegio y ha visitado las obras de mejora que,&#8230;<\/p>\n","protected":false},"author":2,"featured_media":160463,"comment_status":"closed","ping_status":"closed","sticky":false,"template":"","format":"standard","meta":{"footnotes":""},"categories":[761,718,715,716,717],"tags":[],"class_list":["post-160462","post","type-post","status-publish","format-standard","has-post-thumbnail","hentry","category-blog-lv042","category-blogger","category-la-voz-de-hellin","category-la-voz-de-hellin-la-voz-de-hellin","category-noticias"],"_links":{"self":[{"href":"https:\/\/lavozdehellin.com\/noticias\/wp-json\/wp\/v2\/posts\/160462","targetHints":{"allow":["GET"]}}],"collection":[{"href":"https:\/\/lavozdehellin.com\/noticias\/wp-json\/wp\/v2\/posts"}],"about":[{"href":"https:\/\/lavozdehellin.com\/noticias\/wp-json\/wp\/v2\/types\/post"}],"author":[{"embeddable":true,"href":"https:\/\/lavozdehellin.com\/noticias\/wp-json\/wp\/v2\/users\/2"}],"replies":[{"embeddable":true,"href":"https:\/\/lavozdehellin.com\/noticias\/wp-json\/wp\/v2\/comments?post=160462"}],"version-history":[{"count":0,"href":"https:\/\/lavozdehellin.com\/noticias\/wp-json\/wp\/v2\/posts\/160462\/revisions"}],"wp:featuredmedia":[{"embeddable":true,"href":"https:\/\/lavozdehellin.com\/noticias\/wp-json\/wp\/v2\/media\/160463"}],"wp:attachment":[{"href":"https:\/\/lavozdehellin.com\/noticias\/wp-json\/wp\/v2\/media?parent=160462"}],"wp:term":[{"taxonomy":"category","embeddable":true,"href":"https:\/\/lavozdehellin.com\/noticias\/wp-json\/wp\/v2\/categories?post=160462"},{"taxonomy":"post_tag","embeddable":true,"href":"https:\/\/lavozdehellin.com\/noticias\/wp-json\/wp\/v2\/tags?post=160462"}],"curies":[{"name":"wp","href":"https:\/\/api.w.org\/{rel}","templated":true}]}}