{"id":160465,"date":"2025-11-12T12:46:35","date_gmt":"2025-11-12T10:46:35","guid":{"rendered":"https:\/\/lavozdehellin.com\/noticias\/?p=160465"},"modified":"2025-12-13T12:56:32","modified_gmt":"2025-12-13T10:56:32","slug":"v10-449-lvh-noticias-la-diputacion-de-albacete-y-next-educacion-lanzan-el-curso-diplomado-territorio-rural-inteligente-para-impulsar-soluciones-reales-contra-la-despoblacion","status":"publish","type":"post","link":"https:\/\/lavozdehellin.com\/noticias\/v10-449-lvh-noticias-la-diputacion-de-albacete-y-next-educacion-lanzan-el-curso-diplomado-territorio-rural-inteligente-para-impulsar-soluciones-reales-contra-la-despoblacion\/","title":{"rendered":"LVH NOTICIAS | LA DIPUTACI\u00d3N DE ALBACETE Y NEXT EDUCACI\u00d3N LANZAN EL CURSO DIPLOMADO \u2018TERRITORIO RURAL INTELIGENTE\u2019 PARA IMPULSAR SOLUCIONES REALES CONTRA LA DESPOBLACI\u00d3N"},"content":{"rendered":"<p style=\"text-align: justify;\">Santi Caba\u00f1ero y Manuel Campo Vidal han presentado este programa gratuito de formaci\u00f3n que busca capacitar a l\u00edderes rurales en sostenibilidad, digitalizaci\u00f3n, comunicaci\u00f3n y emprendimiento<\/p>\n<p><!--more--><br \/>\n<!--publicidad-voz01--><a href=\"https:\/\/www.facebook.com\/SoloRadioHellin\/?locale=es_ES\"><img decoding=\"async\" class=\"alignnone size-medium\" src=\"https:\/\/blogger.googleusercontent.com\/img\/b\/R29vZ2xl\/AVvXsEiNncirNnyGedv00mhjZjh5Wl4_YPdJGanoAl8tL8zH-HwqE8uHqjEfSt340RHdx-9tuCSIkZ8rFamZiGyYlgDGxCsmXjCH_1xk5eYM3ntFZRvJP_jndOKR7w1UAo9Tu0vrZyOLfqRpHIxYI5SymJJ-pfGCQw6QVpggBH-UgfjiFQ2JOxqxG0Jx94kW83c\/s1600\/logo-principal.jpg\" width=\"100%\" height=\"100\" \/><\/a><!--bestpublic-voz01--><!--desk-in-out-voz01--><br \/>\n<!--publicidad-voz02--><a href=\"https:\/\/www.hellincf.com\/\"><img decoding=\"async\" class=\"alignnone size-medium\" src=\"https:\/\/blogger.googleusercontent.com\/img\/b\/R29vZ2xl\/AVvXsEhuZ4-XfBVj3UtdP8-RZugy3WVrg-Zv28c53m4oV47qYCxL1rX_dqWX_YddsGSnpH5SRDqZ7bZeKPIfDVCDncpjVlhy3aQs2vojcJBn7Gdv9hC2_Nzct_pRFrnFE1a7KTCdY1bT_kAgnY3-iadRZrGeJf1fR2P5fu11bokx0pWjaypoy-ctwCjklldpEbA\/s1600\/logo-principal7.jpg\" width=\"100%\" height=\"100\" \/><\/a><!--bestpublic-voz02--><!--desk-in-out-voz02--><\/p>\n<p style=\"text-align: justify;\">La Diputaci\u00f3n de Albacete ha acogido este mi\u00e9rcoles la presentaci\u00f3n del Diplomado Especialista en Territorio Rural Inteligente: \u2018Soluciones inteligentes a la despoblaci\u00f3n de la Espa\u00f1a rural\u2019, un curso promovido por la instituci\u00f3n provincial junto a Next Educaci\u00f3n, con el que ambas entidades refuerzan su compromiso con \u201cun medio rural vivo, moderno y con futuro\u201d.<\/p>\n<p style=\"text-align: justify;\">El acto, adem\u00e1s de con el m\u00e1ximo responsable provincial, Santi Caba\u00f1ero, ha contado con la presencia del presidente de Next Educaci\u00f3n, Manuel Campo Vidal; del diputado provincial de Reto Demogr\u00e1fico y Medio Ambiente, Jos\u00e9 Antonio G\u00f3mez \u2014que ha liderado las gestiones para hacer posible esta colaboraci\u00f3n\u2014; y del delegado provincial de Agricultura, Ganader\u00eda y Desarrollo Rural de la JCCM en Albacete, Ram\u00f3n S\u00e1ez.<br \/>\n\u201cEl mundo rural no necesita compasi\u00f3n, sino oportunidades\u201d<\/p>\n<p style=\"text-align: justify;\">Santi Caba\u00f1ero ha mostrado su satisfacci\u00f3n por el hecho de que la Diputaci\u00f3n participe activamente en esta iniciativa que une \u201cconocimiento, compromiso y acci\u00f3n\u201d y que nace \u201cpara formar a las personas que est\u00e1n en el territorio y que, desde sus ayuntamientos, empresas o colectivos, son quienes mejor pueden hacer realidad un desarrollo rural inteligente\u201d.<\/p>\n<p style=\"text-align: justify;\">En este sentido, ha recordado que \u201cla despoblaci\u00f3n no tiene una sola causa ni una \u2018varita m\u00e1gica\u2019 que la resuelva\u201d, se\u00f1alando que \u201ccada territorio es distinto y, por eso, las soluciones deben ser tambi\u00e9n distintas\u201d y apostando por \u201caplicar tratamientos diana y hacerlo con gente formada, que conozca su tierra, que aporte ideas nuevas y que sepa contarlas bien\u201d.<\/p>\n<p style=\"text-align: justify;\">El presidente provincial ha subrayado que este diplomado, gratuito y con 20 horas de formaci\u00f3n online y webinars en directo, \u201cva precisamente de eso: de formar a quienes protagonizan el cambio en nuestros pueblos; de crear ecosistemas innovadores y proyectos motores que generen emprendimiento, impulsen a las pymes rurales, fortalezcan el talento local y fomenten la comunicaci\u00f3n eficaz\u201d.<\/p>\n<p style=\"text-align: justify;\">En este sentido, Caba\u00f1ero ha reivindicado que la Diputaci\u00f3n de Albacete lleva a\u00f1os aplicando pol\u00edticas que se alinean con la filosof\u00eda del curso, por ejemplo, a trav\u00e9s de los programas de ayuda y comidas a domicilio, de servicios como el de Atenci\u00f3n Ciudadana o de la red que Cultural Albacete despliega en la provincia. Iniciativas que, entre muchas otras, \u201cpermiten que las personas mayores permanezcan en sus pueblos, generan empleo \u2014especialmente femenino\u2014 y mejoran la calidad de vida en el entorno rural\u201d.<\/p>\n<p style=\"text-align: justify;\">\u201cNo se puede querer al mundo rural sin creer en las pol\u00edticas de g\u00e9nero. Si las mujeres no tienen oportunidades, los pueblos no tendr\u00e1n vida\u201d, recalc\u00f3, asegurando que la conectividad, la telemedicina, la formaci\u00f3n a distancia y los negocios digitales \u201cson hoy tan esenciales como el agua o las carreteras\u201d, ha reiterado firme en su convenci\u00f3n, manifiestamente demostrada en la acci\u00f3n del Gobierno Provincial.<\/p>\n<p style=\"text-align: justify;\">El presidente ha insistido tambi\u00e9n en la necesidad de \u201chablar bien del mundo rural\u201d, alej\u00e1ndose de los discursos victimistas: \u201cNo somos la Espa\u00f1a vaciada, somos la Espa\u00f1a llena de oportunidades. No queremos que se nos mire con paternalismo, sino con respeto. S\u00f3lo pedimos derechos y oportunidades, que es lo que garantiza la Constituci\u00f3n\u201d, ha dicho.<\/p>\n<p style=\"text-align: justify;\">Para Caba\u00f1ero, el curso \u201cayudar\u00e1 a dar un salto m\u00e1s\u201d en la construcci\u00f3n de una Espa\u00f1a rural viva y orgullosa de s\u00ed misma, y lanz\u00f3 una invitaci\u00f3n directa: \u201cAnimo a inscribirse a todas las personas vinculadas al medio rural \u2014t\u00e9cnicos, alcaldes, funcionarios, emprendedores, periodistas (porque informar adecuadamente del medio rural, es clave)\u2014. El futuro de la provincia ser\u00e1 mejor si remamos juntos en la direcci\u00f3n correcta\u201d.<\/p>\n<p style=\"text-align: justify;\">Campo Vidal: \u201cYa no hablemos de Espa\u00f1a vac\u00eda, si no de Espa\u00f1a rural viva\u201d<\/p>\n<p style=\"text-align: justify;\">Por su parte, el prestigioso periodista Manuel Campo Vidal, presidente de Next Educaci\u00f3n, ha agradecido la implicaci\u00f3n de la Diputaci\u00f3n de Albacete y, en especial, del presidente y del diputado Jos\u00e9 Antonio G\u00f3mez \u201cpor su tenacidad y entusiasmo para que este proyecto llegara a buen puerto\u201d.<\/p>\n<p style=\"text-align: justify;\">\u201cTenemos que dejar de hablar de Espa\u00f1a vac\u00eda o vaciada, y empezar a hablar de una Espa\u00f1a rural viva, porque hay se\u00f1ales de esperanza que sorprenden a quien quiera verlas\u201d, ha se\u00f1alado.<\/p>\n<p style=\"text-align: justify;\">Hijo de un peque\u00f1o pueblo oscense que ahora cuenta 150 habitantes, Campo Vidal ha destacado que \u201ccada vez hay m\u00e1s personas dispuestas a vivir en el medio rural si se garantizan las condiciones m\u00ednimas de vida\u201d, y ha coincidido con Caba\u00f1ero en subrayar la importancia de la mujer rural como motor demogr\u00e1fico porque \u201cdonde hay mujeres hay vida, y donde hay vida hay futuro. Est\u00e1 demostrado: la mujer es la que fija poblaci\u00f3n\u201d.<\/p>\n<p style=\"text-align: justify;\">Durante su presentaci\u00f3n, el periodista ha enumerado ejemplos concretos de transformaci\u00f3n rural vinculados a la conectividad, la vivienda y los nuevos servicios. Ha recordado que programas como Con\u00e9ctate 35 del Gobierno de Espa\u00f1a ya permiten instalar internet por sat\u00e9lite de alta velocidad, gratuito en su instalaci\u00f3n, en cualquier punto del pa\u00eds, incluidos los m\u00e1s rec\u00f3nditos, recordando que \u201ceso abre puertas al teletrabajo, la telemedicina o la educaci\u00f3n a distancia\u201d.<\/p>\n<p style=\"text-align: justify;\">\u201cHoy ya no hay excusa para no conectar un pueblo: la tecnolog\u00eda lo permite, los fondos europeos lo financian, solo falta difundirlo mejor\u201d, ha insistido.<\/p>\n<p style=\"text-align: justify;\">Campo Vidal ha explic\u00f3 que el curso \u2014de 20 horas, con 16 sesiones grabadas y cuatro webinars en directo\u2014 aborda \u201clos pilares del territorio rural inteligente: empleo, vivienda y servicios\u201d, y dedica m\u00f3dulos espec\u00edficos a telemedicina, econom\u00eda circular, econom\u00eda senior, innovaci\u00f3n social y comunicaci\u00f3n estrat\u00e9gica.<\/p>\n<p style=\"text-align: justify;\">\u201cFormar es vital. No hablo de t\u00edtulos, sino de conocimientos pr\u00e1cticos para cambiar las quejas por soluciones. Ya tenemos claro el diagn\u00f3stico, ahora hay que pasar a la acci\u00f3n\u201d, ha apuntado.<\/p>\n<p style=\"text-align: justify;\">El presidente de Next Educaci\u00f3n ha adelantado que el diplomado incluye casos pr\u00e1cticos de distintas provincias espa\u00f1olas y que su intenci\u00f3n es incorporar ejemplos de buenas pr\u00e1cticas de la provincia de Albacete \u201cpara mostrarlos en otros territorios como referentes de innovaci\u00f3n rural\u201d. \u201cLo que se hace aqu\u00ed \u2014en materia de servicios sociales, ayuda domiciliaria o programas de autonom\u00eda municipal\u2014 deber\u00eda conocerse m\u00e1s, porque son modelos \u00fatiles para toda Espa\u00f1a rural\u201d, ha afirmado.<\/p>\n<p style=\"text-align: justify;\">Una formaci\u00f3n para quienes construyen futuro desde el territorio<\/p>\n<p style=\"text-align: justify;\">El curso de Diplomado Especialista en Territorio Rural Inteligente est\u00e1 dirigido a t\u00e9cnicos y cargos electos de administraciones locales, grupos de acci\u00f3n local, emprendedores rurales y periodistas, y ofrece 75 plazas (ampliables). Es gratuito, 100% online, y los participantes que lo completen recibir\u00e1n el diploma acreditativo de Next Educaci\u00f3n, escuela reconocida por AEEN y EUPHE y clasificada en el Top 20 de mejores escuelas de negocio de Espa\u00f1a (Ranking Innovatec).<\/p>\n<p style=\"text-align: justify;\">Su metodolog\u00eda, basada en el modelo Flexible Learning, permite estudiar a ritmo propio, combinando materiales grabados con webinars en directo impartidos por Manuel Campo Vidal y un equipo docente de m\u00e1s de 150 profesionales de empresas e instituciones como Iberdrola, BBVA, Fundaci\u00f3n Cotec o Repsol, expertos en desarrollo rural, sostenibilidad, innovaci\u00f3n y comunicaci\u00f3n.<br \/>\nInscripciones abiertas<\/p>\n<p style=\"text-align: justify;\">Las inscripciones pueden realizarse a trav\u00e9s de la web de Next Educaci\u00f3n y, aunque el curso est\u00e1 disponible para comenzar ya este 12 de noviembre, seguir\u00e1 admitiendo nuevas matriculaciones hasta completar las plazas.<\/p>\n<p style=\"text-align: justify;\">Con esta colaboraci\u00f3n, la Diputaci\u00f3n de Albacete reafirma su compromiso con un medio rural con oportunidades, talento y futuro, apostando por la formaci\u00f3n y la innovaci\u00f3n como los mejores ant\u00eddotos frente a la despoblaci\u00f3n porque, como ha concluido Caba\u00f1ero, \u201cla Espa\u00f1a rural no es el pasado, sino una parte esencial del futuro\u201d.<\/p>\n<p><!--publicidad-voz03--><a href=\"https:\/\/www.facebook.com\/profile.php?id=100063593791305&amp;locale=es_ES\"><img decoding=\"async\" class=\"alignnone size-medium\" src=\"https:\/\/blogger.googleusercontent.com\/img\/b\/R29vZ2xl\/AVvXsEi8_n_ll8UOcGxCqzFvb_9Io4ICczlGC990BPtPj2w9Px-u7B3oqWUW5vtjZUqPNJ-nyjiUIorE0ATsib_l5tV8BVN-UJ03RTnU__IHJF_4DgDBtY4LIqXNG-FomrO-7ywes20CBCRM2Hcm7EJSh3UUw1dO-c_uTflUrtgY1i7uBRezj_DpympmEFkfbQY\/s1600\/logo-principal2.jpg\" width=\"100%\" height=\"100\" \/><\/a><!--bestpublic-voz03--><!--desk-in-out-voz03--><br \/>\n<!--publicidad-voz04--><a href=\"https:\/\/www.facebook.com\/profile.php?id=61557370768692&amp;locale=es_ES\"><img decoding=\"async\" class=\"alignnone size-medium\" src=\"https:\/\/blogger.googleusercontent.com\/img\/b\/R29vZ2xl\/AVvXsEgy5RdcfffrnrItnYTcV9bCJjgJwldsQLWssfVfrLbyfXeBNTFKgBf0rMIvhrUaGUhiXzVr9_eQgCbi-j63ZDpfTvLIty9w7s140y-m1yHe7eKmEK7v2NAHUJDVYGdfeiQFeRCqUjdwWmN1MX_AUxxz4IVdJ4WIM0APxit8bjWkXzrnEFGqBvW_1F13H1g\/s1600\/logo-principal5.jpg\" width=\"100%\" height=\"100\" \/><\/a><!--bestpublic-voz04--><!--desk-in-out-voz04--><br \/>\n<!--publicidad-voz05--><a href=\"https:\/\/www.facebook.com\/asociaciontamborileroshellin?locale=es_ES\"><img decoding=\"async\" class=\"alignnone size-medium\" src=\"https:\/\/blogger.googleusercontent.com\/img\/b\/R29vZ2xl\/AVvXsEhHEEpZsKK1VpwiYMrS7aE2ujtqIDZoLd4B5wtbiseSU9s2HdTdQfhF84So2XwEB1fv0BLw95GADm6hUl1bkKtzh-eIgVigXONuu_5RxeIMPhjk8q6uNX4EaEHbooKkbu7pCADWPpVJjhKIH5NQSJpWqedC-YBez4QAQeJYokkLot9bhrIaUAeztsGis6M\/s1600\/logo-principal3.jpg\" width=\"100%\" height=\"100\" \/><\/a><!--bestpublic-voz05--><!--desk-in-out-voz05--><br \/>\n<!--publicidad-voz06--><!--bestpublic-voz06--><!--desk-in-out-voz06--><br \/>\n<!--publicidad-voz07--><!--bestpublic-voz07--><!--desk-in-out-voz07--><br \/>\n<!--publicidad-voz08--><!--bestpublic-voz08--><!--desk-in-out-voz08--><br \/>\n<!--publicidad-voz09--><!--bestpublic-voz09--><!--desk-in-out-voz09--><br \/>\n<!--publicidad-voz10--><!--bestpublic-voz10--><!--desk-in-out-voz10--><br \/>\n<!--publicidad-voz11--><!--bestpublic-voz11--><!--desk-in-out-voz11--><br \/>\n<!--publicidad-voz12--><!--bestpublic-voz12--><!--desk-in-out-voz12--><br \/>\n<!--publicidad-voz13--><!--bestpublic-voz13--><!--desk-in-out-voz13--><br \/>\n<!--publicidad-voz14--><!--bestpublic-voz14--><!--desk-in-out-voz14--><br \/>\n<!--publicidad-voz15--><!--bestpublic-voz15--><!--desk-in-out-voz15--><br \/>\n<!--publicidad-voz16--><!--bestpublic-voz16--><!--desk-in-out-voz16--><\/p>\n","protected":false},"excerpt":{"rendered":"<p>Santi Caba\u00f1ero y Manuel Campo Vidal han presentado este programa gratuito de formaci\u00f3n que busca capacitar a l\u00edderes rurales en sostenibilidad, digitalizaci\u00f3n, comunicaci\u00f3n y emprendimiento<\/p>\n","protected":false},"author":2,"featured_media":160466,"comment_status":"closed","ping_status":"closed","sticky":false,"template":"","format":"standard","meta":{"footnotes":""},"categories":[761,718,715,716,717],"tags":[],"class_list":["post-160465","post","type-post","status-publish","format-standard","has-post-thumbnail","hentry","category-blog-lv042","category-blogger","category-la-voz-de-hellin","category-la-voz-de-hellin-la-voz-de-hellin","category-noticias"],"_links":{"self":[{"href":"https:\/\/lavozdehellin.com\/noticias\/wp-json\/wp\/v2\/posts\/160465","targetHints":{"allow":["GET"]}}],"collection":[{"href":"https:\/\/lavozdehellin.com\/noticias\/wp-json\/wp\/v2\/posts"}],"about":[{"href":"https:\/\/lavozdehellin.com\/noticias\/wp-json\/wp\/v2\/types\/post"}],"author":[{"embeddable":true,"href":"https:\/\/lavozdehellin.com\/noticias\/wp-json\/wp\/v2\/users\/2"}],"replies":[{"embeddable":true,"href":"https:\/\/lavozdehellin.com\/noticias\/wp-json\/wp\/v2\/comments?post=160465"}],"version-history":[{"count":0,"href":"https:\/\/lavozdehellin.com\/noticias\/wp-json\/wp\/v2\/posts\/160465\/revisions"}],"wp:featuredmedia":[{"embeddable":true,"href":"https:\/\/lavozdehellin.com\/noticias\/wp-json\/wp\/v2\/media\/160466"}],"wp:attachment":[{"href":"https:\/\/lavozdehellin.com\/noticias\/wp-json\/wp\/v2\/media?parent=160465"}],"wp:term":[{"taxonomy":"category","embeddable":true,"href":"https:\/\/lavozdehellin.com\/noticias\/wp-json\/wp\/v2\/categories?post=160465"},{"taxonomy":"post_tag","embeddable":true,"href":"https:\/\/lavozdehellin.com\/noticias\/wp-json\/wp\/v2\/tags?post=160465"}],"curies":[{"name":"wp","href":"https:\/\/api.w.org\/{rel}","templated":true}]}}