{"id":160534,"date":"2025-12-12T09:45:16","date_gmt":"2025-12-12T07:45:16","guid":{"rendered":"https:\/\/lavozdehellin.com\/noticias\/?p=160534"},"modified":"2025-12-13T13:05:29","modified_gmt":"2025-12-13T11:05:29","slug":"v10-455-lvh-noticias-la-vendimia-2025-en-la-dop-jumilla-marcada-por-la-timida-recuperacion-del-vinedo-tras-la-sequia-el-granizo-de-mayo-y-la-ola-de-calor-de-agosto","status":"publish","type":"post","link":"https:\/\/lavozdehellin.com\/noticias\/v10-455-lvh-noticias-la-vendimia-2025-en-la-dop-jumilla-marcada-por-la-timida-recuperacion-del-vinedo-tras-la-sequia-el-granizo-de-mayo-y-la-ola-de-calor-de-agosto\/","title":{"rendered":"LVH NOTICIAS | LA VENDIMIA 2025 EN LA DOP JUMILLA, MARCADA POR LA T\u00cdMIDA RECUPERACI\u00d3N DEL VI\u00d1EDO TRAS LA SEQU\u00cdA, EL GRANIZO DE MAYO, Y LA OLA DE CALOR DE AGOSTO"},"content":{"rendered":"<p style=\"text-align: justify;\">LA CAMPA\u00d1A 2025 EN LA DOP JUMILLA RECOGE CERCA DE 49 MILLONES DE KILOS DE UVA<\/p>\n<p><!--more--><br \/>\n<!--publicidad-voz01--><a href=\"https:\/\/www.facebook.com\/SoloRadioHellin\/?locale=es_ES\"><img decoding=\"async\" class=\"alignnone size-medium\" src=\"https:\/\/blogger.googleusercontent.com\/img\/b\/R29vZ2xl\/AVvXsEiNncirNnyGedv00mhjZjh5Wl4_YPdJGanoAl8tL8zH-HwqE8uHqjEfSt340RHdx-9tuCSIkZ8rFamZiGyYlgDGxCsmXjCH_1xk5eYM3ntFZRvJP_jndOKR7w1UAo9Tu0vrZyOLfqRpHIxYI5SymJJ-pfGCQw6QVpggBH-UgfjiFQ2JOxqxG0Jx94kW83c\/s1600\/logo-principal.jpg\" width=\"100%\" height=\"100\" \/><\/a><!--bestpublic-voz01--><!--desk-in-out-voz01--><br \/>\n<!--publicidad-voz02--><a href=\"https:\/\/www.hellincf.com\/\"><img decoding=\"async\" class=\"alignnone size-medium\" src=\"https:\/\/blogger.googleusercontent.com\/img\/b\/R29vZ2xl\/AVvXsEhuZ4-XfBVj3UtdP8-RZugy3WVrg-Zv28c53m4oV47qYCxL1rX_dqWX_YddsGSnpH5SRDqZ7bZeKPIfDVCDncpjVlhy3aQs2vojcJBn7Gdv9hC2_Nzct_pRFrnFE1a7KTCdY1bT_kAgnY3-iadRZrGeJf1fR2P5fu11bokx0pWjaypoy-ctwCjklldpEbA\/s1600\/logo-principal7.jpg\" width=\"100%\" height=\"100\" \/><\/a><!--bestpublic-voz02--><!--desk-in-out-voz02--><\/p>\n<p style=\"text-align: justify;\">SE ESPERA UNA A\u00d1ADA DE GRAN CALIDAD: VINOS MUY EQUILIBRADOS CON BUEN CUERPO, ESTRUCTURA, SABOR E INTENSIDAD FRUTAL<\/p>\n<p style=\"text-align: justify;\">Se cierran los datos de la vendimia en el Consejo Regulador DOP Jumilla, tras las pertinentes declaraciones de cosecha, con cerca de 49 millones de kilos de uva que han cumplido con los requisitos del pliego de condiciones del Consejo Regulador. Un ligero incremento de un mill\u00f3n de kilos respecto a la campa\u00f1a anterior, tras los \u00faltimos tres a\u00f1os de sequ\u00eda extrema, para iniciar un per\u00edodo de recuperaci\u00f3n de los vi\u00f1edos, gracias a las esperadas lluvias que vinieron durante la primavera.<\/p>\n<p style=\"text-align: justify;\">El ciclo comenz\u00f3 con un invierno tranquilo y una primavera generosa en lluvias. Las vi\u00f1as, que ven\u00edan agotadas de los a\u00f1os anteriores, recuperaron parte de su vigor. Marzo fue especialmente favorable con lluvias continuadas y generosas, que devolvieron el equilibrio a la vi\u00f1a.<\/p>\n<p style=\"text-align: justify;\">La mala noticia, en el mes de mayo con episodios de granizo, siendo especialmente grave el del 10 de mayo, que caus\u00f3 da\u00f1os en gran parte de los vi\u00f1edos situados en el sureste de la Denominaci\u00f3n de Origen Protegida Jumilla, afectando a m\u00e1s de 4.700 hect\u00e1reas de vi\u00f1edo.<\/p>\n<p style=\"text-align: justify;\">En el resto del vi\u00f1edo, la evoluci\u00f3n fue constante y arm\u00f3nica, con un mes de julio fresco que hizo que el ciclo vegetativo siguiera los tiempos normales. Sin embargo, el ciclo se aceler\u00f3 a comienzos de agosto, una intensa ola de calor, que se instal\u00f3 durante m\u00e1s de dos semanas, con varios d\u00edas consecutivos por encima de los 40 \u00b0C. Este cambio brusco de temperatura aceler\u00f3 la maduraci\u00f3n adelantando las vendimias pr\u00e1cticamente por toda la DOP. A pesar de la rapidez, la vendimia transcurri\u00f3 con calma y sin sobresaltos. La uva lleg\u00f3 a bodega en excelente estado sanitario, con madurez completa y buena concentraci\u00f3n.<\/p>\n<p style=\"text-align: justify;\">Alegr\u00eda muy contenida en la zona, dado que nuevamente los rendimientos medios fueron muy bajos, inferiores a 2.000 kg hect\u00e1rea, que sit\u00faa a esta denominaci\u00f3n con rendimientos de los m\u00e1s bajos de Espa\u00f1a y tambi\u00e9n del mundo.<\/p>\n<p style=\"text-align: justify;\">La Monastrell, que sigue siendo la variedad m\u00e1s recolectada en la DOP Jumilla, con m\u00e1s de 28 millones de kilos, ha respondido muy bien, manteniendo su equilibrio habitual. Las variedades blancas han tenido una vendimia m\u00e1s r\u00e1pida, pr\u00e1cticamente adelantada en bloque. La Syrah, bastante adaptada a nuestros suelos y clima, ha ofrecido un comportamiento estable y una buena maduraci\u00f3n. La Cabernet Sauvignon ha llegado muy madura y sin rastro de piracinas. La Garnacha Tintorera ha madurado pronto, lo que le ha dado quiz\u00e1 algo menos de intensidad de color, aunque con un perfil arom\u00e1tico y gustativo muy bueno.<\/p>\n<p style=\"text-align: justify;\">Elena Pacheco, gerente de Bodegas Vi\u00f1a Elena, quien iniciaba su vendimia de Monastrell el d\u00eda 20 de agosto, en el paraje Mar\u00edn, uno de los situados m\u00e1s al sur de la DOP Jumilla, recuerda esta campa\u00f1a como \u201cUna campa\u00f1a que nos ha recordado lo esencial: estar presentes en el campo, observar con atenci\u00f3n y decidir con rapidez\u201d, y asegura que \u201cla uva lleg\u00f3 a bodega en excelente estado sanitario, con madurez completa y buena concentraci\u00f3n\u201d.<\/p>\n<p style=\"text-align: justify;\">Desde la parte m\u00e1s alta y al norte de la Denominaci\u00f3n de Origen, el gerente de la Cooperativa Santiago Ap\u00f3stol de Montealegre del Castillo, Eloy S\u00e1nchez, nos comenta, \u201cesta campa\u00f1a nos deja sensaciones claras y un ambiente especial. En conjunto, van a ser vinos frutales, con estructura, sabor e intensidad. Una a\u00f1ada interesante, con concentraci\u00f3n y un car\u00e1cter que refleja bien el tipo de verano que hemos tenido. Merece la pena decir que los vinos vienen con personalidad y con una expresi\u00f3n limpia y directa, de las que gustan desde el primer momento.\u201d<\/p>\n<p style=\"text-align: justify;\">Sobre la Denominaci\u00f3n de Origen Protegida Jumilla<\/p>\n<p style=\"text-align: justify;\">La Denominaci\u00f3n de Origen Protegida Jumilla posee una tradici\u00f3n vitivin\u00edcola que se remonta a los restos de vitis vinifera \u2013 junto a utensilios y restos arqueol\u00f3gicos \u2013 hallados en Jumilla originarios del a\u00f1o 3.000 a.C., siendo los m\u00e1s antiguos de Europa.<\/p>\n<p style=\"text-align: justify;\">La zona de producci\u00f3n, en altitudes que var\u00edan entre los 320 y 980 metros y surcada por sierras de hasta 1.380 metros, la delimitan, por un lado, el extremo sureste de la provincia de Albacete, que incluye los municipios de Hell\u00edn, Montealegre del Castillo, Fuente A\u0301lamo, Ontur, Albatana y Tobarra; por el otro, el norte de la provincia de Murcia, con el municipio de Jumilla. M\u00e1s de 20.000 hect\u00e1reas de vi\u00f1edo, en su mayor\u00eda de secano, y en vaso, ubicado sobre suelos predominantemente calizos.<\/p>\n<p style=\"text-align: justify;\">El total de vi\u00f1edo viejo en la DOP Jumilla supone m\u00e1s de 20% de la superficie, siendo la variedad Monastrell la mayoritaria (el 90% de la vi\u00f1a vieja). Se estima que gran parte de esta vi\u00f1a vieja est\u00e1 plantada a pie franco, al menos 1.000 hect\u00e1reas, destacando que el 89% es Monastrell, 6% Air\u00e9n y 3% Garnacha Tintorera.<\/p>\n<p style=\"text-align: justify;\">Las caracter\u00edsticas clim\u00e1ticas, con escasas precipitaciones que apenas alcanzan los 300 mm al a\u00f1o y las m\u00e1s de 3.000 horas de sol permiten unas condiciones id\u00f3neas para el cultivo ecol\u00f3gico, mayoritario en esta denominaci\u00f3n de origen.<\/p>\n<p><!--publicidad-voz03--><a href=\"https:\/\/www.facebook.com\/profile.php?id=100063593791305&amp;locale=es_ES\"><img decoding=\"async\" class=\"alignnone size-medium\" src=\"https:\/\/blogger.googleusercontent.com\/img\/b\/R29vZ2xl\/AVvXsEi8_n_ll8UOcGxCqzFvb_9Io4ICczlGC990BPtPj2w9Px-u7B3oqWUW5vtjZUqPNJ-nyjiUIorE0ATsib_l5tV8BVN-UJ03RTnU__IHJF_4DgDBtY4LIqXNG-FomrO-7ywes20CBCRM2Hcm7EJSh3UUw1dO-c_uTflUrtgY1i7uBRezj_DpympmEFkfbQY\/s1600\/logo-principal2.jpg\" width=\"100%\" height=\"100\" \/><\/a><!--bestpublic-voz03--><!--desk-in-out-voz03--><br \/>\n<!--publicidad-voz04--><a href=\"https:\/\/www.facebook.com\/profile.php?id=61557370768692&amp;locale=es_ES\"><img decoding=\"async\" class=\"alignnone size-medium\" src=\"https:\/\/blogger.googleusercontent.com\/img\/b\/R29vZ2xl\/AVvXsEgy5RdcfffrnrItnYTcV9bCJjgJwldsQLWssfVfrLbyfXeBNTFKgBf0rMIvhrUaGUhiXzVr9_eQgCbi-j63ZDpfTvLIty9w7s140y-m1yHe7eKmEK7v2NAHUJDVYGdfeiQFeRCqUjdwWmN1MX_AUxxz4IVdJ4WIM0APxit8bjWkXzrnEFGqBvW_1F13H1g\/s1600\/logo-principal5.jpg\" width=\"100%\" height=\"100\" \/><\/a><!--bestpublic-voz04--><!--desk-in-out-voz04--><br \/>\n<!--publicidad-voz05--><a href=\"https:\/\/www.facebook.com\/asociaciontamborileroshellin?locale=es_ES\"><img decoding=\"async\" class=\"alignnone size-medium\" src=\"https:\/\/blogger.googleusercontent.com\/img\/b\/R29vZ2xl\/AVvXsEhHEEpZsKK1VpwiYMrS7aE2ujtqIDZoLd4B5wtbiseSU9s2HdTdQfhF84So2XwEB1fv0BLw95GADm6hUl1bkKtzh-eIgVigXONuu_5RxeIMPhjk8q6uNX4EaEHbooKkbu7pCADWPpVJjhKIH5NQSJpWqedC-YBez4QAQeJYokkLot9bhrIaUAeztsGis6M\/s1600\/logo-principal3.jpg\" width=\"100%\" height=\"100\" \/><\/a><!--bestpublic-voz05--><!--desk-in-out-voz05--><br \/>\n<!--publicidad-voz06--><!--bestpublic-voz06--><!--desk-in-out-voz06--><br \/>\n<!--publicidad-voz07--><!--bestpublic-voz07--><!--desk-in-out-voz07--><br \/>\n<!--publicidad-voz08--><!--bestpublic-voz08--><!--desk-in-out-voz08--><br \/>\n<!--publicidad-voz09--><!--bestpublic-voz09--><!--desk-in-out-voz09--><br \/>\n<!--publicidad-voz10--><!--bestpublic-voz10--><!--desk-in-out-voz10--><br \/>\n<!--publicidad-voz11--><!--bestpublic-voz11--><!--desk-in-out-voz11--><br \/>\n<!--publicidad-voz12--><!--bestpublic-voz12--><!--desk-in-out-voz12--><br \/>\n<!--publicidad-voz13--><!--bestpublic-voz13--><!--desk-in-out-voz13--><br \/>\n<!--publicidad-voz14--><!--bestpublic-voz14--><!--desk-in-out-voz14--><br \/>\n<!--publicidad-voz15--><!--bestpublic-voz15--><!--desk-in-out-voz15--><br \/>\n<!--publicidad-voz16--><!--bestpublic-voz16--><!--desk-in-out-voz16--><\/p>\n","protected":false},"excerpt":{"rendered":"<p>LA CAMPA\u00d1A 2025 EN LA DOP JUMILLA RECOGE CERCA DE 49 MILLONES DE KILOS DE UVA<\/p>\n","protected":false},"author":2,"featured_media":160535,"comment_status":"closed","ping_status":"closed","sticky":false,"template":"","format":"standard","meta":{"footnotes":""},"categories":[761,718,715,716,717],"tags":[],"class_list":["post-160534","post","type-post","status-publish","format-standard","has-post-thumbnail","hentry","category-blog-lv042","category-blogger","category-la-voz-de-hellin","category-la-voz-de-hellin-la-voz-de-hellin","category-noticias"],"_links":{"self":[{"href":"https:\/\/lavozdehellin.com\/noticias\/wp-json\/wp\/v2\/posts\/160534","targetHints":{"allow":["GET"]}}],"collection":[{"href":"https:\/\/lavozdehellin.com\/noticias\/wp-json\/wp\/v2\/posts"}],"about":[{"href":"https:\/\/lavozdehellin.com\/noticias\/wp-json\/wp\/v2\/types\/post"}],"author":[{"embeddable":true,"href":"https:\/\/lavozdehellin.com\/noticias\/wp-json\/wp\/v2\/users\/2"}],"replies":[{"embeddable":true,"href":"https:\/\/lavozdehellin.com\/noticias\/wp-json\/wp\/v2\/comments?post=160534"}],"version-history":[{"count":0,"href":"https:\/\/lavozdehellin.com\/noticias\/wp-json\/wp\/v2\/posts\/160534\/revisions"}],"wp:featuredmedia":[{"embeddable":true,"href":"https:\/\/lavozdehellin.com\/noticias\/wp-json\/wp\/v2\/media\/160535"}],"wp:attachment":[{"href":"https:\/\/lavozdehellin.com\/noticias\/wp-json\/wp\/v2\/media?parent=160534"}],"wp:term":[{"taxonomy":"category","embeddable":true,"href":"https:\/\/lavozdehellin.com\/noticias\/wp-json\/wp\/v2\/categories?post=160534"},{"taxonomy":"post_tag","embeddable":true,"href":"https:\/\/lavozdehellin.com\/noticias\/wp-json\/wp\/v2\/tags?post=160534"}],"curies":[{"name":"wp","href":"https:\/\/api.w.org\/{rel}","templated":true}]}}