{"id":160540,"date":"2025-12-14T17:03:45","date_gmt":"2025-12-14T15:03:45","guid":{"rendered":"https:\/\/lavozdehellin.com\/noticias\/?p=160540"},"modified":"2025-12-15T18:06:44","modified_gmt":"2025-12-15T16:06:44","slug":"v10-477-lvh-noticias-el-circuito-provincial-de-orientacion-cierra-una-18o-edicion-espectacular-duplicando-el-numero-de-participantes","status":"publish","type":"post","link":"https:\/\/lavozdehellin.com\/noticias\/v10-477-lvh-noticias-el-circuito-provincial-de-orientacion-cierra-una-18o-edicion-espectacular-duplicando-el-numero-de-participantes\/","title":{"rendered":"LVH NOTICIAS | EL CIRCUITO PROVINCIAL DE ORIENTACI\u00d3N CIERRA UNA 18\u00ba EDICI\u00d3N \u201cESPECTACULAR\u201d, DUPLICANDO EL N\u00daMERO DE PARTICIPANTES"},"content":{"rendered":"<p style=\"text-align: justify;\">El vicepresidente de la Diputaci\u00f3n, Fran Valera, y el diputado de Deportes, Dani Sancha, han asistido a la clausura, destacando que en s\u00f3lo 12 pruebas se han superado los 7.200 deportistas, \u201cpulverizando todos los r\u00e9cords de esta cita deportiva\u201d<\/p>\n<p><!--more--><br \/>\n<!--publicidad-voz01--><a href=\"https:\/\/www.facebook.com\/SoloRadioHellin\/?locale=es_ES\"><img decoding=\"async\" class=\"alignnone size-medium\" src=\"https:\/\/blogger.googleusercontent.com\/img\/b\/R29vZ2xl\/AVvXsEiNncirNnyGedv00mhjZjh5Wl4_YPdJGanoAl8tL8zH-HwqE8uHqjEfSt340RHdx-9tuCSIkZ8rFamZiGyYlgDGxCsmXjCH_1xk5eYM3ntFZRvJP_jndOKR7w1UAo9Tu0vrZyOLfqRpHIxYI5SymJJ-pfGCQw6QVpggBH-UgfjiFQ2JOxqxG0Jx94kW83c\/s1600\/logo-principal.jpg\" width=\"100%\" height=\"100\" \/><\/a><!--bestpublic-voz01--><!--desk-in-out-voz01--><br \/>\n<!--publicidad-voz02--><a href=\"https:\/\/www.hellincf.com\/\"><img decoding=\"async\" class=\"alignnone size-medium\" src=\"https:\/\/blogger.googleusercontent.com\/img\/b\/R29vZ2xl\/AVvXsEhuZ4-XfBVj3UtdP8-RZugy3WVrg-Zv28c53m4oV47qYCxL1rX_dqWX_YddsGSnpH5SRDqZ7bZeKPIfDVCDncpjVlhy3aQs2vojcJBn7Gdv9hC2_Nzct_pRFrnFE1a7KTCdY1bT_kAgnY3-iadRZrGeJf1fR2P5fu11bokx0pWjaypoy-ctwCjklldpEbA\/s1600\/logo-principal7.jpg\" width=\"100%\" height=\"100\" \/><\/a><!--bestpublic-voz02--><!--desk-in-out-voz02--><\/p>\n<p style=\"text-align: justify;\">El 18\u00ba Circuito Provincial de Orientaci\u00f3n de la Diputaci\u00f3n de Albacete se ha despedido este domingo desde Higueruela con unos resultados hist\u00f3ricos, al duplicar el n\u00famero de participantes con respecto a 2024, superando los 7.200 deportistas en un calendario que \u00fanicamente ha contado con 12 pruebas. Lo que le hace despuntar como una de las citas m\u00e1s destacadas del deporte provincial.<\/p>\n<p style=\"text-align: justify;\">El vicepresidente de la Diputaci\u00f3n de Albacete, Fran Valera, y el diputado del \u00e1rea, Dani Sancha, no han faltado a este evento, donde han subrayado el crecimiento \u201cespectacular\u201d que ha experimentado, apuntando que, aunque ha incluido dos carreras m\u00e1s que en la pasada edici\u00f3n, \u201clas cifras han pulverizado todos los r\u00e9cords, evidenciando la creciente afici\u00f3n que en nuestro territorio hay en torno a esta actividad\u201d.<\/p>\n<p style=\"text-align: justify;\">Villamalea, Pe\u00f1ascosa (dos pruebas), Villalgordo del J\u00facar, Motilleja, Jorquera, Mahora, Casas de Ves, Villatoya, Alcal\u00e1 del J\u00facar, Almansa e Higueruela, donde la prueba se ha celebrado hoy incluyendo un circuito inclusivo, han sido las sedes durante una temporada \u201cvibrante, marcada por el buen ambiente y la implicaci\u00f3n de todos los actores que forman parte de este circuito\u201d, han subrayado Valera y Sancha.<\/p>\n<p style=\"text-align: justify;\">Adem\u00e1s, los responsables provinciales han destacado dos \u201cdatos sobresalientes\u201d que resumen a la perfecci\u00f3n c\u00f3mo ha sido el a\u00f1o en este circuito. Se han referido a los casos concretos de Casas de Ves y Villatoya, cuyas alcaldesas, Mar\u00eda Isabel Mart\u00ednez y Llanos S\u00e1nchez (tambi\u00e9n diputada provincial del Equipo de Gobierno), han participado en la entrega de premios, junto a la regidora de Higueruela, Isabel Mart\u00ednez.<\/p>\n<p style=\"text-align: justify;\">El primer municipio es una localidad que repite en esta competici\u00f3n, y este a\u00f1o ha visto multiplicado el n\u00famero de participantes por dos (alcanzando los 1062). Y en el segundo, este peque\u00f1o pueblo de poco m\u00e1s de 100 habitantes, ha albergado la carrera m\u00e1s numerosa de la competici\u00f3n rozando las 1.100 inscripciones, \u201cm\u00e1s de 10 veces su poblaci\u00f3n\u201d.<\/p>\n<p style=\"text-align: justify;\">Ganadores y ganadoras de todas las edades<\/p>\n<p style=\"text-align: justify;\">Desde la Diputaci\u00f3n tambi\u00e9n ha aprovechado la ocasi\u00f3n para felicitar a los ganadores y ganadoras de este circuito en cada una de las categor\u00edas. En Alev\u00edn: Marta Morcillo, Ic\u00edar Rubio y Priscila Herreros junto a Jorge Borso, Ra\u00fal S\u00e1nchez y Rub\u00e9n Salazar; en Infantil: Edurne Rubio, Mariola S\u00e1ez e Irene Sevilla y Luis de La Vara, Esteban Jim\u00e9nez y Nicol\u00e1s Caballero; en Cadete: Mar\u00eda Carrasco, Sofia Kravtsiv y Ana P\u00e9rez, as\u00ed como Fernando Marco, Mateo S\u00e1ez y Dar\u00edo Ponce; y en Juvenil: Yaiza Rubio, Sandra Mu\u00f1oz y Sandra G\u00f3mez, y tambi\u00e9n Mart\u00edn Villar, Ra\u00fal Puche y Vadim Meketiuk.<\/p>\n<p style=\"text-align: justify;\">Por su parte, en la categor\u00eda Naranja el podio ha sido para Josefina Armero, Patricia Romero y Mar\u00eda Campayo, junto a Carlos Sevilla, Francisco Marchante y Alberto S\u00e1nchez; en Rojo, las ganadoras han sido Ana Bel\u00e9n D\u00edaz, Camino Mart\u00ednez y Ana Mar\u00eda Garc\u00eda, y los ganadores: Vicente Carrasco, Pedro Mu\u00f1oz y Luis Picazo; y finalmente en Negro, el triunfo ha sido para Cristina Fern\u00e1ndez, Elena Navarro y Celeste Abril Rubio, y en masculino para Paulino Rubio, Salvador P\u00e9rez y Blas L\u00f3pez.<\/p>\n<p style=\"text-align: justify;\">Adem\u00e1s, han querido agradecer la colaboraci\u00f3n de los ayuntamientos anfitriones y felicitar al Club GODIH y al BMT Casas de Ves por la organizaci\u00f3n, reconociendo tambi\u00e9n la colaboraci\u00f3n del resto de clubes de la provincia y de la Federaci\u00f3n Castellano-Manchega de Orientaci\u00f3n (FECAMADO), al frente de la direcci\u00f3n t\u00e9cnica del circuito.<\/p>\n<p style=\"text-align: justify;\">Una pr\u00e1ctica deportiva \u201cen auge en la provincia\u201d<\/p>\n<p style=\"text-align: justify;\">Del mismo modo, Valera y Sancha han puesto en valor esta pr\u00e1ctica deportiva, \u201cen auge en la provincia\u201d, en la que se combina el ejercicio f\u00edsico con el pensamiento estrat\u00e9gico, fomentando habilidades como la concentraci\u00f3n, la autonom\u00eda o la superaci\u00f3n personal, lo que la convierte en una actividad deportiva completa y accesible para personas de todas las edades y niveles.<\/p>\n<p style=\"text-align: justify;\">Se trata de un deporte que promueve el respeto y el cuidado del medio natural, el conocimiento del entorno y la convivencia, en l\u00ednea con el trabajo que desde la Diputaci\u00f3n se viene realizando en esta direcci\u00f3n, al tiempo que favorece la promoci\u00f3n del territorio, d\u00e1ndolo a conocer a trav\u00e9s del deporte. Por ello, sus responsables han remarcado que desde el Gobierno de Santi Caba\u00f1ero seguir\u00e1n trabajando para que este circuito crezca y llegue a m\u00e1s municipios y participantes.<\/p>\n<p><!--publicidad-voz03--><a href=\"https:\/\/www.facebook.com\/profile.php?id=100063593791305&amp;locale=es_ES\"><img decoding=\"async\" class=\"alignnone size-medium\" src=\"https:\/\/blogger.googleusercontent.com\/img\/b\/R29vZ2xl\/AVvXsEi8_n_ll8UOcGxCqzFvb_9Io4ICczlGC990BPtPj2w9Px-u7B3oqWUW5vtjZUqPNJ-nyjiUIorE0ATsib_l5tV8BVN-UJ03RTnU__IHJF_4DgDBtY4LIqXNG-FomrO-7ywes20CBCRM2Hcm7EJSh3UUw1dO-c_uTflUrtgY1i7uBRezj_DpympmEFkfbQY\/s1600\/logo-principal2.jpg\" width=\"100%\" height=\"100\" \/><\/a><!--bestpublic-voz03--><!--desk-in-out-voz03--><br \/>\n<!--publicidad-voz04--><a href=\"https:\/\/www.facebook.com\/profile.php?id=61557370768692&amp;locale=es_ES\"><img decoding=\"async\" class=\"alignnone size-medium\" src=\"https:\/\/blogger.googleusercontent.com\/img\/b\/R29vZ2xl\/AVvXsEgy5RdcfffrnrItnYTcV9bCJjgJwldsQLWssfVfrLbyfXeBNTFKgBf0rMIvhrUaGUhiXzVr9_eQgCbi-j63ZDpfTvLIty9w7s140y-m1yHe7eKmEK7v2NAHUJDVYGdfeiQFeRCqUjdwWmN1MX_AUxxz4IVdJ4WIM0APxit8bjWkXzrnEFGqBvW_1F13H1g\/s1600\/logo-principal5.jpg\" width=\"100%\" height=\"100\" \/><\/a><!--bestpublic-voz04--><!--desk-in-out-voz04--><br \/>\n<!--publicidad-voz05--><a href=\"https:\/\/www.facebook.com\/asociaciontamborileroshellin?locale=es_ES\"><img decoding=\"async\" class=\"alignnone size-medium\" src=\"https:\/\/blogger.googleusercontent.com\/img\/b\/R29vZ2xl\/AVvXsEhHEEpZsKK1VpwiYMrS7aE2ujtqIDZoLd4B5wtbiseSU9s2HdTdQfhF84So2XwEB1fv0BLw95GADm6hUl1bkKtzh-eIgVigXONuu_5RxeIMPhjk8q6uNX4EaEHbooKkbu7pCADWPpVJjhKIH5NQSJpWqedC-YBez4QAQeJYokkLot9bhrIaUAeztsGis6M\/s1600\/logo-principal3.jpg\" width=\"100%\" height=\"100\" \/><\/a><!--bestpublic-voz05--><!--desk-in-out-voz05--><br \/>\n<!--publicidad-voz06--><!--bestpublic-voz06--><!--desk-in-out-voz06--><br \/>\n<!--publicidad-voz07--><!--bestpublic-voz07--><!--desk-in-out-voz07--><br \/>\n<!--publicidad-voz08--><!--bestpublic-voz08--><!--desk-in-out-voz08--><br \/>\n<!--publicidad-voz09--><!--bestpublic-voz09--><!--desk-in-out-voz09--><br \/>\n<!--publicidad-voz10--><!--bestpublic-voz10--><!--desk-in-out-voz10--><br \/>\n<!--publicidad-voz11--><!--bestpublic-voz11--><!--desk-in-out-voz11--><br \/>\n<!--publicidad-voz12--><!--bestpublic-voz12--><!--desk-in-out-voz12--><br \/>\n<!--publicidad-voz13--><!--bestpublic-voz13--><!--desk-in-out-voz13--><br \/>\n<!--publicidad-voz14--><!--bestpublic-voz14--><!--desk-in-out-voz14--><br \/>\n<!--publicidad-voz15--><!--bestpublic-voz15--><!--desk-in-out-voz15--><br \/>\n<!--publicidad-voz16--><!--bestpublic-voz16--><!--desk-in-out-voz16--><\/p>\n","protected":false},"excerpt":{"rendered":"<p>El vicepresidente de la Diputaci\u00f3n, Fran Valera, y el diputado de Deportes, Dani Sancha, han asistido a la clausura, destacando que en s\u00f3lo 12 pruebas se han superado los 7.200&#8230;<\/p>\n","protected":false},"author":2,"featured_media":160541,"comment_status":"closed","ping_status":"closed","sticky":false,"template":"","format":"standard","meta":{"footnotes":""},"categories":[761,718,715,716,717],"tags":[],"class_list":["post-160540","post","type-post","status-publish","format-standard","has-post-thumbnail","hentry","category-blog-lv042","category-blogger","category-la-voz-de-hellin","category-la-voz-de-hellin-la-voz-de-hellin","category-noticias"],"_links":{"self":[{"href":"https:\/\/lavozdehellin.com\/noticias\/wp-json\/wp\/v2\/posts\/160540","targetHints":{"allow":["GET"]}}],"collection":[{"href":"https:\/\/lavozdehellin.com\/noticias\/wp-json\/wp\/v2\/posts"}],"about":[{"href":"https:\/\/lavozdehellin.com\/noticias\/wp-json\/wp\/v2\/types\/post"}],"author":[{"embeddable":true,"href":"https:\/\/lavozdehellin.com\/noticias\/wp-json\/wp\/v2\/users\/2"}],"replies":[{"embeddable":true,"href":"https:\/\/lavozdehellin.com\/noticias\/wp-json\/wp\/v2\/comments?post=160540"}],"version-history":[{"count":0,"href":"https:\/\/lavozdehellin.com\/noticias\/wp-json\/wp\/v2\/posts\/160540\/revisions"}],"wp:featuredmedia":[{"embeddable":true,"href":"https:\/\/lavozdehellin.com\/noticias\/wp-json\/wp\/v2\/media\/160541"}],"wp:attachment":[{"href":"https:\/\/lavozdehellin.com\/noticias\/wp-json\/wp\/v2\/media?parent=160540"}],"wp:term":[{"taxonomy":"category","embeddable":true,"href":"https:\/\/lavozdehellin.com\/noticias\/wp-json\/wp\/v2\/categories?post=160540"},{"taxonomy":"post_tag","embeddable":true,"href":"https:\/\/lavozdehellin.com\/noticias\/wp-json\/wp\/v2\/tags?post=160540"}],"curies":[{"name":"wp","href":"https:\/\/api.w.org\/{rel}","templated":true}]}}