{"id":160543,"date":"2025-12-14T12:30:02","date_gmt":"2025-12-14T10:30:02","guid":{"rendered":"https:\/\/lavozdehellin.com\/noticias\/?p=160543"},"modified":"2025-12-15T18:06:44","modified_gmt":"2025-12-15T16:06:44","slug":"v10-476-lvh-noticias-el-bonillo-acoge-un-concierto-de-la-banda-sinfonica-municipal-de-albacete-de-la-mano-de-la-diputacion","status":"publish","type":"post","link":"https:\/\/lavozdehellin.com\/noticias\/v10-476-lvh-noticias-el-bonillo-acoge-un-concierto-de-la-banda-sinfonica-municipal-de-albacete-de-la-mano-de-la-diputacion\/","title":{"rendered":"LVH NOTICIAS | EL BONILLO ACOGE UN CONCIERTO DE LA BANDA SINF\u00d3NICA MUNICIPAL DE ALBACETE DE LA MANO DE LA DIPUTACI\u00d3N"},"content":{"rendered":"<p style=\"text-align: justify;\">El Bonillo ha acogido este fin de semana un magistral concierto de la Banda Sinf\u00f3nica Municipal de Albacete (BSMA) de la mano de la Diputaci\u00f3n de Albacete, en el marco del programa \u2018Toca la Banda\u2019.<\/p>\n<p><!--more--><br \/>\n<!--publicidad-voz01--><a href=\"https:\/\/www.facebook.com\/SoloRadioHellin\/?locale=es_ES\"><img decoding=\"async\" class=\"alignnone size-medium\" src=\"https:\/\/blogger.googleusercontent.com\/img\/b\/R29vZ2xl\/AVvXsEiNncirNnyGedv00mhjZjh5Wl4_YPdJGanoAl8tL8zH-HwqE8uHqjEfSt340RHdx-9tuCSIkZ8rFamZiGyYlgDGxCsmXjCH_1xk5eYM3ntFZRvJP_jndOKR7w1UAo9Tu0vrZyOLfqRpHIxYI5SymJJ-pfGCQw6QVpggBH-UgfjiFQ2JOxqxG0Jx94kW83c\/s1600\/logo-principal.jpg\" width=\"100%\" height=\"100\" \/><\/a><!--bestpublic-voz01--><!--desk-in-out-voz01--><br \/>\n<!--publicidad-voz02--><a href=\"https:\/\/www.hellincf.com\/\"><img decoding=\"async\" class=\"alignnone size-medium\" src=\"https:\/\/blogger.googleusercontent.com\/img\/b\/R29vZ2xl\/AVvXsEhuZ4-XfBVj3UtdP8-RZugy3WVrg-Zv28c53m4oV47qYCxL1rX_dqWX_YddsGSnpH5SRDqZ7bZeKPIfDVCDncpjVlhy3aQs2vojcJBn7Gdv9hC2_Nzct_pRFrnFE1a7KTCdY1bT_kAgnY3-iadRZrGeJf1fR2P5fu11bokx0pWjaypoy-ctwCjklldpEbA\/s1600\/logo-principal7.jpg\" width=\"100%\" height=\"100\" \/><\/a><!--bestpublic-voz02--><!--desk-in-out-voz02--><\/p>\n<p style=\"text-align: justify;\">La iglesia renacentista de Santa Catalina ha sido el escenario elegido para este evento cultural, que ha despertado un gran inter\u00e9s en el municipio, y ha sumado la presencia de su alcalde, Juan Gil, quien ha agradecido al Gobierno provincial esta oportunidad de contar con la \u00fanica banda sinf\u00f3nica municipal profesional de toda Castilla-La Mancha.<\/p>\n<p style=\"text-align: justify;\">Una iniciativa integrada en un convenio con el que la Diputaci\u00f3n refuerza su colaboraci\u00f3n con entidades culturales consolidadas, como es la BSMA, y avanza en su compromiso para hacer accesible la actividad musical, apostando por la dinamizaci\u00f3n y promoci\u00f3n de propuestas del m\u00e1ximo nivel en las diferentes localidades de la geograf\u00eda albacetense.<\/p>\n<p style=\"text-align: justify;\">En este caso, acercando la m\u00fasica sinf\u00f3nica a p\u00fablicos de todas las edades y reforzando el papel de las bandas como veh\u00edculo de divulgaci\u00f3n cultural.<\/p>\n<p style=\"text-align: justify;\">\u2018Pinceladas Sonoras\u2019 ha sido el t\u00edtulo elegido para este concierto a cargo de la BSMA, dirigida por Luis Miguel Abello, donde las personas asistentes han podido disfrutar de un rico programa, que ha comenzado con \u2018Goya\u2019, un pasodoble del compositor Jos\u00e9 Palanca, que rinde homenaje a la obra del c\u00e9lebre pintor espa\u00f1ol. A continuaci\u00f3n, se ha interpretado el \u2018Intermedio de Goyescas\u2019 de Enrique Granados, escrito en 1911, tambi\u00e9n inspirado en la pintura del artista.<\/p>\n<p style=\"text-align: justify;\">Junto a esto han sonado \u2018Sombrero de Tres Picos\u2019 en su Segunda Suite de Manuel de Falla, que incluye las secciones \u2018Los Vecinos\u2019, \u2018Danza del Molinero\u2019 y \u2018Danza Final Jota\u2019, y \u2018Cuadros de una exposici\u00f3n\u2019 de Modest Mussorgski, en una versi\u00f3n para banda instrumentada por Crescencio D\u00edaz Felipe, ha puesto el punto y final.<\/p>\n<p style=\"text-align: justify;\">Citas como \u00e9sta refuerzan el papel de la cultura como herramienta de cohesi\u00f3n social, desarrollo territorial e igualdad de oportunidades, facilitando que municipios de distinto tama\u00f1o puedan disfrutar de propuestas musicales de m\u00e1xima calidad.<\/p>\n<p><!--publicidad-voz03--><a href=\"https:\/\/www.facebook.com\/profile.php?id=100063593791305&amp;locale=es_ES\"><img decoding=\"async\" class=\"alignnone size-medium\" src=\"https:\/\/blogger.googleusercontent.com\/img\/b\/R29vZ2xl\/AVvXsEi8_n_ll8UOcGxCqzFvb_9Io4ICczlGC990BPtPj2w9Px-u7B3oqWUW5vtjZUqPNJ-nyjiUIorE0ATsib_l5tV8BVN-UJ03RTnU__IHJF_4DgDBtY4LIqXNG-FomrO-7ywes20CBCRM2Hcm7EJSh3UUw1dO-c_uTflUrtgY1i7uBRezj_DpympmEFkfbQY\/s1600\/logo-principal2.jpg\" width=\"100%\" height=\"100\" \/><\/a><!--bestpublic-voz03--><!--desk-in-out-voz03--><br \/>\n<!--publicidad-voz04--><a href=\"https:\/\/www.facebook.com\/profile.php?id=61557370768692&amp;locale=es_ES\"><img decoding=\"async\" class=\"alignnone size-medium\" src=\"https:\/\/blogger.googleusercontent.com\/img\/b\/R29vZ2xl\/AVvXsEgy5RdcfffrnrItnYTcV9bCJjgJwldsQLWssfVfrLbyfXeBNTFKgBf0rMIvhrUaGUhiXzVr9_eQgCbi-j63ZDpfTvLIty9w7s140y-m1yHe7eKmEK7v2NAHUJDVYGdfeiQFeRCqUjdwWmN1MX_AUxxz4IVdJ4WIM0APxit8bjWkXzrnEFGqBvW_1F13H1g\/s1600\/logo-principal5.jpg\" width=\"100%\" height=\"100\" \/><\/a><!--bestpublic-voz04--><!--desk-in-out-voz04--><br \/>\n<!--publicidad-voz05--><a href=\"https:\/\/www.facebook.com\/asociaciontamborileroshellin?locale=es_ES\"><img decoding=\"async\" class=\"alignnone size-medium\" src=\"https:\/\/blogger.googleusercontent.com\/img\/b\/R29vZ2xl\/AVvXsEhHEEpZsKK1VpwiYMrS7aE2ujtqIDZoLd4B5wtbiseSU9s2HdTdQfhF84So2XwEB1fv0BLw95GADm6hUl1bkKtzh-eIgVigXONuu_5RxeIMPhjk8q6uNX4EaEHbooKkbu7pCADWPpVJjhKIH5NQSJpWqedC-YBez4QAQeJYokkLot9bhrIaUAeztsGis6M\/s1600\/logo-principal3.jpg\" width=\"100%\" height=\"100\" \/><\/a><!--bestpublic-voz05--><!--desk-in-out-voz05--><br \/>\n<!--publicidad-voz06--><!--bestpublic-voz06--><!--desk-in-out-voz06--><br \/>\n<!--publicidad-voz07--><!--bestpublic-voz07--><!--desk-in-out-voz07--><br \/>\n<!--publicidad-voz08--><!--bestpublic-voz08--><!--desk-in-out-voz08--><br \/>\n<!--publicidad-voz09--><!--bestpublic-voz09--><!--desk-in-out-voz09--><br \/>\n<!--publicidad-voz10--><!--bestpublic-voz10--><!--desk-in-out-voz10--><br \/>\n<!--publicidad-voz11--><!--bestpublic-voz11--><!--desk-in-out-voz11--><br \/>\n<!--publicidad-voz12--><!--bestpublic-voz12--><!--desk-in-out-voz12--><br \/>\n<!--publicidad-voz13--><!--bestpublic-voz13--><!--desk-in-out-voz13--><br \/>\n<!--publicidad-voz14--><!--bestpublic-voz14--><!--desk-in-out-voz14--><br \/>\n<!--publicidad-voz15--><!--bestpublic-voz15--><!--desk-in-out-voz15--><br \/>\n<!--publicidad-voz16--><!--bestpublic-voz16--><!--desk-in-out-voz16--><\/p>\n","protected":false},"excerpt":{"rendered":"<p>El Bonillo ha acogido este fin de semana un magistral concierto de la Banda Sinf\u00f3nica Municipal de Albacete (BSMA) de la mano de la Diputaci\u00f3n de Albacete, en el marco&#8230;<\/p>\n","protected":false},"author":2,"featured_media":160544,"comment_status":"closed","ping_status":"closed","sticky":false,"template":"","format":"standard","meta":{"footnotes":""},"categories":[761,718,715,716,717],"tags":[],"class_list":["post-160543","post","type-post","status-publish","format-standard","has-post-thumbnail","hentry","category-blog-lv042","category-blogger","category-la-voz-de-hellin","category-la-voz-de-hellin-la-voz-de-hellin","category-noticias"],"_links":{"self":[{"href":"https:\/\/lavozdehellin.com\/noticias\/wp-json\/wp\/v2\/posts\/160543","targetHints":{"allow":["GET"]}}],"collection":[{"href":"https:\/\/lavozdehellin.com\/noticias\/wp-json\/wp\/v2\/posts"}],"about":[{"href":"https:\/\/lavozdehellin.com\/noticias\/wp-json\/wp\/v2\/types\/post"}],"author":[{"embeddable":true,"href":"https:\/\/lavozdehellin.com\/noticias\/wp-json\/wp\/v2\/users\/2"}],"replies":[{"embeddable":true,"href":"https:\/\/lavozdehellin.com\/noticias\/wp-json\/wp\/v2\/comments?post=160543"}],"version-history":[{"count":0,"href":"https:\/\/lavozdehellin.com\/noticias\/wp-json\/wp\/v2\/posts\/160543\/revisions"}],"wp:featuredmedia":[{"embeddable":true,"href":"https:\/\/lavozdehellin.com\/noticias\/wp-json\/wp\/v2\/media\/160544"}],"wp:attachment":[{"href":"https:\/\/lavozdehellin.com\/noticias\/wp-json\/wp\/v2\/media?parent=160543"}],"wp:term":[{"taxonomy":"category","embeddable":true,"href":"https:\/\/lavozdehellin.com\/noticias\/wp-json\/wp\/v2\/categories?post=160543"},{"taxonomy":"post_tag","embeddable":true,"href":"https:\/\/lavozdehellin.com\/noticias\/wp-json\/wp\/v2\/tags?post=160543"}],"curies":[{"name":"wp","href":"https:\/\/api.w.org\/{rel}","templated":true}]}}