{"id":160548,"date":"2025-12-14T11:08:12","date_gmt":"2025-12-14T09:08:12","guid":{"rendered":"https:\/\/lavozdehellin.com\/noticias\/?p=160548"},"modified":"2025-12-15T18:06:44","modified_gmt":"2025-12-15T16:06:44","slug":"v10-475-lvh-noticias-dipujoven-se-despide-por-todo-lo-alto-desde-higueruela-sumando-cerca-de-medio-millar-de-participantes-en-su-primera-edicion","status":"publish","type":"post","link":"https:\/\/lavozdehellin.com\/noticias\/v10-475-lvh-noticias-dipujoven-se-despide-por-todo-lo-alto-desde-higueruela-sumando-cerca-de-medio-millar-de-participantes-en-su-primera-edicion\/","title":{"rendered":"LVH NOTICIAS | \u2018DIPUJOVEN\u2019 SE DESPIDE POR TODO LO ALTO DESDE HIGUERUELA, SUMANDO CERCA DE MEDIO MILLAR DE PARTICIPANTES EN SU PRIMERA EDICI\u00d3N"},"content":{"rendered":"<p style=\"text-align: justify;\">Higueruela ha acogido este fin de semana el \u00faltimo encuentro de la primera edici\u00f3n del programa \u2018DipuJoven\u2019, que se ha despedido por todo lo alto con cerca de 200 participantes disfrutando de esta iniciativa, puesta en marcha por el Gobierno de Santi Caba\u00f1ero.<\/p>\n<p><!--more--><br \/>\n<!--publicidad-voz01--><a href=\"https:\/\/www.facebook.com\/SoloRadioHellin\/?locale=es_ES\"><img decoding=\"async\" class=\"alignnone size-medium\" src=\"https:\/\/blogger.googleusercontent.com\/img\/b\/R29vZ2xl\/AVvXsEiNncirNnyGedv00mhjZjh5Wl4_YPdJGanoAl8tL8zH-HwqE8uHqjEfSt340RHdx-9tuCSIkZ8rFamZiGyYlgDGxCsmXjCH_1xk5eYM3ntFZRvJP_jndOKR7w1UAo9Tu0vrZyOLfqRpHIxYI5SymJJ-pfGCQw6QVpggBH-UgfjiFQ2JOxqxG0Jx94kW83c\/s1600\/logo-principal.jpg\" width=\"100%\" height=\"100\" \/><\/a><!--bestpublic-voz01--><!--desk-in-out-voz01--><br \/>\n<!--publicidad-voz02--><a href=\"https:\/\/www.hellincf.com\/\"><img decoding=\"async\" class=\"alignnone size-medium\" src=\"https:\/\/blogger.googleusercontent.com\/img\/b\/R29vZ2xl\/AVvXsEhuZ4-XfBVj3UtdP8-RZugy3WVrg-Zv28c53m4oV47qYCxL1rX_dqWX_YddsGSnpH5SRDqZ7bZeKPIfDVCDncpjVlhy3aQs2vojcJBn7Gdv9hC2_Nzct_pRFrnFE1a7KTCdY1bT_kAgnY3-iadRZrGeJf1fR2P5fu11bokx0pWjaypoy-ctwCjklldpEbA\/s1600\/logo-principal7.jpg\" width=\"100%\" height=\"100\" \/><\/a><!--bestpublic-voz02--><!--desk-in-out-voz02--><\/p>\n<p style=\"text-align: justify;\">Esta cita, que se suma a las que tuvieron lugar en Cenizate y Tobarra, pone \u2018el broche de oro\u2019 a una aventura pionera que en su estreno ha conseguido reunir a cerca de medio millar de chicos y chicas de multitud de puntos de la geograf\u00eda albacetense, consolid\u00e1ndose como un espacio de ocio de calidad, saludable, educativo y creativo para la juventud de los pueblos de la provincia.<\/p>\n<p style=\"text-align: justify;\">El vicepresidente, Fran Valera, y el diputado de Deportes y Juventudes, Dani Sancha, acompa\u00f1ados de la alcaldesa de la localidad anfitriona, Isabel Mart\u00ednez, han dado la bienvenida a los y las j\u00f3venes a este tercer encuentro, interes\u00e1ndose por sus opiniones en torno a un programa innovador, que ha superado las expectativas iniciales y seguir\u00e1 creciendo en 2026, para continuar mostrando a esta parte de la poblaci\u00f3n, como explic\u00f3 el presidente provincial en su presentaci\u00f3n, \u201cque vivir en un pueblo merece la pena\u201d.<\/p>\n<p style=\"text-align: justify;\">Durante todo el d\u00eda, las personas participantes han podido disfrutar de diferentes talleres de fotograf\u00eda creativa, cocina saludable, inteligencia artificial, bienestar emocional, deporte o cooperaci\u00f3n, configurando una programaci\u00f3n din\u00e1mica, divertida y participativa que, como en el resto de localidades, se ha convertido en una experiencia enriquecedora en la que, adem\u00e1s de disfrutar y aprender, se ha apostado por la convivencia.<\/p>\n<p style=\"text-align: justify;\">\u201cInvertir en juventud es invertir en futuro\u201d<\/p>\n<p style=\"text-align: justify;\">Valera y Sancha han dejado claro que \u201cinvertir en juventud es invertir en futuro\u201d, y han reafirmado el compromiso transversal de la Diputaci\u00f3n con los y las j\u00f3venes, creando oportunidades y experiencias que les permitan expresarse, aprender y construir comunidad reivindicando el potencial de sus propias localidades, y han subrayado que desde la instituci\u00f3n provincial continuar\u00e1n escuchando, apoyando y generando espacios donde su voz sea protagonista, fortaleciendo as\u00ed el hoy y el ma\u00f1ana de este territorio.<\/p>\n<p style=\"text-align: justify;\">Adem\u00e1s, los responsables provinciales han querido agradecer la participaci\u00f3n a todos los chicos y chicas que han formado parte de este programa, as\u00ed como la implicaci\u00f3n de ayuntamientos y los Centros y Oficinas de Juventud.<\/p>\n<p style=\"text-align: justify;\">Con este primer \u2018DipuJoven\u2019, en el que la Diputaci\u00f3n adem\u00e1s ha facilitado transporte gratuito desde distintos puntos de la provincia y los ayuntamientos han hecho lo propio con la comida, el Gobierno provincial refuerza su apuesta por pol\u00edticas p\u00fablicas que sit\u00faan a la juventud en el centro, promoviendo su bienestar, participaci\u00f3n y desarrollo personal en el medio rural. Una forma innovadora de abordar tambi\u00e9n el reto demogr\u00e1fico desde una apuesta firme por el acceso a un ocio atractivo y de calidad.<\/p>\n<p><!--publicidad-voz03--><a href=\"https:\/\/www.facebook.com\/profile.php?id=100063593791305&amp;locale=es_ES\"><img decoding=\"async\" class=\"alignnone size-medium\" src=\"https:\/\/blogger.googleusercontent.com\/img\/b\/R29vZ2xl\/AVvXsEi8_n_ll8UOcGxCqzFvb_9Io4ICczlGC990BPtPj2w9Px-u7B3oqWUW5vtjZUqPNJ-nyjiUIorE0ATsib_l5tV8BVN-UJ03RTnU__IHJF_4DgDBtY4LIqXNG-FomrO-7ywes20CBCRM2Hcm7EJSh3UUw1dO-c_uTflUrtgY1i7uBRezj_DpympmEFkfbQY\/s1600\/logo-principal2.jpg\" width=\"100%\" height=\"100\" \/><\/a><!--bestpublic-voz03--><!--desk-in-out-voz03--><br \/>\n<!--publicidad-voz04--><a href=\"https:\/\/www.facebook.com\/profile.php?id=61557370768692&amp;locale=es_ES\"><img decoding=\"async\" class=\"alignnone size-medium\" src=\"https:\/\/blogger.googleusercontent.com\/img\/b\/R29vZ2xl\/AVvXsEgy5RdcfffrnrItnYTcV9bCJjgJwldsQLWssfVfrLbyfXeBNTFKgBf0rMIvhrUaGUhiXzVr9_eQgCbi-j63ZDpfTvLIty9w7s140y-m1yHe7eKmEK7v2NAHUJDVYGdfeiQFeRCqUjdwWmN1MX_AUxxz4IVdJ4WIM0APxit8bjWkXzrnEFGqBvW_1F13H1g\/s1600\/logo-principal5.jpg\" width=\"100%\" height=\"100\" \/><\/a><!--bestpublic-voz04--><!--desk-in-out-voz04--><br \/>\n<!--publicidad-voz05--><a href=\"https:\/\/www.facebook.com\/asociaciontamborileroshellin?locale=es_ES\"><img decoding=\"async\" class=\"alignnone size-medium\" src=\"https:\/\/blogger.googleusercontent.com\/img\/b\/R29vZ2xl\/AVvXsEhHEEpZsKK1VpwiYMrS7aE2ujtqIDZoLd4B5wtbiseSU9s2HdTdQfhF84So2XwEB1fv0BLw95GADm6hUl1bkKtzh-eIgVigXONuu_5RxeIMPhjk8q6uNX4EaEHbooKkbu7pCADWPpVJjhKIH5NQSJpWqedC-YBez4QAQeJYokkLot9bhrIaUAeztsGis6M\/s1600\/logo-principal3.jpg\" width=\"100%\" height=\"100\" \/><\/a><!--bestpublic-voz05--><!--desk-in-out-voz05--><br \/>\n<!--publicidad-voz06--><!--bestpublic-voz06--><!--desk-in-out-voz06--><br \/>\n<!--publicidad-voz07--><!--bestpublic-voz07--><!--desk-in-out-voz07--><br \/>\n<!--publicidad-voz08--><!--bestpublic-voz08--><!--desk-in-out-voz08--><br \/>\n<!--publicidad-voz09--><!--bestpublic-voz09--><!--desk-in-out-voz09--><br \/>\n<!--publicidad-voz10--><!--bestpublic-voz10--><!--desk-in-out-voz10--><br \/>\n<!--publicidad-voz11--><!--bestpublic-voz11--><!--desk-in-out-voz11--><br \/>\n<!--publicidad-voz12--><!--bestpublic-voz12--><!--desk-in-out-voz12--><br \/>\n<!--publicidad-voz13--><!--bestpublic-voz13--><!--desk-in-out-voz13--><br \/>\n<!--publicidad-voz14--><!--bestpublic-voz14--><!--desk-in-out-voz14--><br \/>\n<!--publicidad-voz15--><!--bestpublic-voz15--><!--desk-in-out-voz15--><br \/>\n<!--publicidad-voz16--><!--bestpublic-voz16--><!--desk-in-out-voz16--><\/p>\n","protected":false},"excerpt":{"rendered":"<p>Higueruela ha acogido este fin de semana el \u00faltimo encuentro de la primera edici\u00f3n del programa \u2018DipuJoven\u2019, que se ha despedido por todo lo alto con cerca de 200 participantes&#8230;<\/p>\n","protected":false},"author":2,"featured_media":160549,"comment_status":"closed","ping_status":"closed","sticky":false,"template":"","format":"standard","meta":{"footnotes":""},"categories":[761,718,715,716,717],"tags":[],"class_list":["post-160548","post","type-post","status-publish","format-standard","has-post-thumbnail","hentry","category-blog-lv042","category-blogger","category-la-voz-de-hellin","category-la-voz-de-hellin-la-voz-de-hellin","category-noticias"],"_links":{"self":[{"href":"https:\/\/lavozdehellin.com\/noticias\/wp-json\/wp\/v2\/posts\/160548","targetHints":{"allow":["GET"]}}],"collection":[{"href":"https:\/\/lavozdehellin.com\/noticias\/wp-json\/wp\/v2\/posts"}],"about":[{"href":"https:\/\/lavozdehellin.com\/noticias\/wp-json\/wp\/v2\/types\/post"}],"author":[{"embeddable":true,"href":"https:\/\/lavozdehellin.com\/noticias\/wp-json\/wp\/v2\/users\/2"}],"replies":[{"embeddable":true,"href":"https:\/\/lavozdehellin.com\/noticias\/wp-json\/wp\/v2\/comments?post=160548"}],"version-history":[{"count":0,"href":"https:\/\/lavozdehellin.com\/noticias\/wp-json\/wp\/v2\/posts\/160548\/revisions"}],"wp:featuredmedia":[{"embeddable":true,"href":"https:\/\/lavozdehellin.com\/noticias\/wp-json\/wp\/v2\/media\/160549"}],"wp:attachment":[{"href":"https:\/\/lavozdehellin.com\/noticias\/wp-json\/wp\/v2\/media?parent=160548"}],"wp:term":[{"taxonomy":"category","embeddable":true,"href":"https:\/\/lavozdehellin.com\/noticias\/wp-json\/wp\/v2\/categories?post=160548"},{"taxonomy":"post_tag","embeddable":true,"href":"https:\/\/lavozdehellin.com\/noticias\/wp-json\/wp\/v2\/tags?post=160548"}],"curies":[{"name":"wp","href":"https:\/\/api.w.org\/{rel}","templated":true}]}}