{"id":160551,"date":"2025-12-13T20:26:14","date_gmt":"2025-12-13T18:26:14","guid":{"rendered":"https:\/\/lavozdehellin.com\/noticias\/?p=160551"},"modified":"2025-12-15T18:06:44","modified_gmt":"2025-12-15T16:06:44","slug":"v10-474-lvh-noticias-la-diputacion-de-albacete-clausura-el-18o-circuito-provincial-de-btt-consolidado-como-referente-del-ciclismo-popular","status":"publish","type":"post","link":"https:\/\/lavozdehellin.com\/noticias\/v10-474-lvh-noticias-la-diputacion-de-albacete-clausura-el-18o-circuito-provincial-de-btt-consolidado-como-referente-del-ciclismo-popular\/","title":{"rendered":"LVH NOTICIAS | LA DIPUTACI\u00d3N DE ALBACETE CLAUSURA EL 18\u00ba CIRCUITO PROVINCIAL DE BTT, CONSOLIDADO COMO REFERENTE DEL CICLISMO POPULAR"},"content":{"rendered":"<p style=\"text-align: justify;\">La Diputaci\u00f3n de Albacete ha celebrado la gala de clausura y entrega de premios de su 18\u00ba Circuito Provincial de BTT.<\/p>\n<p><!--more--><br \/>\n<!--publicidad-voz01--><a href=\"https:\/\/www.facebook.com\/SoloRadioHellin\/?locale=es_ES\"><img decoding=\"async\" class=\"alignnone size-medium\" src=\"https:\/\/blogger.googleusercontent.com\/img\/b\/R29vZ2xl\/AVvXsEiNncirNnyGedv00mhjZjh5Wl4_YPdJGanoAl8tL8zH-HwqE8uHqjEfSt340RHdx-9tuCSIkZ8rFamZiGyYlgDGxCsmXjCH_1xk5eYM3ntFZRvJP_jndOKR7w1UAo9Tu0vrZyOLfqRpHIxYI5SymJJ-pfGCQw6QVpggBH-UgfjiFQ2JOxqxG0Jx94kW83c\/s1600\/logo-principal.jpg\" width=\"100%\" height=\"100\" \/><\/a><!--bestpublic-voz01--><!--desk-in-out-voz01--><br \/>\n<!--publicidad-voz02--><a href=\"https:\/\/www.hellincf.com\/\"><img decoding=\"async\" class=\"alignnone size-medium\" src=\"https:\/\/blogger.googleusercontent.com\/img\/b\/R29vZ2xl\/AVvXsEhuZ4-XfBVj3UtdP8-RZugy3WVrg-Zv28c53m4oV47qYCxL1rX_dqWX_YddsGSnpH5SRDqZ7bZeKPIfDVCDncpjVlhy3aQs2vojcJBn7Gdv9hC2_Nzct_pRFrnFE1a7KTCdY1bT_kAgnY3-iadRZrGeJf1fR2P5fu11bokx0pWjaypoy-ctwCjklldpEbA\/s1600\/logo-principal7.jpg\" width=\"100%\" height=\"100\" \/><\/a><!--bestpublic-voz02--><!--desk-in-out-voz02--><\/p>\n<p style=\"text-align: justify;\">Un acto que ha puesto el broche de oro a una edici\u00f3n muy especial al coincidir con la mayor\u00eda de edad de esta consolidada competici\u00f3n, que ha vivido con \u00e9xito su reestructuraci\u00f3n, reforzando la calidad, la participaci\u00f3n y el impacto en el territorio.<\/p>\n<p style=\"text-align: justify;\">El vicepresidente provincial, Fran Valera, y el diputado de Deportes, Dani Sancha, acompa\u00f1ados del ciclista de F\u00e9rez, Luis Francisco P\u00e9rez Mart\u00ednez (Luis Mart\u00ednez), que ocupa el puesto 14\u00ba en el ranking del mundo, han encabezado la representaci\u00f3n de la instituci\u00f3n albacetense en esta cita, en la que el Circuito ha vuelto a demostrar su capacidad para unir a la provincia a trav\u00e9s del deporte y para hacernos vibrar con el mejor ciclismo popular.<\/p>\n<p style=\"text-align: justify;\">Durante la gala, Dani Sancha ha tomado la palabra para agradecer la implicaci\u00f3n de todas las personas y entidades que hacen posible este evento deportivo cada fin de semana, y se ha dirigido en primer lugar a \u201csus protagonistas\u201d, los y las ciclistas, asegurando que cada una de sus pedaladas hace grande este Circuito y hace grande a nuestra provincia.<\/p>\n<p style=\"text-align: justify;\">\u201cHoy celebramos a quienes han destacado en la clasificaci\u00f3n, pero tambi\u00e9n celebramos algo m\u00e1s importante: el deporte en may\u00fasculas, el esp\u00edritu que hab\u00e9is mostrado a lo largo de toda la temporada, la constancia, la ilusi\u00f3n que llev\u00e1is cada domingo a los circuitos; celebramos que, independientemente del resultado, hab\u00e9is demostrado que la verdadera victoria est\u00e1 en el camino, en el esfuerzo compartido y en la forma de vivir este deporte\u201d, ha afirmado Sancha, asegurando que este Circuito \u201ces un espacio de encuentro y convivencia y una experiencia enriquecedora para sus dos protagonistas: los deportistas y los pueblos\u201d.<\/p>\n<p style=\"text-align: justify;\">Adem\u00e1s, el responsable provincial ha tenido palabras de gratitud para los clubes y ayuntamientos, \u201cnuestros grandes aliados\u201d, con alcaldes, alcaldesas y concejales presentes en la gala, as\u00ed como para las personas voluntarias, los patrocinadores, los Cuerpos y Fuerzas de Seguridad del Estado y familias, al tiempo que se ha dirigido con especial cari\u00f1o a su equipo en el Servicio de Deportes Provincial.<\/p>\n<p style=\"text-align: justify;\">Unos 8.000 participantes y un incremento medio del 26% por prueba<\/p>\n<p style=\"text-align: justify;\">En este punto, ha remarcado que la suma de todos esos esfuerzos ha hecho posible que este 2025 se hayan rozado los 8.000 participantes, increment\u00e1ndose la media de inscritos por prueba en un 26 por ciento con respecto al a\u00f1o pasado, confirmando el \u00e9xito de los diferentes cambios introducidos esta temporada.<\/p>\n<p style=\"text-align: justify;\">Sancha tambi\u00e9n ha felicitado a quienes se han alzado con el oro en este Circuito \u201ccon tanto nivel\u201d. En la categor\u00eda masculina han sido: Juan Gonz\u00e1lez, Jos\u00e9 Bernab\u00e9, Javier Jim\u00e9nez, Iv\u00e1n Carrasco y Vicente L\u00f3pez, y en la femenina: Rosario Alacid, Marlene Gamarra, Mar\u00eda Cant\u00f3, Lidia Hermosa y Cristina Belmar. Del mismo modo, ha hecho extensivo el reconocimiento a los equipos La Pur\u00edsima Yecla Team, Bicicletas El Hellinero Acecho Fot\u00f3n y Nutriobelix, que se han conquistado el oro, la plata y el bronce, respectivamente, y al Ferlo Factory Racing, que ha obtenido el premio Club con mayor participaci\u00f3n femenina.<\/p>\n<p style=\"text-align: justify;\">Adem\u00e1s, ha tenido palabras para los y las 10 ciclistas que recibir\u00e1n el premio a la fidelidad (Rosario Alacid Moreno, Gines L\u00f3pez del Castillo Alejo, Javier Jim\u00e9nez Trujillo, Jos\u00e9 Luis Cantos Mart\u00ednez, Mario P\u00e9rez S\u00e1nchez, Miguel L\u00f3pez Palaz\u00f3n, Marciano Cu\u00e9llar Salvatierra, Rub\u00e9n Mu\u00f1oz Carrillo, Marlene Gamarra Cantero y Francisco Terres Montiel) y, de forma muy especial, se ha dirigido a Isidro Garc\u00eda Gonz\u00e1lez, que con 73 a\u00f1os se ha convertido en el ciclista m\u00e1s veterano en subirse a la bicicleta, al tiempo que ha puesto en valor el trabajo de Bienservida, \u2018Carrera m\u00e1s Sostenible\u2019 y de Villaverde de Guadalimar, la prueba \u2018Mejor valorada por los y las deportistas\u2019.<\/p>\n<p style=\"text-align: justify;\">Retorno en la salud de las personas y del territorio<\/p>\n<p style=\"text-align: justify;\">Junto a esto, Sancha ha se\u00f1alado que proyectos deportivos como \u00e9ste \u201crepresentan lo mejor del deporte\u201d, aludiendo a valores como el esfuerzo, perseverancia y el compa\u00f1erismo, y ha puesto el foco en el retorno que tiene en la provincia \u201cen forma de salud tanto para las personas como para los territorios, porque al bienestar f\u00edsico y mental que genera la pr\u00e1ctica deportiva, se suman las sinergias socioecon\u00f3micas y tur\u00edsticas que favorece en nuestros pueblos\u201d.<\/p>\n<p style=\"text-align: justify;\">Tambi\u00e9n ha reafirmado el compromiso de la Diputaci\u00f3n con el ciclismo en particular y el deporte en general, recordando que en 2026 la instituci\u00f3n destinar\u00e1 m\u00e1s de 3,5 millones de euros a esta \u00e1rea. \u201cEs una apuesta firme, decidida y con visi\u00f3n de futuro, porque creemos en la capacidad del deporte para transformar nuestro territorio y generar oportunidades\u201d, ha afirmado.<\/p>\n<p style=\"text-align: justify;\">Novedades para 2026<\/p>\n<p style=\"text-align: justify;\">Sancha ha aprovechado la ocasi\u00f3n para dar a conocer algunas de las novedades de la pr\u00f3xima edici\u00f3n, que mantendr\u00e1 la reestructuraci\u00f3n iniciada el pasado a\u00f1o, alcanzando las 25 pruebas y apostando por menos citas, pero de mayor calidad, con mayor protagonismo de clubes y ayuntamientos, y reeditar\u00e1 la Copa BTT, manteniendo la cronoescalada, a la que se le ampliar\u00e1n kil\u00f3metros.<\/p>\n<p style=\"text-align: justify;\">Adem\u00e1s, el responsable provincial ha explicado que desde la Diputaci\u00f3n se est\u00e1 trabajando para diversificar las modalidades que se impulsan, reforzando la presencia del gravel, con un circuito paralelo de cinco pruebas (Alcaraz, La Manchuela, Hell\u00edn, El Bonillo y Albacete), y de la bicicleta de carretera, con iniciativas ya consolidadas como la Gran Fondo Sierra de Albacete (6 de junio), con m\u00e1s de 2.000 inscripciones ya completadas. Y ha avanzado que la Gran Fondo Sierra de Alcaraz (25 y 26 abril), en su pr\u00f3xima edici\u00f3n, se completar\u00e1 con el Campeonato de Espa\u00f1a de Gravel, \u201cel mayor evento nacional de esta modalidad\u201d (en ediciones anteriores ha acogido pruebas de la Copa de Espa\u00f1a).<\/p>\n<p style=\"text-align: justify;\">El diputado tambi\u00e9n ha subrayado que desde el Gobierno provincial se seguir\u00e1 trabajando para favorecer el incremento de la participaci\u00f3n femenina, la igualdad de oportunidades y la ampliaci\u00f3n de la \u201ccomunidad ciclista albacetense\u201d, para lo que se pondr\u00e1 en marcha una innovadora iniciativa: un Social Bike Brunch.<\/p>\n<p style=\"text-align: justify;\">\u201cPropuestas que vienen a sumar, a enriquecer, y hacer m\u00e1s atractivo nuestro Circuito, con el objetivo de que, vosotros y vosotras, sus protagonistas, disfrut\u00e9is\u201d, ha concluido Sancha.<\/p>\n<p><!--publicidad-voz03--><a href=\"https:\/\/www.facebook.com\/profile.php?id=100063593791305&amp;locale=es_ES\"><img decoding=\"async\" class=\"alignnone size-medium\" src=\"https:\/\/blogger.googleusercontent.com\/img\/b\/R29vZ2xl\/AVvXsEi8_n_ll8UOcGxCqzFvb_9Io4ICczlGC990BPtPj2w9Px-u7B3oqWUW5vtjZUqPNJ-nyjiUIorE0ATsib_l5tV8BVN-UJ03RTnU__IHJF_4DgDBtY4LIqXNG-FomrO-7ywes20CBCRM2Hcm7EJSh3UUw1dO-c_uTflUrtgY1i7uBRezj_DpympmEFkfbQY\/s1600\/logo-principal2.jpg\" width=\"100%\" height=\"100\" \/><\/a><!--bestpublic-voz03--><!--desk-in-out-voz03--><br \/>\n<!--publicidad-voz04--><a href=\"https:\/\/www.facebook.com\/profile.php?id=61557370768692&amp;locale=es_ES\"><img decoding=\"async\" class=\"alignnone size-medium\" src=\"https:\/\/blogger.googleusercontent.com\/img\/b\/R29vZ2xl\/AVvXsEgy5RdcfffrnrItnYTcV9bCJjgJwldsQLWssfVfrLbyfXeBNTFKgBf0rMIvhrUaGUhiXzVr9_eQgCbi-j63ZDpfTvLIty9w7s140y-m1yHe7eKmEK7v2NAHUJDVYGdfeiQFeRCqUjdwWmN1MX_AUxxz4IVdJ4WIM0APxit8bjWkXzrnEFGqBvW_1F13H1g\/s1600\/logo-principal5.jpg\" width=\"100%\" height=\"100\" \/><\/a><!--bestpublic-voz04--><!--desk-in-out-voz04--><br \/>\n<!--publicidad-voz05--><a href=\"https:\/\/www.facebook.com\/asociaciontamborileroshellin?locale=es_ES\"><img decoding=\"async\" class=\"alignnone size-medium\" src=\"https:\/\/blogger.googleusercontent.com\/img\/b\/R29vZ2xl\/AVvXsEhHEEpZsKK1VpwiYMrS7aE2ujtqIDZoLd4B5wtbiseSU9s2HdTdQfhF84So2XwEB1fv0BLw95GADm6hUl1bkKtzh-eIgVigXONuu_5RxeIMPhjk8q6uNX4EaEHbooKkbu7pCADWPpVJjhKIH5NQSJpWqedC-YBez4QAQeJYokkLot9bhrIaUAeztsGis6M\/s1600\/logo-principal3.jpg\" width=\"100%\" height=\"100\" \/><\/a><!--bestpublic-voz05--><!--desk-in-out-voz05--><br \/>\n<!--publicidad-voz06--><!--bestpublic-voz06--><!--desk-in-out-voz06--><br \/>\n<!--publicidad-voz07--><!--bestpublic-voz07--><!--desk-in-out-voz07--><br \/>\n<!--publicidad-voz08--><!--bestpublic-voz08--><!--desk-in-out-voz08--><br \/>\n<!--publicidad-voz09--><!--bestpublic-voz09--><!--desk-in-out-voz09--><br \/>\n<!--publicidad-voz10--><!--bestpublic-voz10--><!--desk-in-out-voz10--><br \/>\n<!--publicidad-voz11--><!--bestpublic-voz11--><!--desk-in-out-voz11--><br \/>\n<!--publicidad-voz12--><!--bestpublic-voz12--><!--desk-in-out-voz12--><br \/>\n<!--publicidad-voz13--><!--bestpublic-voz13--><!--desk-in-out-voz13--><br \/>\n<!--publicidad-voz14--><!--bestpublic-voz14--><!--desk-in-out-voz14--><br \/>\n<!--publicidad-voz15--><!--bestpublic-voz15--><!--desk-in-out-voz15--><br \/>\n<!--publicidad-voz16--><!--bestpublic-voz16--><!--desk-in-out-voz16--><\/p>\n","protected":false},"excerpt":{"rendered":"<p>La Diputaci\u00f3n de Albacete ha celebrado la gala de clausura y entrega de premios de su 18\u00ba Circuito Provincial de BTT.<\/p>\n","protected":false},"author":2,"featured_media":160552,"comment_status":"closed","ping_status":"closed","sticky":false,"template":"","format":"standard","meta":{"footnotes":""},"categories":[761,718,715,716,717],"tags":[],"class_list":["post-160551","post","type-post","status-publish","format-standard","has-post-thumbnail","hentry","category-blog-lv042","category-blogger","category-la-voz-de-hellin","category-la-voz-de-hellin-la-voz-de-hellin","category-noticias"],"_links":{"self":[{"href":"https:\/\/lavozdehellin.com\/noticias\/wp-json\/wp\/v2\/posts\/160551","targetHints":{"allow":["GET"]}}],"collection":[{"href":"https:\/\/lavozdehellin.com\/noticias\/wp-json\/wp\/v2\/posts"}],"about":[{"href":"https:\/\/lavozdehellin.com\/noticias\/wp-json\/wp\/v2\/types\/post"}],"author":[{"embeddable":true,"href":"https:\/\/lavozdehellin.com\/noticias\/wp-json\/wp\/v2\/users\/2"}],"replies":[{"embeddable":true,"href":"https:\/\/lavozdehellin.com\/noticias\/wp-json\/wp\/v2\/comments?post=160551"}],"version-history":[{"count":0,"href":"https:\/\/lavozdehellin.com\/noticias\/wp-json\/wp\/v2\/posts\/160551\/revisions"}],"wp:featuredmedia":[{"embeddable":true,"href":"https:\/\/lavozdehellin.com\/noticias\/wp-json\/wp\/v2\/media\/160552"}],"wp:attachment":[{"href":"https:\/\/lavozdehellin.com\/noticias\/wp-json\/wp\/v2\/media?parent=160551"}],"wp:term":[{"taxonomy":"category","embeddable":true,"href":"https:\/\/lavozdehellin.com\/noticias\/wp-json\/wp\/v2\/categories?post=160551"},{"taxonomy":"post_tag","embeddable":true,"href":"https:\/\/lavozdehellin.com\/noticias\/wp-json\/wp\/v2\/tags?post=160551"}],"curies":[{"name":"wp","href":"https:\/\/api.w.org\/{rel}","templated":true}]}}