{"id":160554,"date":"2025-12-13T15:11:16","date_gmt":"2025-12-13T13:11:16","guid":{"rendered":"https:\/\/lavozdehellin.com\/noticias\/?p=160554"},"modified":"2025-12-15T18:06:44","modified_gmt":"2025-12-15T16:06:44","slug":"v10-473-lvh-noticias-el-gobierno-provincial-reconoce-la-labor-de-las-auxiliares-de-su-consorcio-de-servicios-sociales-motor-de-igualdad-dignidad-y-bienestar-social","status":"publish","type":"post","link":"https:\/\/lavozdehellin.com\/noticias\/v10-473-lvh-noticias-el-gobierno-provincial-reconoce-la-labor-de-las-auxiliares-de-su-consorcio-de-servicios-sociales-motor-de-igualdad-dignidad-y-bienestar-social\/","title":{"rendered":"LVH NOTICIAS | EL GOBIERNO PROVINCIAL RECONOCE LA LABOR DE LAS AUXILIARES DE SU CONSORCIO DE SERVICIOS SOCIALES, \u201cMOTOR DE IGUALDAD, DIGNIDAD Y BIENESTAR SOCIAL\u201d"},"content":{"rendered":"<p style=\"text-align: justify;\">El Consorcio de Servicios Sociales (CSS) de la Diputaci\u00f3n de Albacete ha celebrado este s\u00e1bado la tradicional gala de reconocimiento a sus auxiliares, con un homenaje especial a quienes este a\u00f1o despiden su etapa profesional y se jubilan.<\/p>\n<p><!--more--><br \/>\n<!--publicidad-voz01--><a href=\"https:\/\/www.facebook.com\/SoloRadioHellin\/?locale=es_ES\"><img decoding=\"async\" class=\"alignnone size-medium\" src=\"https:\/\/blogger.googleusercontent.com\/img\/b\/R29vZ2xl\/AVvXsEiNncirNnyGedv00mhjZjh5Wl4_YPdJGanoAl8tL8zH-HwqE8uHqjEfSt340RHdx-9tuCSIkZ8rFamZiGyYlgDGxCsmXjCH_1xk5eYM3ntFZRvJP_jndOKR7w1UAo9Tu0vrZyOLfqRpHIxYI5SymJJ-pfGCQw6QVpggBH-UgfjiFQ2JOxqxG0Jx94kW83c\/s1600\/logo-principal.jpg\" width=\"100%\" height=\"100\" \/><\/a><!--bestpublic-voz01--><!--desk-in-out-voz01--><br \/>\n<!--publicidad-voz02--><a href=\"https:\/\/www.hellincf.com\/\"><img decoding=\"async\" class=\"alignnone size-medium\" src=\"https:\/\/blogger.googleusercontent.com\/img\/b\/R29vZ2xl\/AVvXsEhuZ4-XfBVj3UtdP8-RZugy3WVrg-Zv28c53m4oV47qYCxL1rX_dqWX_YddsGSnpH5SRDqZ7bZeKPIfDVCDncpjVlhy3aQs2vojcJBn7Gdv9hC2_Nzct_pRFrnFE1a7KTCdY1bT_kAgnY3-iadRZrGeJf1fR2P5fu11bokx0pWjaypoy-ctwCjklldpEbA\/s1600\/logo-principal7.jpg\" width=\"100%\" height=\"100\" \/><\/a><!--bestpublic-voz02--><!--desk-in-out-voz02--><\/p>\n<p style=\"text-align: justify;\">La cita, celebrada en el Sal\u00f3n de Actos de la Diputaci\u00f3n, ha contado con la participaci\u00f3n del diputado de Sanidad y vicepresidente del organismo, Francisco Garc\u00eda, quien ha comenzado sus palabras trasladando, en nombre del presidente provincial, Santi Caba\u00f1ero, un mensaje de gratitud y reconocimiento \u201ca la labor imprescindible\u201d que desarrollan las profesionales de este Consorcio (el 98 por ciento, mujeres), a las que ha definido como \u201cuno de los pilares fundamentales del Estado del Bienestar en nuestra provincia\u201d.<\/p>\n<p style=\"text-align: justify;\">Adem\u00e1s, Garc\u00eda, acompa\u00f1ado del gerente (Fernando Soria), ha remarcado, precisamente, la importancia del Estado del Bienestar, subrayando que, junto a la educaci\u00f3n y a la sanidad p\u00fablicas, los servicios sociales son una parte esencial, a la que \u00e9l ha a\u00f1adido \u201cel empleo digno y la vivienda\u201d, incidiendo en el papel de las administraciones cuando las principales redes de apoyo social (\u201cprimero la familia y despu\u00e9s la vecindad\u201d) no pueden asumir los cuidados.<\/p>\n<p style=\"text-align: justify;\">\u201cEste Consorcio es uno de los recursos de justicia social e igualdad m\u00e1s importantes con los que contamos en esta Casa y vosotras sois sus verdaderas art\u00edfices; sois un motor de igualdad, dignidad y bienestar\u201d, ha firmado Garc\u00eda, recordando que \u201clleva 35 a\u00f1os funcionando y haci\u00e9ndolo muy bien, ampliando el alcance de los servicios que presta en 84 de los 87 municipios de la geograf\u00eda albacetense\u201d.<\/p>\n<p style=\"text-align: justify;\">Doce homenajeadas por su \u201ctrabajo, entrega y humanidad\u201d<\/p>\n<p style=\"text-align: justify;\">Durante su intervenci\u00f3n, el diputado ha tenido unas palabras especiales para las trabajadoras del Servicio de Ayuda a Domicilio que se jubilan este a\u00f1o: Mar\u00eda Gonz\u00e1lez Cebri\u00e1n (Alcal\u00e1 del J\u00facar), Mar\u00eda Peinado Bl\u00e1zquez (El Bonillo), Nieves Tierraseca Garc\u00eda (Chinchilla de Montearag\u00f3n), Granada Ruiz Alc\u00e1zar (Elche de la Sierra), Felipa C\u00f3rcoles Garc\u00eda (Munera), Francisca Morcillo Hern\u00e1ndez (Munera), Ana Rosa S\u00e1nchez S\u00e1nchez (Ontur), \u00c1ngela S\u00e1nchez Arteseros (Paterna del Madera), Emilia Mart\u00ednez Soria (Pe\u00f1ascosa), Valeriana Segura Segura (Ri\u00f3par), Mar\u00eda Pilar Tendero Picazo (Tarazona de la Mancha), Juana L\u00f3pez Ma\u00f1as (Yeste).<\/p>\n<p style=\"text-align: justify;\">\u201cGracias por vuestro trabajo, entrega y humanidad. No es un agradecimiento sin m\u00e1s: es un agradecimiento desde el cari\u00f1o, la admiraci\u00f3n y el reconocimiento m\u00e1s profundo, m\u00edo y del conjunto de la provincia, que hoy es mejor gracias a vuestra labor en este Consorcio\u201d, ha afirmado Garc\u00eda.<\/p>\n<p style=\"text-align: justify;\">El CSS \u201ctransforma realidades, que ganan en calidad de vida y bienestar social\u201d<\/p>\n<p style=\"text-align: justify;\">Tambi\u00e9n ha resaltado la exigencia emocional y t\u00e9cnica que implica trabajar en este \u00e1mbito social, apuntando que estas auxiliares \u201chacen mucho m\u00e1s de lo que es su trabajo: escuchan, orientan, atienden, calman y resuelven en entornos marcados por la fragilidad y la vulnerabilidad\u201d, y ha dejado claro que este acto es un peque\u00f1o reconocimiento no s\u00f3lo a lo que hacen, sino a c\u00f3mo lo hacen, aludiendo a la empat\u00eda, la paciencia y el cari\u00f1o con el que desempe\u00f1an su labor.<\/p>\n<p style=\"text-align: justify;\">Junto a esto, Garc\u00eda ha explicado que este Consorcio presta cinco servicios claves (Ayuda a Domicilio, Comida a Domicilio, Parque de Ayudas T\u00e9cnicas, Acompa\u00f1amiento Personal, Apoyo a la Atenci\u00f3n Domiciliaria y Plan de Formaci\u00f3n), convertido en una red de apoyo y compa\u00f1\u00eda \u201cque nos hace avanzar en igualdad de oportunidades y en dignidad\u201d.<\/p>\n<p style=\"text-align: justify;\">As\u00ed, ha detallado que este a\u00f1o se han prestado m\u00e1s de 531.000 horas, hasta noviembre, en el Servicio de Ayuda a Domicilio y casi 3.000 usuarios y usuarias han sido atendidos: el 65% de las personas atendidas son mayores de 80 a\u00f1os y casi un 17% mayores de 90 a\u00f1os.<\/p>\n<p style=\"text-align: justify;\">Del mismo modo, se ha se\u00f1alado que, a trav\u00e9s del Servicio de Comida a Domicilio, unas 1.000 personas \u201creciben men\u00fas calientes, equilibrados, adaptados a sus patolog\u00edas\u201d, con la previsi\u00f3n de llegar a m\u00e1s de 230.000 comidas servidas este a\u00f1o, un 10% m\u00e1s que en 2024. Siendo cerca del 41% personas mayores de 85 a\u00f1os.<br \/>\nUn instrumento de desarrollo rural al servicio de las personas<\/p>\n<p style=\"text-align: justify;\">Francisco Garc\u00eda ha aprovechado la ocasi\u00f3n para reafirmar el compromiso del Gobierno de Santi Caba\u00f1ero con este Consorcio, recordando que en los Presupuestos Provinciales para 2026 (aprobados este viernes) se ha vuelto a incrementar la partida destinada al mismo, que alcanza los 4.800.000 euros, para continuar sumando cotas de calidad y atenci\u00f3n a los vecinos y vecinas de esta provincia en l\u00ednea con la hoja de ruta de la instituci\u00f3n, \u201cen la que las personas son el centro de la acci\u00f3n pol\u00edtica\u201d.<\/p>\n<p style=\"text-align: justify;\">\u201cEste Consorcio es un instrumento de desarrollo rural\u201d, ha advertido Garc\u00eda, asegurando que \u201ccumple una doble funci\u00f3n, en la que atiende a las personas y genera empleo y poblaci\u00f3n\u201d, y ha subrayado que \u201cpermite que todos y todas, vivamos donde vivamos, podamos acceder a servicios esenciales que nos permiten permanecer en nuestro hogar y en nuestro entorno el mayor tiempo posible\u201d, agradeciendo el trabajo conjunto a la JCCM y a los ayuntamientos, y destacando que la de Albacete es la \u00fanica Diputaci\u00f3n que impulsa de esta forma en el sostenimiento de un recurso como \u00e9ste.<\/p>\n<p style=\"text-align: justify;\">Finalmente, el diputado de Sanidad ha concluido como comenzaba, con palabras de gratitud y reconocimiento a quienes dedican su vida a cuidar a otros: \u201cHoy celebramos a quienes cuidan, a quienes creen en la dignidad de cada persona. Es importante recordar que los cuidados no son una tarea silenciosa: son la fuerza que mantiene viva a nuestra sociedad. Gracias por ser parte de ese impulso imparable\u201d.<\/p>\n<p><!--publicidad-voz03--><a href=\"https:\/\/www.facebook.com\/profile.php?id=100063593791305&amp;locale=es_ES\"><img decoding=\"async\" class=\"alignnone size-medium\" src=\"https:\/\/blogger.googleusercontent.com\/img\/b\/R29vZ2xl\/AVvXsEi8_n_ll8UOcGxCqzFvb_9Io4ICczlGC990BPtPj2w9Px-u7B3oqWUW5vtjZUqPNJ-nyjiUIorE0ATsib_l5tV8BVN-UJ03RTnU__IHJF_4DgDBtY4LIqXNG-FomrO-7ywes20CBCRM2Hcm7EJSh3UUw1dO-c_uTflUrtgY1i7uBRezj_DpympmEFkfbQY\/s1600\/logo-principal2.jpg\" width=\"100%\" height=\"100\" \/><\/a><!--bestpublic-voz03--><!--desk-in-out-voz03--><br \/>\n<!--publicidad-voz04--><a href=\"https:\/\/www.facebook.com\/profile.php?id=61557370768692&amp;locale=es_ES\"><img decoding=\"async\" class=\"alignnone size-medium\" src=\"https:\/\/blogger.googleusercontent.com\/img\/b\/R29vZ2xl\/AVvXsEgy5RdcfffrnrItnYTcV9bCJjgJwldsQLWssfVfrLbyfXeBNTFKgBf0rMIvhrUaGUhiXzVr9_eQgCbi-j63ZDpfTvLIty9w7s140y-m1yHe7eKmEK7v2NAHUJDVYGdfeiQFeRCqUjdwWmN1MX_AUxxz4IVdJ4WIM0APxit8bjWkXzrnEFGqBvW_1F13H1g\/s1600\/logo-principal5.jpg\" width=\"100%\" height=\"100\" \/><\/a><!--bestpublic-voz04--><!--desk-in-out-voz04--><br \/>\n<!--publicidad-voz05--><a href=\"https:\/\/www.facebook.com\/asociaciontamborileroshellin?locale=es_ES\"><img decoding=\"async\" class=\"alignnone size-medium\" src=\"https:\/\/blogger.googleusercontent.com\/img\/b\/R29vZ2xl\/AVvXsEhHEEpZsKK1VpwiYMrS7aE2ujtqIDZoLd4B5wtbiseSU9s2HdTdQfhF84So2XwEB1fv0BLw95GADm6hUl1bkKtzh-eIgVigXONuu_5RxeIMPhjk8q6uNX4EaEHbooKkbu7pCADWPpVJjhKIH5NQSJpWqedC-YBez4QAQeJYokkLot9bhrIaUAeztsGis6M\/s1600\/logo-principal3.jpg\" width=\"100%\" height=\"100\" \/><\/a><!--bestpublic-voz05--><!--desk-in-out-voz05--><br \/>\n<!--publicidad-voz06--><!--bestpublic-voz06--><!--desk-in-out-voz06--><br \/>\n<!--publicidad-voz07--><!--bestpublic-voz07--><!--desk-in-out-voz07--><br \/>\n<!--publicidad-voz08--><!--bestpublic-voz08--><!--desk-in-out-voz08--><br \/>\n<!--publicidad-voz09--><!--bestpublic-voz09--><!--desk-in-out-voz09--><br \/>\n<!--publicidad-voz10--><!--bestpublic-voz10--><!--desk-in-out-voz10--><br \/>\n<!--publicidad-voz11--><!--bestpublic-voz11--><!--desk-in-out-voz11--><br \/>\n<!--publicidad-voz12--><!--bestpublic-voz12--><!--desk-in-out-voz12--><br \/>\n<!--publicidad-voz13--><!--bestpublic-voz13--><!--desk-in-out-voz13--><br \/>\n<!--publicidad-voz14--><!--bestpublic-voz14--><!--desk-in-out-voz14--><br \/>\n<!--publicidad-voz15--><!--bestpublic-voz15--><!--desk-in-out-voz15--><br \/>\n<!--publicidad-voz16--><!--bestpublic-voz16--><!--desk-in-out-voz16--><\/p>\n","protected":false},"excerpt":{"rendered":"<p>El Consorcio de Servicios Sociales (CSS) de la Diputaci\u00f3n de Albacete ha celebrado este s\u00e1bado la tradicional gala de reconocimiento a sus auxiliares, con un homenaje especial a quienes este&#8230;<\/p>\n","protected":false},"author":2,"featured_media":160555,"comment_status":"closed","ping_status":"closed","sticky":false,"template":"","format":"standard","meta":{"footnotes":""},"categories":[761,718,715,716,717],"tags":[],"class_list":["post-160554","post","type-post","status-publish","format-standard","has-post-thumbnail","hentry","category-blog-lv042","category-blogger","category-la-voz-de-hellin","category-la-voz-de-hellin-la-voz-de-hellin","category-noticias"],"_links":{"self":[{"href":"https:\/\/lavozdehellin.com\/noticias\/wp-json\/wp\/v2\/posts\/160554","targetHints":{"allow":["GET"]}}],"collection":[{"href":"https:\/\/lavozdehellin.com\/noticias\/wp-json\/wp\/v2\/posts"}],"about":[{"href":"https:\/\/lavozdehellin.com\/noticias\/wp-json\/wp\/v2\/types\/post"}],"author":[{"embeddable":true,"href":"https:\/\/lavozdehellin.com\/noticias\/wp-json\/wp\/v2\/users\/2"}],"replies":[{"embeddable":true,"href":"https:\/\/lavozdehellin.com\/noticias\/wp-json\/wp\/v2\/comments?post=160554"}],"version-history":[{"count":0,"href":"https:\/\/lavozdehellin.com\/noticias\/wp-json\/wp\/v2\/posts\/160554\/revisions"}],"wp:featuredmedia":[{"embeddable":true,"href":"https:\/\/lavozdehellin.com\/noticias\/wp-json\/wp\/v2\/media\/160555"}],"wp:attachment":[{"href":"https:\/\/lavozdehellin.com\/noticias\/wp-json\/wp\/v2\/media?parent=160554"}],"wp:term":[{"taxonomy":"category","embeddable":true,"href":"https:\/\/lavozdehellin.com\/noticias\/wp-json\/wp\/v2\/categories?post=160554"},{"taxonomy":"post_tag","embeddable":true,"href":"https:\/\/lavozdehellin.com\/noticias\/wp-json\/wp\/v2\/tags?post=160554"}],"curies":[{"name":"wp","href":"https:\/\/api.w.org\/{rel}","templated":true}]}}