{"id":160560,"date":"2025-11-14T12:28:56","date_gmt":"2025-11-14T10:28:56","guid":{"rendered":"https:\/\/lavozdehellin.com\/noticias\/?p=160560"},"modified":"2025-12-15T18:06:44","modified_gmt":"2025-12-15T16:06:44","slug":"v10-471-lvh-noticias-la-feria-de-la-nuez-de-nerpio-celebra-del-21-al-23-de-noviembre-su-20o-aniversario-con-el-respaldo-de-la-diputacion-de-albacete","status":"publish","type":"post","link":"https:\/\/lavozdehellin.com\/noticias\/v10-471-lvh-noticias-la-feria-de-la-nuez-de-nerpio-celebra-del-21-al-23-de-noviembre-su-20o-aniversario-con-el-respaldo-de-la-diputacion-de-albacete\/","title":{"rendered":"LVH NOTICIAS | LA FERIA DE LA NUEZ DE NERPIO CELEBRA DEL 21 AL 23 DE NOVIEMBRE SU 20\u00ba ANIVERSARIO CON EL RESPALDO DE LA DIPUTACI\u00d3N DE ALBACETE"},"content":{"rendered":"<p style=\"text-align: justify;\">La Diputaci\u00f3n de Albacete ha acogido este viernes la presentaci\u00f3n oficial de la 20\u00aa edici\u00f3n de la Feria de la Nuez y Productos Tradicionales de Nerpio, que tendr\u00e1 lugar del 21 al 23 de noviembre y que volver\u00e1 a convertir a la localidad serrana en epicentro regional de identidad, tradici\u00f3n y producto.<\/p>\n<p><!--more--><br \/>\n<!--publicidad-voz01--><a href=\"https:\/\/www.facebook.com\/SoloRadioHellin\/?locale=es_ES\"><img decoding=\"async\" class=\"alignnone size-medium\" src=\"https:\/\/blogger.googleusercontent.com\/img\/b\/R29vZ2xl\/AVvXsEiNncirNnyGedv00mhjZjh5Wl4_YPdJGanoAl8tL8zH-HwqE8uHqjEfSt340RHdx-9tuCSIkZ8rFamZiGyYlgDGxCsmXjCH_1xk5eYM3ntFZRvJP_jndOKR7w1UAo9Tu0vrZyOLfqRpHIxYI5SymJJ-pfGCQw6QVpggBH-UgfjiFQ2JOxqxG0Jx94kW83c\/s1600\/logo-principal.jpg\" width=\"100%\" height=\"100\" \/><\/a><!--bestpublic-voz01--><!--desk-in-out-voz01--><br \/>\n<!--publicidad-voz02--><a href=\"https:\/\/www.hellincf.com\/\"><img decoding=\"async\" class=\"alignnone size-medium\" src=\"https:\/\/blogger.googleusercontent.com\/img\/b\/R29vZ2xl\/AVvXsEhuZ4-XfBVj3UtdP8-RZugy3WVrg-Zv28c53m4oV47qYCxL1rX_dqWX_YddsGSnpH5SRDqZ7bZeKPIfDVCDncpjVlhy3aQs2vojcJBn7Gdv9hC2_Nzct_pRFrnFE1a7KTCdY1bT_kAgnY3-iadRZrGeJf1fR2P5fu11bokx0pWjaypoy-ctwCjklldpEbA\/s1600\/logo-principal7.jpg\" width=\"100%\" height=\"100\" \/><\/a><!--bestpublic-voz02--><!--desk-in-out-voz02--><\/p>\n<p style=\"text-align: justify;\">Una cita plenamente consolidada que vive su tercer a\u00f1o bajo la Denominaci\u00f3n de Origen Protegida \u2018Nueces de Nerpio\u2019, la \u00fanica DO supraauton\u00f3mica del pa\u00eds que incluye el nombre de un municipio de Castilla-La Mancha.<\/p>\n<p style=\"text-align: justify;\">En la presentaci\u00f3n han intervenido la diputada provincial de Turismo y coordinadora del \u00c1rea de Desarrollo Rural, Raquel Ruiz; el alcalde de Nerpio (y diputado provincial), Jos\u00e9 Antonio G\u00f3mez; y el delegado provincial de Agricultura, Ganader\u00eda y Desarrollo Rural de la JCCM, Ram\u00f3n S\u00e1ez, cuya presencia \u2014tal y como ha subrayado la diputada\u2014 simboliza la colaboraci\u00f3n institucional para impulsar un evento que \u201ces mucho m\u00e1s que una feria gastron\u00f3mica\u201d. La presentaci\u00f3n ha contado tambi\u00e9n con la asistencia de la segunda teniente de alcalde y concejala de Turismo de Nerpio, Ana Bel\u00e9n \u00c1lvarez, y otros miembros del equipo de gobierno nerpiano.<\/p>\n<p style=\"text-align: justify;\">Una feria que identifica a Nerpio y que ha crecido gracias al esfuerzo colectivo<\/p>\n<p style=\"text-align: justify;\">En su intervenci\u00f3n, Raquel Ruiz ha destacado que este evento \u201ces uno de los m\u00e1s consolidados y atractivos de la provincia, no s\u00f3lo por su programaci\u00f3n, sino por el gran ambiente que genera\u201d. Ha subrayado que en estas dos d\u00e9cadas \u201cNerpio ha sabido convertir su producto m\u00e1s emblem\u00e1tico en una herramienta de desarrollo, orgullo y futuro\u201d, recordando que la Feria atrajo en su \u00faltima edici\u00f3n a m\u00e1s de 8.000 visitantes, una cifra especialmente relevante para un municipio de apenas 1.200 habitantes.<\/p>\n<p style=\"text-align: justify;\">Ruiz ha puesto en valor el trabajo conjunto del Ayuntamiento, del tejido asociativo, empresarial y, especialmente, de los vecinos y vecinas, \u201csin cuya implicaci\u00f3n ser\u00eda imposible sacar adelante un evento de esta magnitud\u201d. Ha insistido en que \u201cel \u00e9xito de esta Feria es la suma de muchos esfuerzos y de la colaboraci\u00f3n entre administraciones\u201d, y ha reiterado el compromiso de la Diputaci\u00f3n con Nerpio y con la Feria, que este a\u00f1o vuelve a respaldarse mediante dos convenios que suman 9.000 euros, uno con el Ayuntamiento y otro con la Asociaci\u00f3n para la Promoci\u00f3n de la Nuez de Nerpio.<\/p>\n<p style=\"text-align: justify;\">Una colaboraci\u00f3n que la diputada ha asegurado que \u201cva a continuar\u201d, porque apoyar iniciativas como \u00e9sta significa \u201cimpulsar nuestros pueblos desde lo que somos, desde nuestros productos, nuestra gastronom\u00eda, nuestras tradiciones y nuestra gente\u201d.<\/p>\n<p style=\"text-align: justify;\">La ganader\u00eda, la otra gran columna vertebral de la Feria<\/p>\n<p style=\"text-align: justify;\">El delegado provincial de Agricultura, Ram\u00f3n S\u00e1ez, ha recordado que la DO Nueces de Nerpio es un logro \u201cfruto de muchos a\u00f1os de trabajo\u201d, una denominaci\u00f3n de origen peque\u00f1a \u2014193 hect\u00e1reas de cultivo tradicional con nogales centenarios\u2014 pero con un valor ecol\u00f3gico y cultural enorme. Pero, adem\u00e1s, S\u00e1ez ha puesto el acento en la dimensi\u00f3n ganadera del municipio: \u201cNerpio es el pueblo m\u00e1s ganadero de la provincia de Albacete\u201d, ha afirmado, hablando de las 134 explotaciones de ovino, caprino, vacuno y apicultura que integra en el que es un dato excepcional para un municipio de su tama\u00f1o.<\/p>\n<p style=\"text-align: justify;\">Por ello, ha se\u00f1alado que, aunque la nuez es el hilo conductor de la Feria, \u201cla ganader\u00eda es una de sus partes m\u00e1s importantes\u201d, subrayando la relevancia del cordero segure\u00f1o y de la cabra blanca celtib\u00e9rica, as\u00ed como la calidad de los productos locales que nutren las degustaciones y propuestas gastron\u00f3micas del fin de semana.<\/p>\n<p style=\"text-align: justify;\">S\u00e1ez ha animado a visitar la Feria porque \u201cprobablemente sea la feria ganadera m\u00e1s importante de la provincia\u201d, y ha elogiado el papel de Nerpio como referente en la preservaci\u00f3n de razas aut\u00f3ctonas, usos tradicionales y manejo extensivo ligado al territorio.<\/p>\n<p style=\"text-align: justify;\">Premios y homenajes en una edici\u00f3n especial<\/p>\n<p style=\"text-align: justify;\">El alcalde de Nerpio, Jos\u00e9 Antonio G\u00f3mez, ha agradecido la implicaci\u00f3n de la Diputaci\u00f3n y de la JCCM y ha destacado que la Feria es \u201cun motivo de orgullo para todo el municipio\u201d, fruto del trabajo iniciado en 2005 por las asociaciones y colectivos locales, especialmente la Asociaci\u00f3n de Mujeres y los ganaderos, que estuvieron presentes desde la primera edici\u00f3n.<\/p>\n<p style=\"text-align: justify;\">G\u00f3mez ha anunciado que, por prudencia sanitaria y para proteger al sector, este a\u00f1o no habr\u00e1 exposici\u00f3n de ganado ni aves, pero ha insistido en que la ganader\u00eda seguir\u00e1 teniendo una presencia esencial en la programaci\u00f3n y en las degustaciones.<\/p>\n<p style=\"text-align: justify;\">Ha confirmado que el Premio Nuez de Oro de este a\u00f1o recaer\u00e1 en la Asociaci\u00f3n de Ganaderos de Nerpio, \u201cun reconocimiento merecid\u00edsimo por su implicaci\u00f3n hist\u00f3rica con la Feria y con el municipio\u201d. Como Embajador de la Nuez de Nerpio 2025, el Ayuntamiento proclamar\u00e1 al maestro panadero Miguel \u00c1ngel Sahuquillo, de \u2018Vamos de Pan\u2019, muy vinculado al uso de harina de nuez y a la elaboraci\u00f3n de productos exclusivos para la Feria.<\/p>\n<p style=\"text-align: justify;\">Con motivo del 20\u00ba aniversario, se reconocer\u00e1 a las corporaciones municipales, colectivos, asociaciones y personas que, en estos veinte a\u00f1os, han contribuido a consolidar la cita y a lograr que sea hoy Fiesta de Inter\u00e9s Tur\u00edstico Regional.<\/p>\n<p style=\"text-align: justify;\">Un fin de semana lleno de tradici\u00f3n, gastronom\u00eda, actividades y m\u00fasica<\/p>\n<p style=\"text-align: justify;\">La Feria arrancar\u00e1 el viernes 21 con la Gala de inauguraci\u00f3n y se extender\u00e1 durante todo el fin de semana con talleres de oficios tradicionales, demostraciones de orujo, esencias, embutidos, dulces, esquilo, orde\u00f1o o fabricaci\u00f3n de cencerros; actividades infantiles de arte rupestre, alfarer\u00eda y cocina; degustaciones de cabrito blanco celtib\u00e9rico y cordero segure\u00f1o; show cookings; y un mercado agroalimentario y artesanal con m\u00e1s de 30 puestos.<\/p>\n<p style=\"text-align: justify;\">Las calles y plazas del casco antiguo se llenar\u00e1n de m\u00fasica en directo con las m\u00edticas cuadrillas de la zona, grupos locales y artistas como El\u00edas Soler, Aire Puro o el Grupo Marlene, generando ambiente festivo \u00fanico que se prolongar\u00e1 hasta la noche del s\u00e1bado, preludio a un domingo que traer\u00e1 nuevas actividades y el cierre oficial.<\/p>\n<p style=\"text-align: justify;\">El alcalde ha subrayado que \u201cNerpio es un municipio que hay que visitar para entenderlo\u201d, recordando su patrimonio natural, su gastronom\u00eda, su cielo \u2014con el observatorio Astrocam, desde el que se tomaba la foto que este a\u00f1o ha sido reconocida como la mejor del universo\u2014 y su excepcional conjunto de arte rupestre, Patrimonio de la Humanidad.<\/p>\n<p style=\"text-align: justify;\">Ruiz, S\u00e1ez y G\u00f3mez han coincidido en invitar a toda la ciudadan\u00eda a visitar Nerpio, especialmente, del 21 al 23 de noviembre, para disfrutar de un evento que construye futuro con ra\u00edces (para recordar siempre de d\u00f3nde viene) y alas (para seguir creciendo sin renunciar a su identidad). \u201cNerpio espera con sus mejores productos, su mejor ambiente y la hospitalidad que lo caracteriza\u201d, ha concluido con orgullo el alcalde.<\/p>\n<p><!--publicidad-voz03--><a href=\"https:\/\/www.facebook.com\/profile.php?id=100063593791305&amp;locale=es_ES\"><img decoding=\"async\" class=\"alignnone size-medium\" src=\"https:\/\/blogger.googleusercontent.com\/img\/b\/R29vZ2xl\/AVvXsEi8_n_ll8UOcGxCqzFvb_9Io4ICczlGC990BPtPj2w9Px-u7B3oqWUW5vtjZUqPNJ-nyjiUIorE0ATsib_l5tV8BVN-UJ03RTnU__IHJF_4DgDBtY4LIqXNG-FomrO-7ywes20CBCRM2Hcm7EJSh3UUw1dO-c_uTflUrtgY1i7uBRezj_DpympmEFkfbQY\/s1600\/logo-principal2.jpg\" width=\"100%\" height=\"100\" \/><\/a><!--bestpublic-voz03--><!--desk-in-out-voz03--><br \/>\n<!--publicidad-voz04--><a href=\"https:\/\/www.facebook.com\/profile.php?id=61557370768692&amp;locale=es_ES\"><img decoding=\"async\" class=\"alignnone size-medium\" src=\"https:\/\/blogger.googleusercontent.com\/img\/b\/R29vZ2xl\/AVvXsEgy5RdcfffrnrItnYTcV9bCJjgJwldsQLWssfVfrLbyfXeBNTFKgBf0rMIvhrUaGUhiXzVr9_eQgCbi-j63ZDpfTvLIty9w7s140y-m1yHe7eKmEK7v2NAHUJDVYGdfeiQFeRCqUjdwWmN1MX_AUxxz4IVdJ4WIM0APxit8bjWkXzrnEFGqBvW_1F13H1g\/s1600\/logo-principal5.jpg\" width=\"100%\" height=\"100\" \/><\/a><!--bestpublic-voz04--><!--desk-in-out-voz04--><br \/>\n<!--publicidad-voz05--><a href=\"https:\/\/www.facebook.com\/asociaciontamborileroshellin?locale=es_ES\"><img decoding=\"async\" class=\"alignnone size-medium\" src=\"https:\/\/blogger.googleusercontent.com\/img\/b\/R29vZ2xl\/AVvXsEhHEEpZsKK1VpwiYMrS7aE2ujtqIDZoLd4B5wtbiseSU9s2HdTdQfhF84So2XwEB1fv0BLw95GADm6hUl1bkKtzh-eIgVigXONuu_5RxeIMPhjk8q6uNX4EaEHbooKkbu7pCADWPpVJjhKIH5NQSJpWqedC-YBez4QAQeJYokkLot9bhrIaUAeztsGis6M\/s1600\/logo-principal3.jpg\" width=\"100%\" height=\"100\" \/><\/a><!--bestpublic-voz05--><!--desk-in-out-voz05--><br \/>\n<!--publicidad-voz06--><!--bestpublic-voz06--><!--desk-in-out-voz06--><br \/>\n<!--publicidad-voz07--><!--bestpublic-voz07--><!--desk-in-out-voz07--><br \/>\n<!--publicidad-voz08--><!--bestpublic-voz08--><!--desk-in-out-voz08--><br \/>\n<!--publicidad-voz09--><!--bestpublic-voz09--><!--desk-in-out-voz09--><br \/>\n<!--publicidad-voz10--><!--bestpublic-voz10--><!--desk-in-out-voz10--><br \/>\n<!--publicidad-voz11--><!--bestpublic-voz11--><!--desk-in-out-voz11--><br \/>\n<!--publicidad-voz12--><!--bestpublic-voz12--><!--desk-in-out-voz12--><br \/>\n<!--publicidad-voz13--><!--bestpublic-voz13--><!--desk-in-out-voz13--><br \/>\n<!--publicidad-voz14--><!--bestpublic-voz14--><!--desk-in-out-voz14--><br \/>\n<!--publicidad-voz15--><!--bestpublic-voz15--><!--desk-in-out-voz15--><br \/>\n<!--publicidad-voz16--><!--bestpublic-voz16--><!--desk-in-out-voz16--><\/p>\n","protected":false},"excerpt":{"rendered":"<p>La Diputaci\u00f3n de Albacete ha acogido este viernes la presentaci\u00f3n oficial de la 20\u00aa edici\u00f3n de la Feria de la Nuez y Productos Tradicionales de Nerpio, que tendr\u00e1 lugar del&#8230;<\/p>\n","protected":false},"author":2,"featured_media":160561,"comment_status":"closed","ping_status":"closed","sticky":false,"template":"","format":"standard","meta":{"footnotes":""},"categories":[761,718,715,716,717],"tags":[],"class_list":["post-160560","post","type-post","status-publish","format-standard","has-post-thumbnail","hentry","category-blog-lv042","category-blogger","category-la-voz-de-hellin","category-la-voz-de-hellin-la-voz-de-hellin","category-noticias"],"_links":{"self":[{"href":"https:\/\/lavozdehellin.com\/noticias\/wp-json\/wp\/v2\/posts\/160560","targetHints":{"allow":["GET"]}}],"collection":[{"href":"https:\/\/lavozdehellin.com\/noticias\/wp-json\/wp\/v2\/posts"}],"about":[{"href":"https:\/\/lavozdehellin.com\/noticias\/wp-json\/wp\/v2\/types\/post"}],"author":[{"embeddable":true,"href":"https:\/\/lavozdehellin.com\/noticias\/wp-json\/wp\/v2\/users\/2"}],"replies":[{"embeddable":true,"href":"https:\/\/lavozdehellin.com\/noticias\/wp-json\/wp\/v2\/comments?post=160560"}],"version-history":[{"count":0,"href":"https:\/\/lavozdehellin.com\/noticias\/wp-json\/wp\/v2\/posts\/160560\/revisions"}],"wp:featuredmedia":[{"embeddable":true,"href":"https:\/\/lavozdehellin.com\/noticias\/wp-json\/wp\/v2\/media\/160561"}],"wp:attachment":[{"href":"https:\/\/lavozdehellin.com\/noticias\/wp-json\/wp\/v2\/media?parent=160560"}],"wp:term":[{"taxonomy":"category","embeddable":true,"href":"https:\/\/lavozdehellin.com\/noticias\/wp-json\/wp\/v2\/categories?post=160560"},{"taxonomy":"post_tag","embeddable":true,"href":"https:\/\/lavozdehellin.com\/noticias\/wp-json\/wp\/v2\/tags?post=160560"}],"curies":[{"name":"wp","href":"https:\/\/api.w.org\/{rel}","templated":true}]}}