{"id":160564,"date":"2025-11-13T21:26:38","date_gmt":"2025-11-13T19:26:38","guid":{"rendered":"https:\/\/lavozdehellin.com\/noticias\/?p=160564"},"modified":"2025-12-15T18:06:44","modified_gmt":"2025-12-15T16:06:44","slug":"v10-470-lvh-noticias-cabanero-celebra-el-25o-aniversario-de-la-d-o-manchuela-una-historia-de-exito-destacando-su-papel-como-motor-economico-y-social-y-la-capacidad-del-sector-vitivinico","status":"publish","type":"post","link":"https:\/\/lavozdehellin.com\/noticias\/v10-470-lvh-noticias-cabanero-celebra-el-25o-aniversario-de-la-d-o-manchuela-una-historia-de-exito-destacando-su-papel-como-motor-economico-y-social-y-la-capacidad-del-sector-vitivinico\/","title":{"rendered":"LVH NOTICIAS | CABA\u00d1ERO CELEBRA EL 25\u00ba ANIVERSARIO DE LA D.O. MANCHUELA, \u201cUNA HISTORIA DE \u00c9XITO\u201d, DESTACANDO SU PAPEL COMO MOTOR ECON\u00d3MICO Y SOCIAL Y LA CAPACIDAD DEL SECTOR VITIVIN\u00cdCOLA PARA FIJAR POBLACI\u00d3N"},"content":{"rendered":"<p style=\"text-align: justify;\">El presidente de la Diputaci\u00f3n de Albacete, Santi Caba\u00f1ero, junto a la diputada de ATM, Llanos S\u00e1nchez, ha participado en el acto conmemorativo del 25\u00ba aniversario de la Denominaci\u00f3n de Origen Manchuela, celebrado esta tarde en el Casino Primitivo de la ciudad.<\/p>\n<p><!--more--><br \/>\n<!--publicidad-voz01--><a href=\"https:\/\/www.facebook.com\/SoloRadioHellin\/?locale=es_ES\"><img decoding=\"async\" class=\"alignnone size-medium\" src=\"https:\/\/blogger.googleusercontent.com\/img\/b\/R29vZ2xl\/AVvXsEiNncirNnyGedv00mhjZjh5Wl4_YPdJGanoAl8tL8zH-HwqE8uHqjEfSt340RHdx-9tuCSIkZ8rFamZiGyYlgDGxCsmXjCH_1xk5eYM3ntFZRvJP_jndOKR7w1UAo9Tu0vrZyOLfqRpHIxYI5SymJJ-pfGCQw6QVpggBH-UgfjiFQ2JOxqxG0Jx94kW83c\/s1600\/logo-principal.jpg\" width=\"100%\" height=\"100\" \/><\/a><!--bestpublic-voz01--><!--desk-in-out-voz01--><br \/>\n<!--publicidad-voz02--><a href=\"https:\/\/www.hellincf.com\/\"><img decoding=\"async\" class=\"alignnone size-medium\" src=\"https:\/\/blogger.googleusercontent.com\/img\/b\/R29vZ2xl\/AVvXsEhuZ4-XfBVj3UtdP8-RZugy3WVrg-Zv28c53m4oV47qYCxL1rX_dqWX_YddsGSnpH5SRDqZ7bZeKPIfDVCDncpjVlhy3aQs2vojcJBn7Gdv9hC2_Nzct_pRFrnFE1a7KTCdY1bT_kAgnY3-iadRZrGeJf1fR2P5fu11bokx0pWjaypoy-ctwCjklldpEbA\/s1600\/logo-principal7.jpg\" width=\"100%\" height=\"100\" \/><\/a><!--bestpublic-voz02--><!--desk-in-out-voz02--><\/p>\n<p style=\"text-align: justify;\">Junto a diputados del Grupo Popular; al presidente de la D.O., Juan Descalzo; al consejero de Agricultura, Ganader\u00eda y Desarrollo Rural, Juli\u00e1n Mart\u00ednez; y al diputado de la Diputaci\u00f3n de Cuenca, Francisco Cebri\u00e1n, Caba\u00f1ero ha felicitado a esta gran \u2018familia\u2019 por un cuarto de siglo de \u201cesfuerzo colectivo, orgullo comarcal y crecimiento sostenible\u201d, y ha reconocido y agradecido p\u00fablicamente el trabajo, la implicaci\u00f3n y el compromiso de sus fundadores y presidentes, pero tambi\u00e9n el papel fundamental de las bodegas, cooperativas, viticultores, viticultoras, etn\u00f3logos y personal t\u00e9cnico que la integran, con un gui\u00f1o especial a Ana y Manoli, \u201cel alma y el coraz\u00f3n de esta organizaci\u00f3n\u201d.<\/p>\n<p style=\"text-align: justify;\">Natural de esta comarca y gran conocedor del valor humano y econ\u00f3mico del vi\u00f1edo, el presidente de la Diputaci\u00f3n ha se\u00f1alado que ha seguido en persona \u201cesta historia de \u00e9xito\u201d porque ha tenido \u201cla suerte\u201d, como m\u00e1ximo responsable del Grupo de Desarrollo Rural de La Manchuela durante 8 a\u00f1os, de compartir despacho con esta DO, \u201cy aprend\u00ed mucho del valor que aportan a nuestra provincia en general y a nuestra comarca en particular\u201d.<\/p>\n<p style=\"text-align: justify;\">\u201cEl vino es el sector por excelencia de esta provincia\u201d<\/p>\n<p style=\"text-align: justify;\">Adem\u00e1s, ha asegurado que \u00e9ste no es s\u00f3lo un sector importante para nuestra tierra, calific\u00e1ndolo como \u201cel sector por excelencia de la provincia de Albacete\u201d, y ha acompa\u00f1ado sus palabras de razones \u201ccualitativas y cuantitativas\u201d.<\/p>\n<p style=\"text-align: justify;\">As\u00ed, ha apuntado que el vino representa el 5 por ciento del PIB regional, al tiempo que ha reivindicado su valor social, m\u00e1s all\u00e1 de su capacidad para generar riqueza y empleo, aludiendo a su aportaci\u00f3n a \u201cla geograf\u00eda paisaj\u00edstica y humana y a la identidad cultural\u201d.<\/p>\n<p style=\"text-align: justify;\">\u201cEn nuestra tierra la geograf\u00eda f\u00edsica no se entender\u00eda sin nuestro vi\u00f1edos, sin estos llanos de las manchuelas, y tampoco la geograf\u00eda humana ser\u00eda la misma sin lo que ha supuesto el mundo del vino para esta comarca, su cultura, su historia\u2026\u201d, ha afirmado Caba\u00f1ero.<\/p>\n<p style=\"text-align: justify;\">Del mismo modo, el presidente de la Diputaci\u00f3n ha querido poner de manifiesto la contribuci\u00f3n que el sector vitivin\u00edcola ha tenido para esta provincia en t\u00e9rminos sociales, asegurando que en los a\u00f1os 60 y 70, \u201clas cooperativas del vino fueron el dique de contenci\u00f3n contra la despoblaci\u00f3n, y se puede comprobar todav\u00eda hoy c\u00f3mo los espacios de vi\u00f1a est\u00e1n menos despoblados que aquellos en los que se apost\u00f3 por otras formas de econom\u00eda\u201d.<\/p>\n<p style=\"text-align: justify;\">Orgullo y respaldo de la Diputaci\u00f3n<\/p>\n<p style=\"text-align: justify;\">En esta l\u00ednea, Caba\u00f1ero se ha referido \u201cal orgullo\u201d que supone para Albacete contar con una DO como \u00e9sta, \u201cque une dos provincias\u201d, las manchuelas albacetense y conquense, y que es sin\u00f3nimo de calidad, autenticidad y orgullo rural desde que en 1997 se impuls\u00f3 la asociaci\u00f3n Pro-Vinos, hasta el reconocimiento oficial en 2000 y la transformaci\u00f3n en Interprofesional en 2017, advirtiendo que han recorrido \u201cun camino admirable\u201d.<\/p>\n<p style=\"text-align: justify;\">Y en la actualidad la DO Manchuela agrupa a 26 municipios de albacetenses y conquenses, con 37 bodegas asociadas, cerca de 1.500 viticultores en una superficie de cultivo cercana a las 17.000 hect\u00e1reas, con casi un mill\u00f3n de hectolitros de producci\u00f3n al a\u00f1o y que exporta el 90 por ciento a pa\u00edses de los cinco continentes, \u201ccreciendo sin perder las ra\u00edces\u201d.<\/p>\n<p style=\"text-align: justify;\">Durante su intervenci\u00f3n Caba\u00f1ero ha reafirmado el apoyo, el respaldo y el compromiso de su Gobierno con el sector vitivin\u00edcola y con esta DO, \u201cporque sabemos que apostar por el vino es apostar por nuestra tierra\u201d.<\/p>\n<p style=\"text-align: justify;\">De hecho, la Diputaci\u00f3n de Albacete mantiene un apoyo continuado en el tiempo al sector agroalimentario y vitivin\u00edcola, con un aumento en los \u00faltimos a\u00f1os de las ayudas a las Denominaciones de Origen que conviven en la provincia (hasta los 48.000 euros) y tambi\u00e9n para las Rutas del Vino (hasta los 24.000 euros). Con una inversi\u00f3n global en el sector agroalimentario provincial que ronda los 300.000 euros anuales, a los que se une el apoyo que presta a trav\u00e9s de su Instituto T\u00e9cnico Agron\u00f3mico Provincial (ITAP) y colaboraciones con FEDA o con otras asociaciones empresariales en la promoci\u00f3n del vino, la hosteler\u00eda y el turismo, as\u00ed como una f\u00e9rrea coordinaci\u00f3n con el Gobierno regional en la estrategia de calidad, sostenibilidad y valor a\u00f1adido para el vino embotellado.<\/p>\n<p style=\"text-align: justify;\">Felicitaciones a las personas reconocidas<\/p>\n<p style=\"text-align: justify;\">Finalmente, Caba\u00f1ero ha felicitado a quienes han sido reconocidos en este acto, ensalzando su contribuci\u00f3n al sector y a esta D.O. Se trata de los presidentes de la D.O. Manchuela, t\u00e9cnicos y colaboradores del CEDER La Manchuela y de la Caja Rural de Villamalea, as\u00ed como a viticultores y bodegueros, entre otras personalidades vinculadas al mundo del vino.<\/p>\n<p><!--publicidad-voz03--><a href=\"https:\/\/www.facebook.com\/profile.php?id=100063593791305&amp;locale=es_ES\"><img decoding=\"async\" class=\"alignnone size-medium\" src=\"https:\/\/blogger.googleusercontent.com\/img\/b\/R29vZ2xl\/AVvXsEi8_n_ll8UOcGxCqzFvb_9Io4ICczlGC990BPtPj2w9Px-u7B3oqWUW5vtjZUqPNJ-nyjiUIorE0ATsib_l5tV8BVN-UJ03RTnU__IHJF_4DgDBtY4LIqXNG-FomrO-7ywes20CBCRM2Hcm7EJSh3UUw1dO-c_uTflUrtgY1i7uBRezj_DpympmEFkfbQY\/s1600\/logo-principal2.jpg\" width=\"100%\" height=\"100\" \/><\/a><!--bestpublic-voz03--><!--desk-in-out-voz03--><br \/>\n<!--publicidad-voz04--><a href=\"https:\/\/www.facebook.com\/profile.php?id=61557370768692&amp;locale=es_ES\"><img decoding=\"async\" class=\"alignnone size-medium\" src=\"https:\/\/blogger.googleusercontent.com\/img\/b\/R29vZ2xl\/AVvXsEgy5RdcfffrnrItnYTcV9bCJjgJwldsQLWssfVfrLbyfXeBNTFKgBf0rMIvhrUaGUhiXzVr9_eQgCbi-j63ZDpfTvLIty9w7s140y-m1yHe7eKmEK7v2NAHUJDVYGdfeiQFeRCqUjdwWmN1MX_AUxxz4IVdJ4WIM0APxit8bjWkXzrnEFGqBvW_1F13H1g\/s1600\/logo-principal5.jpg\" width=\"100%\" height=\"100\" \/><\/a><!--bestpublic-voz04--><!--desk-in-out-voz04--><br \/>\n<!--publicidad-voz05--><a href=\"https:\/\/www.facebook.com\/asociaciontamborileroshellin?locale=es_ES\"><img decoding=\"async\" class=\"alignnone size-medium\" src=\"https:\/\/blogger.googleusercontent.com\/img\/b\/R29vZ2xl\/AVvXsEhHEEpZsKK1VpwiYMrS7aE2ujtqIDZoLd4B5wtbiseSU9s2HdTdQfhF84So2XwEB1fv0BLw95GADm6hUl1bkKtzh-eIgVigXONuu_5RxeIMPhjk8q6uNX4EaEHbooKkbu7pCADWPpVJjhKIH5NQSJpWqedC-YBez4QAQeJYokkLot9bhrIaUAeztsGis6M\/s1600\/logo-principal3.jpg\" width=\"100%\" height=\"100\" \/><\/a><!--bestpublic-voz05--><!--desk-in-out-voz05--><br \/>\n<!--publicidad-voz06--><!--bestpublic-voz06--><!--desk-in-out-voz06--><br \/>\n<!--publicidad-voz07--><!--bestpublic-voz07--><!--desk-in-out-voz07--><br \/>\n<!--publicidad-voz08--><!--bestpublic-voz08--><!--desk-in-out-voz08--><br \/>\n<!--publicidad-voz09--><!--bestpublic-voz09--><!--desk-in-out-voz09--><br \/>\n<!--publicidad-voz10--><!--bestpublic-voz10--><!--desk-in-out-voz10--><br \/>\n<!--publicidad-voz11--><!--bestpublic-voz11--><!--desk-in-out-voz11--><br \/>\n<!--publicidad-voz12--><!--bestpublic-voz12--><!--desk-in-out-voz12--><br \/>\n<!--publicidad-voz13--><!--bestpublic-voz13--><!--desk-in-out-voz13--><br \/>\n<!--publicidad-voz14--><!--bestpublic-voz14--><!--desk-in-out-voz14--><br \/>\n<!--publicidad-voz15--><!--bestpublic-voz15--><!--desk-in-out-voz15--><br \/>\n<!--publicidad-voz16--><!--bestpublic-voz16--><!--desk-in-out-voz16--><\/p>\n","protected":false},"excerpt":{"rendered":"<p>El presidente de la Diputaci\u00f3n de Albacete, Santi Caba\u00f1ero, junto a la diputada de ATM, Llanos S\u00e1nchez, ha participado en el acto conmemorativo del 25\u00ba aniversario de la Denominaci\u00f3n de&#8230;<\/p>\n","protected":false},"author":2,"featured_media":160565,"comment_status":"closed","ping_status":"closed","sticky":false,"template":"","format":"standard","meta":{"footnotes":""},"categories":[761,718,715,716,717],"tags":[],"class_list":["post-160564","post","type-post","status-publish","format-standard","has-post-thumbnail","hentry","category-blog-lv042","category-blogger","category-la-voz-de-hellin","category-la-voz-de-hellin-la-voz-de-hellin","category-noticias"],"_links":{"self":[{"href":"https:\/\/lavozdehellin.com\/noticias\/wp-json\/wp\/v2\/posts\/160564","targetHints":{"allow":["GET"]}}],"collection":[{"href":"https:\/\/lavozdehellin.com\/noticias\/wp-json\/wp\/v2\/posts"}],"about":[{"href":"https:\/\/lavozdehellin.com\/noticias\/wp-json\/wp\/v2\/types\/post"}],"author":[{"embeddable":true,"href":"https:\/\/lavozdehellin.com\/noticias\/wp-json\/wp\/v2\/users\/2"}],"replies":[{"embeddable":true,"href":"https:\/\/lavozdehellin.com\/noticias\/wp-json\/wp\/v2\/comments?post=160564"}],"version-history":[{"count":0,"href":"https:\/\/lavozdehellin.com\/noticias\/wp-json\/wp\/v2\/posts\/160564\/revisions"}],"wp:featuredmedia":[{"embeddable":true,"href":"https:\/\/lavozdehellin.com\/noticias\/wp-json\/wp\/v2\/media\/160565"}],"wp:attachment":[{"href":"https:\/\/lavozdehellin.com\/noticias\/wp-json\/wp\/v2\/media?parent=160564"}],"wp:term":[{"taxonomy":"category","embeddable":true,"href":"https:\/\/lavozdehellin.com\/noticias\/wp-json\/wp\/v2\/categories?post=160564"},{"taxonomy":"post_tag","embeddable":true,"href":"https:\/\/lavozdehellin.com\/noticias\/wp-json\/wp\/v2\/tags?post=160564"}],"curies":[{"name":"wp","href":"https:\/\/api.w.org\/{rel}","templated":true}]}}