{"id":160567,"date":"2025-11-13T19:06:03","date_gmt":"2025-11-13T17:06:03","guid":{"rendered":"https:\/\/lavozdehellin.com\/noticias\/?p=160567"},"modified":"2025-12-15T18:06:45","modified_gmt":"2025-12-15T16:06:45","slug":"v10-469-lvh-noticias-el-circuito-de-velocidad-de-albacete-reanuda-su-actividad-el-29-de-noviembre-fruto-del-compromiso-institucional-de-ayuntamiento-y-diputacion-con-esta-instalacion-emblematica","status":"publish","type":"post","link":"https:\/\/lavozdehellin.com\/noticias\/v10-469-lvh-noticias-el-circuito-de-velocidad-de-albacete-reanuda-su-actividad-el-29-de-noviembre-fruto-del-compromiso-institucional-de-ayuntamiento-y-diputacion-con-esta-instalacion-emblematica\/","title":{"rendered":"LVH NOTICIAS | EL CIRCUITO DE VELOCIDAD DE ALBACETE REANUDA SU ACTIVIDAD EL 29 DE NOVIEMBRE FRUTO DEL COMPROMISO INSTITUCIONAL DE AYUNTAMIENTO Y DIPUTACI\u00d3N CON ESTA INSTALACI\u00d3N EMBLEM\u00c1TICA"},"content":{"rendered":"<p style=\"text-align: justify;\">El Circuito de Velocidad de Albacete reanudar\u00e1 su actividad con unas jornadas de puertas abiertas y de toma de contacto ordenadas en tandas gratuitas de motos de 15 minutos en pista que tendr\u00e1n lugar los d\u00edas 29 y 30 de este mes y 6 y 8 de diciembre (entre las 10:00 y las 18:00 horas), divididas en 4 grupos, dependiendo el nivel de experiencia. Adem\u00e1s, el d\u00eda 7, se podr\u00e1 disfrutar de una exhibici\u00f3n de autom\u00f3viles de Formula Vintage.<\/p>\n<p><!--more--><br \/>\n<!--publicidad-voz01--><a href=\"https:\/\/www.facebook.com\/SoloRadioHellin\/?locale=es_ES\"><img decoding=\"async\" class=\"alignnone size-medium\" src=\"https:\/\/blogger.googleusercontent.com\/img\/b\/R29vZ2xl\/AVvXsEiNncirNnyGedv00mhjZjh5Wl4_YPdJGanoAl8tL8zH-HwqE8uHqjEfSt340RHdx-9tuCSIkZ8rFamZiGyYlgDGxCsmXjCH_1xk5eYM3ntFZRvJP_jndOKR7w1UAo9Tu0vrZyOLfqRpHIxYI5SymJJ-pfGCQw6QVpggBH-UgfjiFQ2JOxqxG0Jx94kW83c\/s1600\/logo-principal.jpg\" width=\"100%\" height=\"100\" \/><\/a><!--bestpublic-voz01--><!--desk-in-out-voz01--><br \/>\n<!--publicidad-voz02--><a href=\"https:\/\/www.hellincf.com\/\"><img decoding=\"async\" class=\"alignnone size-medium\" src=\"https:\/\/blogger.googleusercontent.com\/img\/b\/R29vZ2xl\/AVvXsEhuZ4-XfBVj3UtdP8-RZugy3WVrg-Zv28c53m4oV47qYCxL1rX_dqWX_YddsGSnpH5SRDqZ7bZeKPIfDVCDncpjVlhy3aQs2vojcJBn7Gdv9hC2_Nzct_pRFrnFE1a7KTCdY1bT_kAgnY3-iadRZrGeJf1fR2P5fu11bokx0pWjaypoy-ctwCjklldpEbA\/s1600\/logo-principal7.jpg\" width=\"100%\" height=\"100\" \/><\/a><!--bestpublic-voz02--><!--desk-in-out-voz02--><\/p>\n<p style=\"text-align: justify;\">El presidente provincial, Santi Caba\u00f1ero, y el alcalde de la ciudad, Manuel Serrano, han asegurado que la reapertura del Circuito de Velocidad responde al intenso trabajo y al compromiso institucional compartido para alcanzar ese objetivo.<\/p>\n<p style=\"text-align: justify;\">Seg\u00fan han se\u00f1alado, es una excelente noticia para los y las amantes del mundo del motor, pero tambi\u00e9n para el territorio, potenciando su imagen y sumando otro im\u00e1n de atracci\u00f3n tur\u00edstica a su desarrollo econ\u00f3mico y social.<\/p>\n<p style=\"text-align: justify;\">Tanto Caba\u00f1ero como Serrano han puesto en valor que este acontecimiento tan esperado ser\u00e1 posible gracias a la culminaci\u00f3n de las actuaciones imprescindibles que se han llevado a cabo para dotar al Circuito de las medidas de seguridad necesarias, especialmente, en pista.<\/p>\n<p style=\"text-align: justify;\">Las principales actuaciones acometidas en este sentido han consistido en las obras de remodelaci\u00f3n de la pista (realizadas entre enero y septiembre del pasado 2023), la sustituci\u00f3n de las barreras de seguridad, la adecuaci\u00f3n de las escapatorias, la nivelaci\u00f3n de perfiles de la pista en varios puntos a lo largo de toda la pista y el arreglo de caminos se servicio, as\u00ed como la instalaci\u00f3n de un circuito cerrado de televisi\u00f3n y sistemas de se\u00f1alizaci\u00f3n adaptados a la normativa y tecnolog\u00eda actuales.<\/p>\n<p style=\"text-align: justify;\">Los dirigentes han agradecido al personal del Consorcio, as\u00ed como de la Diputaci\u00f3n y del Ayuntamiento el trabajo realizado para culminar estas actuaciones (de gran complejidad t\u00e9cnica en muchos casos), que han requerido un importante esfuerzo por parte de muchas personas.<\/p>\n<p style=\"text-align: justify;\">Un claro ejemplo de ello es que, en el \u00faltimo a\u00f1o, se han tramitado un total de 56 contratos por parte Consorcio del Circuito de Velocidad, lo que supone un encomiable trabajo realizado por el personal propio del Consorcio, as\u00ed como por el personal de Secretar\u00eda en Intervenci\u00f3n del mismo.<\/p>\n<p style=\"text-align: justify;\">Adem\u00e1s, el personal de la empresa municipal Urvial ha tenido una intervenci\u00f3n determinante para varias de estas actuaciones, estando previstas en un futuro inmediato actuaciones por parte de todos ellos, m\u00e1s vinculadas a aspectos est\u00e9ticos.<\/p>\n<p style=\"text-align: justify;\">En cuanto a las tandas, las plazas se adjudicar\u00e1n por orden de inscripci\u00f3n, d\u00e1ndose preferencia, en primer lugar, a los socios de los dos \u00fanicos clubes federados de la provincia (Moto-Club Albacete y Moto-Club Almansa), seguidos de los residentes en Albacete y provincia y quienes paguen el impuesto de circulaci\u00f3n de su moto en la provincia de Albacete y, finalmente, para los no residentes.<\/p>\n<p style=\"text-align: justify;\">El plazo de inscripci\u00f3n para integrantes de ambos clubes se abrir\u00e1 el pr\u00f3ximo lunes, d\u00eda 17 de noviembre, a las 9:00 horas. El d\u00eda 20, lo har\u00e1 para residentes en Albacete y provincia (o personas que paguen el impuesto de circulaci\u00f3n de su moto en la provincia de Albacete), y el d\u00eda 25, a las 9:00 horas, para los no residentes, hasta completarse las plazas disponibles o el viernes anterior a cada jornada a las 10:00 horas.<\/p>\n<p style=\"text-align: justify;\">Las inscripciones se realizaran a trav\u00e9s de la web www.circuitoalbacete.es y todos los y las participantes tendr\u00e1n que estar en posesi\u00f3n de seguro m\u00e9dico de accidentes o licencia federativa y haber firmado la hoja de renuncia de responsabilidad para poder entrar a pista. La edad m\u00ednima para participar es de 18 a\u00f1os y de 15 a\u00f1os para pilotos federados.<\/p>\n<p><!--publicidad-voz03--><a href=\"https:\/\/www.facebook.com\/profile.php?id=100063593791305&amp;locale=es_ES\"><img decoding=\"async\" class=\"alignnone size-medium\" src=\"https:\/\/blogger.googleusercontent.com\/img\/b\/R29vZ2xl\/AVvXsEi8_n_ll8UOcGxCqzFvb_9Io4ICczlGC990BPtPj2w9Px-u7B3oqWUW5vtjZUqPNJ-nyjiUIorE0ATsib_l5tV8BVN-UJ03RTnU__IHJF_4DgDBtY4LIqXNG-FomrO-7ywes20CBCRM2Hcm7EJSh3UUw1dO-c_uTflUrtgY1i7uBRezj_DpympmEFkfbQY\/s1600\/logo-principal2.jpg\" width=\"100%\" height=\"100\" \/><\/a><!--bestpublic-voz03--><!--desk-in-out-voz03--><br \/>\n<!--publicidad-voz04--><a href=\"https:\/\/www.facebook.com\/profile.php?id=61557370768692&amp;locale=es_ES\"><img decoding=\"async\" class=\"alignnone size-medium\" src=\"https:\/\/blogger.googleusercontent.com\/img\/b\/R29vZ2xl\/AVvXsEgy5RdcfffrnrItnYTcV9bCJjgJwldsQLWssfVfrLbyfXeBNTFKgBf0rMIvhrUaGUhiXzVr9_eQgCbi-j63ZDpfTvLIty9w7s140y-m1yHe7eKmEK7v2NAHUJDVYGdfeiQFeRCqUjdwWmN1MX_AUxxz4IVdJ4WIM0APxit8bjWkXzrnEFGqBvW_1F13H1g\/s1600\/logo-principal5.jpg\" width=\"100%\" height=\"100\" \/><\/a><!--bestpublic-voz04--><!--desk-in-out-voz04--><br \/>\n<!--publicidad-voz05--><a href=\"https:\/\/www.facebook.com\/asociaciontamborileroshellin?locale=es_ES\"><img decoding=\"async\" class=\"alignnone size-medium\" src=\"https:\/\/blogger.googleusercontent.com\/img\/b\/R29vZ2xl\/AVvXsEhHEEpZsKK1VpwiYMrS7aE2ujtqIDZoLd4B5wtbiseSU9s2HdTdQfhF84So2XwEB1fv0BLw95GADm6hUl1bkKtzh-eIgVigXONuu_5RxeIMPhjk8q6uNX4EaEHbooKkbu7pCADWPpVJjhKIH5NQSJpWqedC-YBez4QAQeJYokkLot9bhrIaUAeztsGis6M\/s1600\/logo-principal3.jpg\" width=\"100%\" height=\"100\" \/><\/a><!--bestpublic-voz05--><!--desk-in-out-voz05--><br \/>\n<!--publicidad-voz06--><!--bestpublic-voz06--><!--desk-in-out-voz06--><br \/>\n<!--publicidad-voz07--><!--bestpublic-voz07--><!--desk-in-out-voz07--><br \/>\n<!--publicidad-voz08--><!--bestpublic-voz08--><!--desk-in-out-voz08--><br \/>\n<!--publicidad-voz09--><!--bestpublic-voz09--><!--desk-in-out-voz09--><br \/>\n<!--publicidad-voz10--><!--bestpublic-voz10--><!--desk-in-out-voz10--><br \/>\n<!--publicidad-voz11--><!--bestpublic-voz11--><!--desk-in-out-voz11--><br \/>\n<!--publicidad-voz12--><!--bestpublic-voz12--><!--desk-in-out-voz12--><br \/>\n<!--publicidad-voz13--><!--bestpublic-voz13--><!--desk-in-out-voz13--><br \/>\n<!--publicidad-voz14--><!--bestpublic-voz14--><!--desk-in-out-voz14--><br \/>\n<!--publicidad-voz15--><!--bestpublic-voz15--><!--desk-in-out-voz15--><br \/>\n<!--publicidad-voz16--><!--bestpublic-voz16--><!--desk-in-out-voz16--><\/p>\n","protected":false},"excerpt":{"rendered":"<p>El Circuito de Velocidad de Albacete reanudar\u00e1 su actividad con unas jornadas de puertas abiertas y de toma de contacto ordenadas en tandas gratuitas de motos de 15 minutos en&#8230;<\/p>\n","protected":false},"author":2,"featured_media":160568,"comment_status":"closed","ping_status":"closed","sticky":false,"template":"","format":"standard","meta":{"footnotes":""},"categories":[761,718,715,716,717],"tags":[],"class_list":["post-160567","post","type-post","status-publish","format-standard","has-post-thumbnail","hentry","category-blog-lv042","category-blogger","category-la-voz-de-hellin","category-la-voz-de-hellin-la-voz-de-hellin","category-noticias"],"_links":{"self":[{"href":"https:\/\/lavozdehellin.com\/noticias\/wp-json\/wp\/v2\/posts\/160567","targetHints":{"allow":["GET"]}}],"collection":[{"href":"https:\/\/lavozdehellin.com\/noticias\/wp-json\/wp\/v2\/posts"}],"about":[{"href":"https:\/\/lavozdehellin.com\/noticias\/wp-json\/wp\/v2\/types\/post"}],"author":[{"embeddable":true,"href":"https:\/\/lavozdehellin.com\/noticias\/wp-json\/wp\/v2\/users\/2"}],"replies":[{"embeddable":true,"href":"https:\/\/lavozdehellin.com\/noticias\/wp-json\/wp\/v2\/comments?post=160567"}],"version-history":[{"count":0,"href":"https:\/\/lavozdehellin.com\/noticias\/wp-json\/wp\/v2\/posts\/160567\/revisions"}],"wp:featuredmedia":[{"embeddable":true,"href":"https:\/\/lavozdehellin.com\/noticias\/wp-json\/wp\/v2\/media\/160568"}],"wp:attachment":[{"href":"https:\/\/lavozdehellin.com\/noticias\/wp-json\/wp\/v2\/media?parent=160567"}],"wp:term":[{"taxonomy":"category","embeddable":true,"href":"https:\/\/lavozdehellin.com\/noticias\/wp-json\/wp\/v2\/categories?post=160567"},{"taxonomy":"post_tag","embeddable":true,"href":"https:\/\/lavozdehellin.com\/noticias\/wp-json\/wp\/v2\/tags?post=160567"}],"curies":[{"name":"wp","href":"https:\/\/api.w.org\/{rel}","templated":true}]}}