{"id":160570,"date":"2025-11-13T14:08:51","date_gmt":"2025-11-13T12:08:51","guid":{"rendered":"https:\/\/lavozdehellin.com\/noticias\/?p=160570"},"modified":"2025-12-15T18:06:45","modified_gmt":"2025-12-15T16:06:45","slug":"v10-468-lvh-noticias-la-diputacion-de-albacete-presenta-en-alcala-del-jucar-el-plan-de-sostenibilidad-turistica-de-la-manchuela-como-eje-de-una-estrategia-integral-de-revitalizacion-comarcal","status":"publish","type":"post","link":"https:\/\/lavozdehellin.com\/noticias\/v10-468-lvh-noticias-la-diputacion-de-albacete-presenta-en-alcala-del-jucar-el-plan-de-sostenibilidad-turistica-de-la-manchuela-como-eje-de-una-estrategia-integral-de-revitalizacion-comarcal\/","title":{"rendered":"LVH NOTICIAS | LA DIPUTACI\u00d3N DE ALBACETE PRESENTA EN ALCAL\u00c1 DEL J\u00daCAR EL PLAN DE SOSTENIBILIDAD TUR\u00cdSTICA DE LA MANCHUELA COMO EJE DE UNA ESTRATEGIA INTEGRAL DE REVITALIZACI\u00d3N COMARCAL"},"content":{"rendered":"<p style=\"text-align: justify;\">El Castillo de Alcal\u00e1 del J\u00facar ha acogido la presentaci\u00f3n del Plan de Sostenibilidad Tur\u00edstica en Destino (PSTD) de La Manchuela, impulsado por la Diputaci\u00f3n de Albacete junto a la Secretar\u00eda de Estado de Turismo, la Junta de Comunidades de Castilla-La Mancha y con el apoyo de los ayuntamientos de la comarca.<\/p>\n<p><!--more--><br \/>\n<!--publicidad-voz01--><a href=\"https:\/\/www.facebook.com\/SoloRadioHellin\/?locale=es_ES\"><img decoding=\"async\" class=\"alignnone size-medium\" src=\"https:\/\/blogger.googleusercontent.com\/img\/b\/R29vZ2xl\/AVvXsEiNncirNnyGedv00mhjZjh5Wl4_YPdJGanoAl8tL8zH-HwqE8uHqjEfSt340RHdx-9tuCSIkZ8rFamZiGyYlgDGxCsmXjCH_1xk5eYM3ntFZRvJP_jndOKR7w1UAo9Tu0vrZyOLfqRpHIxYI5SymJJ-pfGCQw6QVpggBH-UgfjiFQ2JOxqxG0Jx94kW83c\/s1600\/logo-principal.jpg\" width=\"100%\" height=\"100\" \/><\/a><!--bestpublic-voz01--><!--desk-in-out-voz01--><br \/>\n<!--publicidad-voz02--><a href=\"https:\/\/www.hellincf.com\/\"><img decoding=\"async\" class=\"alignnone size-medium\" src=\"https:\/\/blogger.googleusercontent.com\/img\/b\/R29vZ2xl\/AVvXsEhuZ4-XfBVj3UtdP8-RZugy3WVrg-Zv28c53m4oV47qYCxL1rX_dqWX_YddsGSnpH5SRDqZ7bZeKPIfDVCDncpjVlhy3aQs2vojcJBn7Gdv9hC2_Nzct_pRFrnFE1a7KTCdY1bT_kAgnY3-iadRZrGeJf1fR2P5fu11bokx0pWjaypoy-ctwCjklldpEbA\/s1600\/logo-principal7.jpg\" width=\"100%\" height=\"100\" \/><\/a><!--bestpublic-voz02--><!--desk-in-out-voz02--><\/p>\n<p style=\"text-align: justify;\">El acto ha estado encabezado por el presidente de la Diputaci\u00f3n, Santi Caba\u00f1ero, acompa\u00f1ado del vicepresidente, Fran Valera; la diputada de Turismo, Raquel Ruiz; la diputada de ATM, Llanos S\u00e1nchez; el subdelegado del Gobierno en Albacete, Miguel Juan Espinosa; el delegado provincial de Econom\u00eda, Nicol\u00e1s Merino, y de Agricultura, Ram\u00f3n S\u00e1ez; y el alcalde de Alcal\u00e1 del J\u00facar, Juan Pascual Mu\u00f1oz, que tambi\u00e9n ha hablado en calidad de \u2018anfitri\u00f3n\u2019.<\/p>\n<p style=\"text-align: justify;\">Han asistido, adem\u00e1s, representantes municipales de toda la comarca \u2014entre otros, los alcaldes y alcaldesas de Madrigueras (Juan Carlos Talavera), Casas Ib\u00e1\u00f1ez (Jos\u00e9 Mar\u00eda Garc\u00eda), Cenizate (Enrique Navarro), Casas de Juan N\u00fa\u00f1ez (Juan Carlos G\u00f3mez), Fuentealbilla (Amparo G\u00f3mez), Alborea (Eugenio Reig), Jorquera (Mar\u00eda Pilar Medina), Valdeganga (Ferm\u00edn G\u00f3mez), Navas de Jorquera (Mar\u00eda Dolores Murcia), Carcel\u00e9n (Antonio Moreno), Casas de Ves (Mar\u00eda Isabel L\u00f3pez), Golosalvo (Jos\u00e9 Antonio Piqueras), Motilleja (Antonio Francisco Armero) y Alatoz (Saturnino Mancebo)\u2014, as\u00ed como portavoces municipales (C\u00e9sar Ballesteros \u2013Valdeganga\u2013 y Jaime Collado \u2013Navas de Jorquera\u2013), representantes de Mahora (Jos\u00e9 \u00c1ngel Montero) y Abengibre (Francisco T\u00e9bar), y del tejido econ\u00f3mico-social, con el presidente de la Asociaci\u00f3n de Turismo de La Manchuela, Diosdado Cuesta, y el presidente de la Ruta del Vino Manchuela, Juan Miguel Tolosa. Tambi\u00e9n han participado equipos t\u00e9cnicos del Servicio de Turismo de la Diputaci\u00f3n.<br \/>\nUn plan para cuidar y transformar La Manchuela<\/p>\n<p style=\"text-align: justify;\">Caba\u00f1ero ha enmarcado el PSTD como una apuesta \u201cpara transformar a mejor\u201d el modelo tur\u00edstico de La Manchuela, con 3,1 millones de euros financiados con fondos Next Generation EU dentro del Plan de Recuperaci\u00f3n del Gobierno de Espa\u00f1a. El plan combina sostenibilidad, innovaci\u00f3n y competitividad y sit\u00faa a los municipios en el centro, con una ejecuci\u00f3n ya muy avanzada: el 45% de las actuaciones en marcha (1,4 M\u20ac comprometidos) y el 55% en fase de licitaci\u00f3n o redacci\u00f3n.<\/p>\n<p style=\"text-align: justify;\">Conforme ha explicado, se estructura en cuatro ejes:<\/p>\n<p style=\"text-align: justify;\">Transici\u00f3n verde y sostenible: restauraci\u00f3n ambiental de las riberas del J\u00facar (actuaciones en Alcal\u00e1 del J\u00facar y Valdeganga); puesta en valor de recursos naturales y senderos; creaci\u00f3n de la Ruta Troglodita de La Manchuela (Centro de Interpretaci\u00f3n en la Casa de los Peones Camineros de Alcal\u00e1 del J\u00facar y recuperaci\u00f3n de una casa cueva en Casas de Juan N\u00fa\u00f1ez); V\u00eda Verde Mahora\u2013Golosalvo; rutas nocturnas y miradores astron\u00f3micos (programa Starlight); y trabajos arqueol\u00f3gicos para protecci\u00f3n y divulgaci\u00f3n del patrimonio.<\/p>\n<p style=\"text-align: justify;\">Eficiencia energ\u00e9tica y adaptaci\u00f3n clim\u00e1tica: rehabilitaci\u00f3n energ\u00e9tica del Cine-Teatro de Casas Ib\u00e1\u00f1ez como Centro Integral de Turismo Sostenible y Cultura; puntos de recarga para veh\u00edculo el\u00e9ctrico en seis municipios; sombreamientos en espacios p\u00fablicos (Madrigueras y Villamalea); e iluminaci\u00f3n eficiente con farolas solares en 18 localidades.<\/p>\n<p style=\"text-align: justify;\">Transici\u00f3n digital: proyecto de Miradores Virtuales y plataforma digital comarcal para mejorar la experiencia del visitante y la gesti\u00f3n del destino.<\/p>\n<p style=\"text-align: justify;\">Competitividad y gobernanza: Gerencia del PSTD; implantaci\u00f3n del Sistema Integral de Calidad Tur\u00edstica en Destino (SICTED); creaci\u00f3n del Centro Astron\u00f3mico de Jorquera; y plan integral de comunicaci\u00f3n.<\/p>\n<p style=\"text-align: justify;\">En este punto, Caba\u00f1ero ha avanzado que Albacete es actualmente la \u00fanica provincia de Castilla-La Mancha que no cuenta con proyectos SICTED en marcha y que, gracias a este Plan, ser\u00e1 precisamente en La Manchuela donde se impulsen los primeros proyectos con este marchamo de calidad, un sistema de mejora de la calidad de los destinos tur\u00edsticos promovido por la Secretar\u00eda de Estado de Turismo (SETUR).<\/p>\n<p style=\"text-align: justify;\">El presidente ha remarcado el car\u00e1cter comarcal y cooperativo del proyecto \u2014con administraciones y sector privado alineados\u2014, y ha defendido la sostenibilidad \u201cque protege el entorno, pero tambi\u00e9n mejora la vida y las oportunidades de quienes viven en los pueblos\u201d.<\/p>\n<p style=\"text-align: justify;\">Una \u201cestrategia comarcal\u201d que suma conectividad: inversi\u00f3n hist\u00f3rica en carreteras<\/p>\n<p style=\"text-align: justify;\">Caba\u00f1ero ha encuadrado el PSTD en una estrategia de revitalizaci\u00f3n de comarca que se completa con una inversi\u00f3n hist\u00f3rica en la Red Viaria Provincial de La Manchuela, derivada de la l\u00ednea estatal para reparar da\u00f1os de la DANA de 2023: 13 proyectos en la comarca (de 15 provinciales), con casi 10 millones de euros de inversi\u00f3n cofinanciada al 50% por la Diputaci\u00f3n y el Gobierno de Espa\u00f1a.<\/p>\n<p style=\"text-align: justify;\">Las obras \u2014m\u00e1s del 50% ya finalizadas\u2014 act\u00faan sobre 110 km de carreteras, con especial incidencia en la ribera del J\u00facar (de Alcal\u00e1 del J\u00facar a Jorquera, pasando por La Recueja) y en accesos estrat\u00e9gicos (Villatoya, Casas Ib\u00e1\u00f1ez, Valdeganga, entre otros). Esta \u201crevoluci\u00f3n viaria\u201d refuerza la seguridad vial, la vertebraci\u00f3n territorial y el atractivo tur\u00edstico y econ\u00f3mico.<\/p>\n<p style=\"text-align: justify;\">El presidente ha resaltado la complementariedad entre el PSTD y esa mejora de carreteras: m\u00e1s accesibilidad, m\u00e1s seguridad y m\u00e1s proyecci\u00f3n para las rutas de naturaleza, el patrimonio troglodita, el astroturismo y el comercio y la hosteler\u00eda locales. Ha reivindicado, adem\u00e1s, el potencial del sector vitivin\u00edcola y la Denominaci\u00f3n de Origen Manchuela, que celebra su 25\u00ba aniversario, como motor econ\u00f3mico, identidad cultural y gran atractivo tur\u00edstico (enoturismo y gastronom\u00eda), y ha llamado a conectar proyectos para construir un relato comarcal com\u00fan.<br \/>\nDesestacionalizaci\u00f3n y crecimiento continuado de visitantes<\/p>\n<p style=\"text-align: justify;\">Por su parte, el alcalde de Alcal\u00e1 del J\u00facar, Juan Pascual Mu\u00f1oz, ha subrayado la vocaci\u00f3n comarcal del Plan y la colaboraci\u00f3n institucional y p\u00fablico-privada y ha compartido datos recientes de comportamiento tur\u00edstico en Alcal\u00e1 (que ning\u00fan mes cuenta menos de 14.000 visitantes llegando a picos de m\u00e1s de 28.000 en meses clave como el de agosto).<\/p>\n<p style=\"text-align: justify;\">Cifras que avalan la desestacionalizaci\u00f3n y el crecimiento continuado de visitantes, con impacto directo en la actividad local y en la proyecci\u00f3n comarcal. El regidor ha agradecido el trabajo t\u00e9cnico y pol\u00edtico de la Diputaci\u00f3n y de la JCCM, y ha destacado que la mejora de carreteras ya es tangible en la ribera del J\u00facar y en otras v\u00edas de acceso, \u201ccon beneficios claros para la vida diaria, los servicios y el turismo\u201d.<\/p>\n<p style=\"text-align: justify;\">Como muestra del dinamismo del sector, al finalizar el acto el cocinero Joaqu\u00edn Sanz, en nombre de Juan Sahuquillo (tambi\u00e9n presente en la cita) y de Javi Sanz, de Ca\u00f1itas Maite y OBA, ha anunciado su intenci\u00f3n de poner en marcha en Jorquera, en el paraje de La Calzada de Vergara, un nuevo restaurante en cuevas con el que aspiran a situar a La Manchuela entre los grandes referentes de la alta cocina europea. Un proyecto que han definido como un \u201csue\u00f1o\u201d profundamente ligado al territorio, a la sostenibilidad, a la econom\u00eda circular y a la voluntad de seguir emprendiendo y creando oportunidades sin salir de la comarca.<\/p>\n<p style=\"text-align: justify;\">La jornada ha contado con la intervenci\u00f3n t\u00e9cnica de Rosa Carrasco (Considera), gerencia del plan, que ha detallado actuaciones y cronograma. Caba\u00f1ero ha agradecido la labor de los ayuntamientos, el equipo t\u00e9cnico de la Diputaci\u00f3n y los sectores implicados, y ha reafirmado el compromiso de la instituci\u00f3n provincial para que el plan \u201cno sea flor de un d\u00eda\u201d, sino el inicio de una etapa de estabilidad, calidad y proyecci\u00f3n para La Manchuela.<\/p>\n<p><!--publicidad-voz03--><a href=\"https:\/\/www.facebook.com\/profile.php?id=100063593791305&amp;locale=es_ES\"><img decoding=\"async\" class=\"alignnone size-medium\" src=\"https:\/\/blogger.googleusercontent.com\/img\/b\/R29vZ2xl\/AVvXsEi8_n_ll8UOcGxCqzFvb_9Io4ICczlGC990BPtPj2w9Px-u7B3oqWUW5vtjZUqPNJ-nyjiUIorE0ATsib_l5tV8BVN-UJ03RTnU__IHJF_4DgDBtY4LIqXNG-FomrO-7ywes20CBCRM2Hcm7EJSh3UUw1dO-c_uTflUrtgY1i7uBRezj_DpympmEFkfbQY\/s1600\/logo-principal2.jpg\" width=\"100%\" height=\"100\" \/><\/a><!--bestpublic-voz03--><!--desk-in-out-voz03--><br \/>\n<!--publicidad-voz04--><a href=\"https:\/\/www.facebook.com\/profile.php?id=61557370768692&amp;locale=es_ES\"><img decoding=\"async\" class=\"alignnone size-medium\" src=\"https:\/\/blogger.googleusercontent.com\/img\/b\/R29vZ2xl\/AVvXsEgy5RdcfffrnrItnYTcV9bCJjgJwldsQLWssfVfrLbyfXeBNTFKgBf0rMIvhrUaGUhiXzVr9_eQgCbi-j63ZDpfTvLIty9w7s140y-m1yHe7eKmEK7v2NAHUJDVYGdfeiQFeRCqUjdwWmN1MX_AUxxz4IVdJ4WIM0APxit8bjWkXzrnEFGqBvW_1F13H1g\/s1600\/logo-principal5.jpg\" width=\"100%\" height=\"100\" \/><\/a><!--bestpublic-voz04--><!--desk-in-out-voz04--><br \/>\n<!--publicidad-voz05--><a href=\"https:\/\/www.facebook.com\/asociaciontamborileroshellin?locale=es_ES\"><img decoding=\"async\" class=\"alignnone size-medium\" src=\"https:\/\/blogger.googleusercontent.com\/img\/b\/R29vZ2xl\/AVvXsEhHEEpZsKK1VpwiYMrS7aE2ujtqIDZoLd4B5wtbiseSU9s2HdTdQfhF84So2XwEB1fv0BLw95GADm6hUl1bkKtzh-eIgVigXONuu_5RxeIMPhjk8q6uNX4EaEHbooKkbu7pCADWPpVJjhKIH5NQSJpWqedC-YBez4QAQeJYokkLot9bhrIaUAeztsGis6M\/s1600\/logo-principal3.jpg\" width=\"100%\" height=\"100\" \/><\/a><!--bestpublic-voz05--><!--desk-in-out-voz05--><br \/>\n<!--publicidad-voz06--><!--bestpublic-voz06--><!--desk-in-out-voz06--><br \/>\n<!--publicidad-voz07--><!--bestpublic-voz07--><!--desk-in-out-voz07--><br \/>\n<!--publicidad-voz08--><!--bestpublic-voz08--><!--desk-in-out-voz08--><br \/>\n<!--publicidad-voz09--><!--bestpublic-voz09--><!--desk-in-out-voz09--><br \/>\n<!--publicidad-voz10--><!--bestpublic-voz10--><!--desk-in-out-voz10--><br \/>\n<!--publicidad-voz11--><!--bestpublic-voz11--><!--desk-in-out-voz11--><br \/>\n<!--publicidad-voz12--><!--bestpublic-voz12--><!--desk-in-out-voz12--><br \/>\n<!--publicidad-voz13--><!--bestpublic-voz13--><!--desk-in-out-voz13--><br \/>\n<!--publicidad-voz14--><!--bestpublic-voz14--><!--desk-in-out-voz14--><br \/>\n<!--publicidad-voz15--><!--bestpublic-voz15--><!--desk-in-out-voz15--><br \/>\n<!--publicidad-voz16--><!--bestpublic-voz16--><!--desk-in-out-voz16--><\/p>\n","protected":false},"excerpt":{"rendered":"<p>El Castillo de Alcal\u00e1 del J\u00facar ha acogido la presentaci\u00f3n del Plan de Sostenibilidad Tur\u00edstica en Destino (PSTD) de La Manchuela, impulsado por la Diputaci\u00f3n de Albacete junto a la&#8230;<\/p>\n","protected":false},"author":2,"featured_media":160571,"comment_status":"closed","ping_status":"closed","sticky":false,"template":"","format":"standard","meta":{"footnotes":""},"categories":[761,718,715,716,717],"tags":[],"class_list":["post-160570","post","type-post","status-publish","format-standard","has-post-thumbnail","hentry","category-blog-lv042","category-blogger","category-la-voz-de-hellin","category-la-voz-de-hellin-la-voz-de-hellin","category-noticias"],"_links":{"self":[{"href":"https:\/\/lavozdehellin.com\/noticias\/wp-json\/wp\/v2\/posts\/160570","targetHints":{"allow":["GET"]}}],"collection":[{"href":"https:\/\/lavozdehellin.com\/noticias\/wp-json\/wp\/v2\/posts"}],"about":[{"href":"https:\/\/lavozdehellin.com\/noticias\/wp-json\/wp\/v2\/types\/post"}],"author":[{"embeddable":true,"href":"https:\/\/lavozdehellin.com\/noticias\/wp-json\/wp\/v2\/users\/2"}],"replies":[{"embeddable":true,"href":"https:\/\/lavozdehellin.com\/noticias\/wp-json\/wp\/v2\/comments?post=160570"}],"version-history":[{"count":0,"href":"https:\/\/lavozdehellin.com\/noticias\/wp-json\/wp\/v2\/posts\/160570\/revisions"}],"wp:featuredmedia":[{"embeddable":true,"href":"https:\/\/lavozdehellin.com\/noticias\/wp-json\/wp\/v2\/media\/160571"}],"wp:attachment":[{"href":"https:\/\/lavozdehellin.com\/noticias\/wp-json\/wp\/v2\/media?parent=160570"}],"wp:term":[{"taxonomy":"category","embeddable":true,"href":"https:\/\/lavozdehellin.com\/noticias\/wp-json\/wp\/v2\/categories?post=160570"},{"taxonomy":"post_tag","embeddable":true,"href":"https:\/\/lavozdehellin.com\/noticias\/wp-json\/wp\/v2\/tags?post=160570"}],"curies":[{"name":"wp","href":"https:\/\/api.w.org\/{rel}","templated":true}]}}