{"id":160573,"date":"2025-11-13T13:35:04","date_gmt":"2025-11-13T11:35:04","guid":{"rendered":"https:\/\/lavozdehellin.com\/noticias\/?p=160573"},"modified":"2025-12-15T18:06:45","modified_gmt":"2025-12-15T16:06:45","slug":"v10-467-lvh-noticias-gonzalez-felicita-a-afa-villarrobledo-por-25-anos-de-accion-por-las-personas-y-por-sus-recuerdos-reafirmando-el-compromiso-de-la-diputacion-con-la-asociacion","status":"publish","type":"post","link":"https:\/\/lavozdehellin.com\/noticias\/v10-467-lvh-noticias-gonzalez-felicita-a-afa-villarrobledo-por-25-anos-de-accion-por-las-personas-y-por-sus-recuerdos-reafirmando-el-compromiso-de-la-diputacion-con-la-asociacion\/","title":{"rendered":"LVH NOTICIAS | GONZ\u00c1LEZ FELICITA A AFA VILLARROBLEDO POR 25 A\u00d1OS DE ACCI\u00d3N \u201cPOR LAS PERSONAS Y POR SUS RECUERDOS\u201d, REAFIRMANDO EL COMPROMISO DE LA DIPUTACI\u00d3N CON LA ASOCIACI\u00d3N"},"content":{"rendered":"<p style=\"text-align: justify;\">La Asociaci\u00f3n de Familiares de personas con Alzheimer y otras demencias de Villarrobledo (AFA) celebra este a\u00f1o su 25 aniversario.<\/p>\n<p><!--more--><br \/>\n<!--publicidad-voz01--><a href=\"https:\/\/www.facebook.com\/SoloRadioHellin\/?locale=es_ES\"><img decoding=\"async\" class=\"alignnone size-medium\" src=\"https:\/\/blogger.googleusercontent.com\/img\/b\/R29vZ2xl\/AVvXsEiNncirNnyGedv00mhjZjh5Wl4_YPdJGanoAl8tL8zH-HwqE8uHqjEfSt340RHdx-9tuCSIkZ8rFamZiGyYlgDGxCsmXjCH_1xk5eYM3ntFZRvJP_jndOKR7w1UAo9Tu0vrZyOLfqRpHIxYI5SymJJ-pfGCQw6QVpggBH-UgfjiFQ2JOxqxG0Jx94kW83c\/s1600\/logo-principal.jpg\" width=\"100%\" height=\"100\" \/><\/a><!--bestpublic-voz01--><!--desk-in-out-voz01--><br \/>\n<!--publicidad-voz02--><a href=\"https:\/\/www.hellincf.com\/\"><img decoding=\"async\" class=\"alignnone size-medium\" src=\"https:\/\/blogger.googleusercontent.com\/img\/b\/R29vZ2xl\/AVvXsEhuZ4-XfBVj3UtdP8-RZugy3WVrg-Zv28c53m4oV47qYCxL1rX_dqWX_YddsGSnpH5SRDqZ7bZeKPIfDVCDncpjVlhy3aQs2vojcJBn7Gdv9hC2_Nzct_pRFrnFE1a7KTCdY1bT_kAgnY3-iadRZrGeJf1fR2P5fu11bokx0pWjaypoy-ctwCjklldpEbA\/s1600\/logo-principal7.jpg\" width=\"100%\" height=\"100\" \/><\/a><!--bestpublic-voz02--><!--desk-in-out-voz02--><\/p>\n<p style=\"text-align: justify;\">Y la Diputaci\u00f3n de Albacete no ha faltado al acto conmemorativo de la mano de su diputado \u00e1rea Social, Jos\u00e9 Gonz\u00e1lez.<\/p>\n<p style=\"text-align: justify;\">Junto a su presidenta, Conchi Garc\u00eda; al delegado de la JCCM, Pedro Antonio Ruiz Santos; y al alcalde de la localidad, Valent\u00edn Bueno, el responsable provincial ha felicitado a esta organizaci\u00f3n, destacando la labor que vienen realizando a lo largo de este cuarto de siglo, trabajando por el bienestar y la calidad de vida de las personas con Alzheimer.<\/p>\n<p style=\"text-align: justify;\">\u201cSois un ejemplo; juntos, profesionales, familias y usuarios y usuarias, hab\u00e9is unido fuerzas por un objetivo com\u00fan, ayudando, apoyando, acompa\u00f1ando\u201d, ha se\u00f1alado Gonz\u00e1lez, quien aludiendo al lema de las pulseras que se han repartido durante el acto, ha indicado que es cierto que \u201cel Alzheimer nos quita capas y vosotras desde AFA, hac\u00e9is que esas capas tarden m\u00e1s en caerse\u201d.<\/p>\n<p style=\"text-align: justify;\">Agradeciendo la invitaci\u00f3n a la instituci\u00f3n provincial en una jornada tan especial, Gonz\u00e1lez ha puesto el foco en la importancia que tiene esta efem\u00e9ride, aludiendo a su significado en t\u00e9rminos sociales y humanos, y ha dejado claro que es mucho m\u00e1s que un aniversario.<\/p>\n<p style=\"text-align: justify;\">\u201cEs importante celebrar que las personas pongan en marcha iniciativas para mejorar la vida de otras personas\u201d, ha afirmado el diputado, subrayando el car\u00e1cter altruista y solidario de esta asociaci\u00f3n y su mirada al medio rural, \u201calgo que para el Gobierno de Santi Caba\u00f1ero es fundamental\u201d, porque como ha se\u00f1alado, \u201csin AFA Villarrobledo muchas personas de las comarcas vecinas no tendr\u00edan acceso a los recursos que hoy, gracias a vosotras, tienen\u201d.<\/p>\n<p style=\"text-align: justify;\">Gonz\u00e1lez apunta que hay que seguir trabajando para garantizar derechos<\/p>\n<p style=\"text-align: justify;\">Adem\u00e1s, Gonz\u00e1lez ha dejado claro que \u201cestamos hablando de humanidad y de derechos, y tenemos que conseguir esos derechos de las personas con Alzheimer y de sus familias est\u00e9n garantizados\u201d, se\u00f1alando la importancia que tiene la unidad de acci\u00f3n entre administraciones, profesionales y tejido asociativo.<\/p>\n<p style=\"text-align: justify;\">En este sentido, el diputado provincial ha reafirmado el compromiso de la Diputaci\u00f3n de Albacete con AFA para continuar sumando esfuerzos como lo vienen haciendo. De hecho, la instituci\u00f3n destin\u00f3, en su convocatoria de ayudas a entidades sociosanitarias de 2024, cerca de 12.000 euros a esta entidad para colaborar con el tratamiento terap\u00e9utico especializado e integral para pacientes con Alzheimer o cualquier otro tipo de demencia, que desarrollan en el Centro de D\u00eda Especializado.<\/p>\n<p style=\"text-align: justify;\">\u201cComo dice vuestro lema: \u201825 a\u00f1os de acci\u00f3n, por las personas, por sus recuerdos\u2019. Contad con la Diputaci\u00f3n de Albacete para seguir trabajando\u201d, ha concluido el diputado provincial su intervenci\u00f3n.<\/p>\n<p style=\"text-align: justify;\">La cita, que ha reunido a otros representantes pol\u00edticos, a familiares, profesionales y vecinos y vecinas en torno a la importante labor que desarrolla la entidad desde hace un cuarto de siglo, ha incluido una emotiva actuaci\u00f3n del \u2018Coro AFA Villarrobledo\u2019, integrado por personas usuarias, acompa\u00f1adas por profesores de la Escuela de M\u00fasica de la localidad. Una iniciativa que naci\u00f3 hace algunos a\u00f1os a trav\u00e9s de las clases de musicoterapia y que hoy ha sido aplaudida desde el coraz\u00f3n de los y las asistentes.<\/p>\n<p><!--publicidad-voz03--><a href=\"https:\/\/www.facebook.com\/profile.php?id=100063593791305&amp;locale=es_ES\"><img decoding=\"async\" class=\"alignnone size-medium\" src=\"https:\/\/blogger.googleusercontent.com\/img\/b\/R29vZ2xl\/AVvXsEi8_n_ll8UOcGxCqzFvb_9Io4ICczlGC990BPtPj2w9Px-u7B3oqWUW5vtjZUqPNJ-nyjiUIorE0ATsib_l5tV8BVN-UJ03RTnU__IHJF_4DgDBtY4LIqXNG-FomrO-7ywes20CBCRM2Hcm7EJSh3UUw1dO-c_uTflUrtgY1i7uBRezj_DpympmEFkfbQY\/s1600\/logo-principal2.jpg\" width=\"100%\" height=\"100\" \/><\/a><!--bestpublic-voz03--><!--desk-in-out-voz03--><br \/>\n<!--publicidad-voz04--><a href=\"https:\/\/www.facebook.com\/profile.php?id=61557370768692&amp;locale=es_ES\"><img decoding=\"async\" class=\"alignnone size-medium\" src=\"https:\/\/blogger.googleusercontent.com\/img\/b\/R29vZ2xl\/AVvXsEgy5RdcfffrnrItnYTcV9bCJjgJwldsQLWssfVfrLbyfXeBNTFKgBf0rMIvhrUaGUhiXzVr9_eQgCbi-j63ZDpfTvLIty9w7s140y-m1yHe7eKmEK7v2NAHUJDVYGdfeiQFeRCqUjdwWmN1MX_AUxxz4IVdJ4WIM0APxit8bjWkXzrnEFGqBvW_1F13H1g\/s1600\/logo-principal5.jpg\" width=\"100%\" height=\"100\" \/><\/a><!--bestpublic-voz04--><!--desk-in-out-voz04--><br \/>\n<!--publicidad-voz05--><a href=\"https:\/\/www.facebook.com\/asociaciontamborileroshellin?locale=es_ES\"><img decoding=\"async\" class=\"alignnone size-medium\" src=\"https:\/\/blogger.googleusercontent.com\/img\/b\/R29vZ2xl\/AVvXsEhHEEpZsKK1VpwiYMrS7aE2ujtqIDZoLd4B5wtbiseSU9s2HdTdQfhF84So2XwEB1fv0BLw95GADm6hUl1bkKtzh-eIgVigXONuu_5RxeIMPhjk8q6uNX4EaEHbooKkbu7pCADWPpVJjhKIH5NQSJpWqedC-YBez4QAQeJYokkLot9bhrIaUAeztsGis6M\/s1600\/logo-principal3.jpg\" width=\"100%\" height=\"100\" \/><\/a><!--bestpublic-voz05--><!--desk-in-out-voz05--><br \/>\n<!--publicidad-voz06--><!--bestpublic-voz06--><!--desk-in-out-voz06--><br \/>\n<!--publicidad-voz07--><!--bestpublic-voz07--><!--desk-in-out-voz07--><br \/>\n<!--publicidad-voz08--><!--bestpublic-voz08--><!--desk-in-out-voz08--><br \/>\n<!--publicidad-voz09--><!--bestpublic-voz09--><!--desk-in-out-voz09--><br \/>\n<!--publicidad-voz10--><!--bestpublic-voz10--><!--desk-in-out-voz10--><br \/>\n<!--publicidad-voz11--><!--bestpublic-voz11--><!--desk-in-out-voz11--><br \/>\n<!--publicidad-voz12--><!--bestpublic-voz12--><!--desk-in-out-voz12--><br \/>\n<!--publicidad-voz13--><!--bestpublic-voz13--><!--desk-in-out-voz13--><br \/>\n<!--publicidad-voz14--><!--bestpublic-voz14--><!--desk-in-out-voz14--><br \/>\n<!--publicidad-voz15--><!--bestpublic-voz15--><!--desk-in-out-voz15--><br \/>\n<!--publicidad-voz16--><!--bestpublic-voz16--><!--desk-in-out-voz16--><\/p>\n","protected":false},"excerpt":{"rendered":"<p>La Asociaci\u00f3n de Familiares de personas con Alzheimer y otras demencias de Villarrobledo (AFA) celebra este a\u00f1o su 25 aniversario.<\/p>\n","protected":false},"author":2,"featured_media":160574,"comment_status":"closed","ping_status":"closed","sticky":false,"template":"","format":"standard","meta":{"footnotes":""},"categories":[761,718,715,716,717],"tags":[],"class_list":["post-160573","post","type-post","status-publish","format-standard","has-post-thumbnail","hentry","category-blog-lv042","category-blogger","category-la-voz-de-hellin","category-la-voz-de-hellin-la-voz-de-hellin","category-noticias"],"_links":{"self":[{"href":"https:\/\/lavozdehellin.com\/noticias\/wp-json\/wp\/v2\/posts\/160573","targetHints":{"allow":["GET"]}}],"collection":[{"href":"https:\/\/lavozdehellin.com\/noticias\/wp-json\/wp\/v2\/posts"}],"about":[{"href":"https:\/\/lavozdehellin.com\/noticias\/wp-json\/wp\/v2\/types\/post"}],"author":[{"embeddable":true,"href":"https:\/\/lavozdehellin.com\/noticias\/wp-json\/wp\/v2\/users\/2"}],"replies":[{"embeddable":true,"href":"https:\/\/lavozdehellin.com\/noticias\/wp-json\/wp\/v2\/comments?post=160573"}],"version-history":[{"count":0,"href":"https:\/\/lavozdehellin.com\/noticias\/wp-json\/wp\/v2\/posts\/160573\/revisions"}],"wp:featuredmedia":[{"embeddable":true,"href":"https:\/\/lavozdehellin.com\/noticias\/wp-json\/wp\/v2\/media\/160574"}],"wp:attachment":[{"href":"https:\/\/lavozdehellin.com\/noticias\/wp-json\/wp\/v2\/media?parent=160573"}],"wp:term":[{"taxonomy":"category","embeddable":true,"href":"https:\/\/lavozdehellin.com\/noticias\/wp-json\/wp\/v2\/categories?post=160573"},{"taxonomy":"post_tag","embeddable":true,"href":"https:\/\/lavozdehellin.com\/noticias\/wp-json\/wp\/v2\/tags?post=160573"}],"curies":[{"name":"wp","href":"https:\/\/api.w.org\/{rel}","templated":true}]}}