{"id":160576,"date":"2025-11-13T11:39:32","date_gmt":"2025-11-13T09:39:32","guid":{"rendered":"https:\/\/lavozdehellin.com\/noticias\/?p=160576"},"modified":"2025-12-15T18:06:45","modified_gmt":"2025-12-15T16:06:45","slug":"v10-466-lvh-noticias-la-roda-acogera-del-16-al-24-de-noviembre-el-34o-campeonato-de-espana-de-ajedrez-para-personas-ciegas-con-el-impulso-de-la-diputacion-de-albacete-y-del-ayuntamiento-anfitrion","status":"publish","type":"post","link":"https:\/\/lavozdehellin.com\/noticias\/v10-466-lvh-noticias-la-roda-acogera-del-16-al-24-de-noviembre-el-34o-campeonato-de-espana-de-ajedrez-para-personas-ciegas-con-el-impulso-de-la-diputacion-de-albacete-y-del-ayuntamiento-anfitrion\/","title":{"rendered":"LVH NOTICIAS | LA RODA ACOGER\u00c1 DEL 16 AL 24 DE NOVIEMBRE EL 34\u00ba CAMPEONATO DE ESPA\u00d1A DE AJEDREZ PARA PERSONAS CIEGAS CON EL IMPULSO DE LA DIPUTACI\u00d3N DE ALBACETE Y DEL AYUNTAMIENTO ANFITRI\u00d3N"},"content":{"rendered":"<p style=\"text-align: justify;\">Los y las mejores ajedrecistas ciegos o con discapacidad visual severa del pa\u00eds se dar\u00e1n cita en La Roda, donde del 16 al 24 de noviembre, en su Caja Blanca, se disputar\u00e1 el 34\u00ba Campeonato de Espa\u00f1a Individual de Ajedrez que impulsa la Federaci\u00f3n Espa\u00f1ola de Deportes para Ciegos y la Organizaci\u00f3n Nacional de Ciegos de Espa\u00f1a (ONCE), con el respaldo de la Diputaci\u00f3n de Albacete y del Ayuntamiento local.<\/p>\n<p><!--more--><br \/>\n<!--publicidad-voz01--><a href=\"https:\/\/www.facebook.com\/SoloRadioHellin\/?locale=es_ES\"><img decoding=\"async\" class=\"alignnone size-medium\" src=\"https:\/\/blogger.googleusercontent.com\/img\/b\/R29vZ2xl\/AVvXsEiNncirNnyGedv00mhjZjh5Wl4_YPdJGanoAl8tL8zH-HwqE8uHqjEfSt340RHdx-9tuCSIkZ8rFamZiGyYlgDGxCsmXjCH_1xk5eYM3ntFZRvJP_jndOKR7w1UAo9Tu0vrZyOLfqRpHIxYI5SymJJ-pfGCQw6QVpggBH-UgfjiFQ2JOxqxG0Jx94kW83c\/s1600\/logo-principal.jpg\" width=\"100%\" height=\"100\" \/><\/a><!--bestpublic-voz01--><!--desk-in-out-voz01--><br \/>\n<!--publicidad-voz02--><a href=\"https:\/\/www.hellincf.com\/\"><img decoding=\"async\" class=\"alignnone size-medium\" src=\"https:\/\/blogger.googleusercontent.com\/img\/b\/R29vZ2xl\/AVvXsEhuZ4-XfBVj3UtdP8-RZugy3WVrg-Zv28c53m4oV47qYCxL1rX_dqWX_YddsGSnpH5SRDqZ7bZeKPIfDVCDncpjVlhy3aQs2vojcJBn7Gdv9hC2_Nzct_pRFrnFE1a7KTCdY1bT_kAgnY3-iadRZrGeJf1fR2P5fu11bokx0pWjaypoy-ctwCjklldpEbA\/s1600\/logo-principal7.jpg\" width=\"100%\" height=\"100\" \/><\/a><!--bestpublic-voz02--><!--desk-in-out-voz02--><\/p>\n<p style=\"text-align: justify;\">As\u00ed lo han dado a conocer el diputado provincial de Deportes, Dani Sancha; el alcalde anfitri\u00f3n, Juanra Amores; el director t\u00e9cnico coordinador de la Federaci\u00f3n Espa\u00f1ola de Deportes para Ciegos, Jos\u00e9 Luis Arribas Granados; y Asunci\u00f3n Mart\u00ednez, en representaci\u00f3n del Club Torneo Internacional Villa de La Roda, que colabora en la organizaci\u00f3n de la competici\u00f3n.<\/p>\n<p style=\"text-align: justify;\">Se trata del evento m\u00e1s relevante del calendario nacional en esta modalidad, que congregar\u00e1 a 64 jugadores procedentes de todos los puntos de Espa\u00f1a, constituyendo no s\u00f3lo una competici\u00f3n deportiva de alto nivel, sino tambi\u00e9n una muestra de integraci\u00f3n social y superaci\u00f3n a trav\u00e9s del deporte.<\/p>\n<p style=\"text-align: justify;\">Una cita deportiva a la que suma el I Campeonato de Espa\u00f1a de Ajedrez R\u00e1pido, tambi\u00e9n para personas ciegas o con discapacidad visual severa, que tendr\u00e1 lugar los d\u00edas 18 y 19 del mismo mes, es decir, de forma simult\u00e1nea.<\/p>\n<p style=\"text-align: justify;\">As\u00ed, el diputado de deportes, Dani Sancha, ha se\u00f1alado el orgullo que supone para el Gobierno provincial colaborar en el desarrollo de esta competici\u00f3n, y ha incidido en la apuesta que La Roda est\u00e1 realizando en materia deportiva, convencido de que esta cita \u201cser\u00e1 un nuevo \u00e9xito, como nos tienen acostumbrados en esta localidad, donde organizan grandes eventos\u201d.<\/p>\n<p style=\"text-align: justify;\">De hecho, ha afirmado que \u201cen La Roda el deporte es un eje transversal, a nivel competitivo, de instalaciones y de clubes\u201d, y ha afirmado que son \u201cun ejemplo en Castilla-La Mancha del deporte de gran calidad\u201d, al tiempo que ha se\u00f1alado que la provincia de Albacete tiene una gran tradici\u00f3n de Ajedrez, convertida en la que m\u00e1s tarjetas federativas tiene en toda la regi\u00f3n, y ha recordado que aqu\u00ed se organizan grandes torneos, como el Trofeo Internacional de La Roda o Torneo 12 Horas, que impulsa la propia Diputaci\u00f3n.<\/p>\n<p style=\"text-align: justify;\">Adem\u00e1s, el responsable provincial ha asegurado que este Campeonato trasciende lo deportivo, para ser \u201cun evento social e inclusivo, algo que perseguimos desde las administraciones p\u00fablicas y, por ello, es todo un orgullo que nuestra provincia lo acoja\u201d, al tiempo que ha aludido a la dinamizaci\u00f3n econ\u00f3mica que tambi\u00e9n se produce con actividades como \u00e9sta.<\/p>\n<p style=\"text-align: justify;\">Sancha tambi\u00e9n ha destacado la importancia de promover el ajedrez como herramienta de inclusi\u00f3n, estimulaci\u00f3n cognitiva y desarrollo personal en personas con discapacidad visual, felicitando a la FEDC y a la ONCE, y ha puesto el foco en c\u00f3mo estas pr\u00e1cticas deportivas adaptadas visibilizan el talento y el esfuerzo de las personas con discapacidad, eliminado perjuicios.<\/p>\n<p style=\"text-align: justify;\">La Roda es deporte de calidad<\/p>\n<p style=\"text-align: justify;\">Por su parte, el alcalde de La Roda, Juanra Amores, ha remarcado la capacidad organizativa de su localidad, aludiendo a la variedad de eventos deportivos \u201cde calidad\u201d que organiza a lo largo del a\u00f1o, apuntando que esta cita \u201ces el evento deportivo de discapacidad del a\u00f1o en la provincia\u201d<\/p>\n<p style=\"text-align: justify;\">En este punto, ha agradecido el apoyo de la Diputaci\u00f3n y el trabajo de la FEDC y de la ONCE, afirmando que en su pueblo el deporte \u201ces un s\u00edmbolo de identidad, especialmente, en deporte femenino y para personas con discapacidad\u201d, y tambi\u00e9n ha destacado el significado que tiene, en concreto, el Ajedrez, con un torneo internacional que ha cumplido m\u00e1s de medio siglo de vida y una sala, donde se va a disputar esta competici\u00f3n, que se llama Andr\u00e9s Mart\u00ednez, \u201cel nombre de la persona que nos ha ense\u00f1ado a jugar al ajedrez a muchas generaciones\u201d.<\/p>\n<p style=\"text-align: justify;\">Asimismo, ha avanzado que hoy el Ayuntamiento ha concluido unas obras de accesibilidad con la instalaci\u00f3n de botoneras en los pasos de peatones, que dan forma a una ruta accesible desde el hotel, donde se van a alojar los y las deportistas, a la Caja Blanca, \u201cpara que quienes vengan a competir, tambi\u00e9n puedan disfrutar de La Roda en las mismas condiciones que el resto de la poblaci\u00f3n\u201d.<\/p>\n<p style=\"text-align: justify;\">Amores tambi\u00e9n ha querido poner en valor la labor del Club local y el apoyo de la Diputaci\u00f3n, y ha dejado claro que desde su Ayuntamiento van a seguir apostando por el deporte y por los valores que lleva parejos, apuntando tambi\u00e9n las sinergias socioecon\u00f3micas que esto tiene.<\/p>\n<p style=\"text-align: justify;\">La Roda y la ONCE, una relaci\u00f3n estrecha y longeva<\/p>\n<p style=\"text-align: justify;\">En esta l\u00ednea, Asunci\u00f3n Mart\u00ednez, del Club Torneo Internacional Villa de La Roda, ha explicado el orgullo que supone poder organizar este torneo, explicando que la relaci\u00f3n que une a La Roda y a la ONCE viene de muy lejos, \u201cdesde 1993\u201d. A\u00f1o en el que la localidad acogi\u00f3 un Campeonato del Mundo de jugadoras invidentes \u201cy, desde entonces, ha ido creciendo\u201d, como evidencia el hecho de que desde la Organizaci\u00f3n Nacional de Ciegos hayan utilizado el campeonato de La Roda para preparar torneos nacionales e internacionales o que en el 50 aniversario de esta competici\u00f3n, les dedicara un cup\u00f3n.<\/p>\n<p style=\"text-align: justify;\">\u201cHoy esa confianza se renueva porque la ONCE y la FEDC han vuelto a confiar La Roda para acoger este torneo, y es un orgullo y una responsabilidad; sabemos que requiere una dedicaci\u00f3n especial y nos hace especial ilusi\u00f3n\u201d, ha apuntado Mart\u00ednez, agradeciendo a todas las personas que lo hacen posible: \u201cGracias por creer en el ajedrez, que es un deporte que permite el desarrollo personal, la inclusi\u00f3n y competir en igualdad de capacidades\u201d.<\/p>\n<p style=\"text-align: justify;\">Finalmente, el director t\u00e9cnico coordinador de la Federaci\u00f3n Espa\u00f1ola de Deportes para Ciegos, Jos\u00e9 Luis Arribas Granados, que tambi\u00e9n ha agradecido la colaboraci\u00f3n de la Diputaci\u00f3n, ha valorado el esfuerzo que el Ayuntamiento ha realizado para hacer esta ruta accesible, \u201cque quedar\u00e1 para toda la ciudadan\u00eda\u201d.<\/p>\n<p style=\"text-align: justify;\">Tambi\u00e9n ha destacado que el ajedrez es \u201cun deporte inclusivo y abierto a la participaci\u00f3n de cualquier persona con y sin discapacidad y a compartir partidas entre s\u00ed\u201d, y ha animado a la ciudadan\u00eda a disfrutar de esta competici\u00f3n que \u201csi ya es el evento m\u00e1s importante que organizamos al a\u00f1o, este a\u00f1o a\u00fan m\u00e1s, porque vamos a incluir ese Campeonato R\u00e1pido\u201d.<\/p>\n<p><!--publicidad-voz03--><a href=\"https:\/\/www.facebook.com\/profile.php?id=100063593791305&amp;locale=es_ES\"><img decoding=\"async\" class=\"alignnone size-medium\" src=\"https:\/\/blogger.googleusercontent.com\/img\/b\/R29vZ2xl\/AVvXsEi8_n_ll8UOcGxCqzFvb_9Io4ICczlGC990BPtPj2w9Px-u7B3oqWUW5vtjZUqPNJ-nyjiUIorE0ATsib_l5tV8BVN-UJ03RTnU__IHJF_4DgDBtY4LIqXNG-FomrO-7ywes20CBCRM2Hcm7EJSh3UUw1dO-c_uTflUrtgY1i7uBRezj_DpympmEFkfbQY\/s1600\/logo-principal2.jpg\" width=\"100%\" height=\"100\" \/><\/a><!--bestpublic-voz03--><!--desk-in-out-voz03--><br \/>\n<!--publicidad-voz04--><a href=\"https:\/\/www.facebook.com\/profile.php?id=61557370768692&amp;locale=es_ES\"><img decoding=\"async\" class=\"alignnone size-medium\" src=\"https:\/\/blogger.googleusercontent.com\/img\/b\/R29vZ2xl\/AVvXsEgy5RdcfffrnrItnYTcV9bCJjgJwldsQLWssfVfrLbyfXeBNTFKgBf0rMIvhrUaGUhiXzVr9_eQgCbi-j63ZDpfTvLIty9w7s140y-m1yHe7eKmEK7v2NAHUJDVYGdfeiQFeRCqUjdwWmN1MX_AUxxz4IVdJ4WIM0APxit8bjWkXzrnEFGqBvW_1F13H1g\/s1600\/logo-principal5.jpg\" width=\"100%\" height=\"100\" \/><\/a><!--bestpublic-voz04--><!--desk-in-out-voz04--><br \/>\n<!--publicidad-voz05--><a href=\"https:\/\/www.facebook.com\/asociaciontamborileroshellin?locale=es_ES\"><img decoding=\"async\" class=\"alignnone size-medium\" src=\"https:\/\/blogger.googleusercontent.com\/img\/b\/R29vZ2xl\/AVvXsEhHEEpZsKK1VpwiYMrS7aE2ujtqIDZoLd4B5wtbiseSU9s2HdTdQfhF84So2XwEB1fv0BLw95GADm6hUl1bkKtzh-eIgVigXONuu_5RxeIMPhjk8q6uNX4EaEHbooKkbu7pCADWPpVJjhKIH5NQSJpWqedC-YBez4QAQeJYokkLot9bhrIaUAeztsGis6M\/s1600\/logo-principal3.jpg\" width=\"100%\" height=\"100\" \/><\/a><!--bestpublic-voz05--><!--desk-in-out-voz05--><br \/>\n<!--publicidad-voz06--><!--bestpublic-voz06--><!--desk-in-out-voz06--><br \/>\n<!--publicidad-voz07--><!--bestpublic-voz07--><!--desk-in-out-voz07--><br \/>\n<!--publicidad-voz08--><!--bestpublic-voz08--><!--desk-in-out-voz08--><br \/>\n<!--publicidad-voz09--><!--bestpublic-voz09--><!--desk-in-out-voz09--><br \/>\n<!--publicidad-voz10--><!--bestpublic-voz10--><!--desk-in-out-voz10--><br \/>\n<!--publicidad-voz11--><!--bestpublic-voz11--><!--desk-in-out-voz11--><br \/>\n<!--publicidad-voz12--><!--bestpublic-voz12--><!--desk-in-out-voz12--><br \/>\n<!--publicidad-voz13--><!--bestpublic-voz13--><!--desk-in-out-voz13--><br \/>\n<!--publicidad-voz14--><!--bestpublic-voz14--><!--desk-in-out-voz14--><br \/>\n<!--publicidad-voz15--><!--bestpublic-voz15--><!--desk-in-out-voz15--><br \/>\n<!--publicidad-voz16--><!--bestpublic-voz16--><!--desk-in-out-voz16--><\/p>\n","protected":false},"excerpt":{"rendered":"<p>Los y las mejores ajedrecistas ciegos o con discapacidad visual severa del pa\u00eds se dar\u00e1n cita en La Roda, donde del 16 al 24 de noviembre, en su Caja Blanca,&#8230;<\/p>\n","protected":false},"author":2,"featured_media":160577,"comment_status":"closed","ping_status":"closed","sticky":false,"template":"","format":"standard","meta":{"footnotes":""},"categories":[761,718,715,716,717],"tags":[],"class_list":["post-160576","post","type-post","status-publish","format-standard","has-post-thumbnail","hentry","category-blog-lv042","category-blogger","category-la-voz-de-hellin","category-la-voz-de-hellin-la-voz-de-hellin","category-noticias"],"_links":{"self":[{"href":"https:\/\/lavozdehellin.com\/noticias\/wp-json\/wp\/v2\/posts\/160576","targetHints":{"allow":["GET"]}}],"collection":[{"href":"https:\/\/lavozdehellin.com\/noticias\/wp-json\/wp\/v2\/posts"}],"about":[{"href":"https:\/\/lavozdehellin.com\/noticias\/wp-json\/wp\/v2\/types\/post"}],"author":[{"embeddable":true,"href":"https:\/\/lavozdehellin.com\/noticias\/wp-json\/wp\/v2\/users\/2"}],"replies":[{"embeddable":true,"href":"https:\/\/lavozdehellin.com\/noticias\/wp-json\/wp\/v2\/comments?post=160576"}],"version-history":[{"count":0,"href":"https:\/\/lavozdehellin.com\/noticias\/wp-json\/wp\/v2\/posts\/160576\/revisions"}],"wp:featuredmedia":[{"embeddable":true,"href":"https:\/\/lavozdehellin.com\/noticias\/wp-json\/wp\/v2\/media\/160577"}],"wp:attachment":[{"href":"https:\/\/lavozdehellin.com\/noticias\/wp-json\/wp\/v2\/media?parent=160576"}],"wp:term":[{"taxonomy":"category","embeddable":true,"href":"https:\/\/lavozdehellin.com\/noticias\/wp-json\/wp\/v2\/categories?post=160576"},{"taxonomy":"post_tag","embeddable":true,"href":"https:\/\/lavozdehellin.com\/noticias\/wp-json\/wp\/v2\/tags?post=160576"}],"curies":[{"name":"wp","href":"https:\/\/api.w.org\/{rel}","templated":true}]}}