{"id":160579,"date":"2025-10-14T19:46:24","date_gmt":"2025-10-14T17:46:24","guid":{"rendered":"https:\/\/lavozdehellin.com\/noticias\/?p=160579"},"modified":"2025-12-15T18:06:45","modified_gmt":"2025-12-15T16:06:45","slug":"v10-465-lvh-noticias-lleno-absoluto-en-la-inauguracion-de-las-jornadas-cedobi-sobre-las-brigadas-internacionales-destacando-su-valor-como-simbolo-universal-de-paz-justicia-y-memoria-democratica","status":"publish","type":"post","link":"https:\/\/lavozdehellin.com\/noticias\/v10-465-lvh-noticias-lleno-absoluto-en-la-inauguracion-de-las-jornadas-cedobi-sobre-las-brigadas-internacionales-destacando-su-valor-como-simbolo-universal-de-paz-justicia-y-memoria-democratica\/","title":{"rendered":"LVH NOTICIAS | LLENO ABSOLUTO EN LA INAUGURACI\u00d3N DE LAS JORNADAS CEDOBI SOBRE LAS BRIGADAS INTERNACIONALES, DESTACANDO SU VALOR COMO S\u00cdMBOLO UNIVERSAL DE PAZ, JUSTICIA Y MEMORIA DEMOCR\u00c1TICA"},"content":{"rendered":"<p style=\"text-align: justify;\">El vicepresidente provincial, Fran Valera, ha inaugurado en la tarde de este martes las Jornadas CEDOBI sobre las Brigadas Internacionales, celebradas en el Chal\u00e9 Fontecha de la Diputaci\u00f3n de Albacete, con un sal\u00f3n de actos completamente lleno, en un ambiente de gran inter\u00e9s acad\u00e9mico y ciudadano.<\/p>\n<p><!--more--><br \/>\n<!--publicidad-voz01--><a href=\"https:\/\/www.facebook.com\/SoloRadioHellin\/?locale=es_ES\"><img decoding=\"async\" class=\"alignnone size-medium\" src=\"https:\/\/blogger.googleusercontent.com\/img\/b\/R29vZ2xl\/AVvXsEiNncirNnyGedv00mhjZjh5Wl4_YPdJGanoAl8tL8zH-HwqE8uHqjEfSt340RHdx-9tuCSIkZ8rFamZiGyYlgDGxCsmXjCH_1xk5eYM3ntFZRvJP_jndOKR7w1UAo9Tu0vrZyOLfqRpHIxYI5SymJJ-pfGCQw6QVpggBH-UgfjiFQ2JOxqxG0Jx94kW83c\/s1600\/logo-principal.jpg\" width=\"100%\" height=\"100\" \/><\/a><!--bestpublic-voz01--><!--desk-in-out-voz01--><br \/>\n<!--publicidad-voz02--><a href=\"https:\/\/www.hellincf.com\/\"><img decoding=\"async\" class=\"alignnone size-medium\" src=\"https:\/\/blogger.googleusercontent.com\/img\/b\/R29vZ2xl\/AVvXsEhuZ4-XfBVj3UtdP8-RZugy3WVrg-Zv28c53m4oV47qYCxL1rX_dqWX_YddsGSnpH5SRDqZ7bZeKPIfDVCDncpjVlhy3aQs2vojcJBn7Gdv9hC2_Nzct_pRFrnFE1a7KTCdY1bT_kAgnY3-iadRZrGeJf1fR2P5fu11bokx0pWjaypoy-ctwCjklldpEbA\/s1600\/logo-principal7.jpg\" width=\"100%\" height=\"100\" \/><\/a><!--bestpublic-voz02--><!--desk-in-out-voz02--><\/p>\n<p style=\"text-align: justify;\">En el acto han participado tambi\u00e9n el diputado coordinador del \u00c1rea Social, Jos\u00e9 Gonz\u00e1lez; el director del IEA, Antonio Caul\u00edn; el vicerrector de Pol\u00edtica Cient\u00edfica de la Universidad de Castilla-La Mancha (UCLM), Ricardo Cuevas Campos; y el historiador Francisco Al\u00eda Miranda, profesor de la UCLM, encargado de la conferencia inaugural titulada \u2018Alistamiento, movilizaci\u00f3n y desmovilizaci\u00f3n de las Brigadas Internacionales\u2019.<\/p>\n<p style=\"text-align: justify;\">Estas jornadas est\u00e1n organizadas por el CEDOBI, el Centro de Estudios y Documentaci\u00f3n de las Brigadas Internacionales, un organismo mixto de investigaci\u00f3n participado por el Instituto de Estudios Albacetenses y la Universidad de Castilla-La Mancha, que tiene su sede en el propio Chal\u00e9 Fontecha, edificio que acoge tambi\u00e9n la actividad cient\u00edfica y cultural del IEA bajo el amparo de la Diputaci\u00f3n de Albacete.<\/p>\n<p style=\"text-align: justify;\">Valera: \u201cDefender la memoria democr\u00e1tica es hoy un ejercicio de justicia y de pedagog\u00eda\u201d<\/p>\n<p style=\"text-align: justify;\">Durante su intervenci\u00f3n, el vicepresidente provincial ha subrayado el profundo sentido de actualidad que tiene \u201crecordar hoy el legado de las Brigadas Internacionales\u201d, destacando que \u201caquel esp\u00edritu solidario y universal que uni\u00f3 a miles de hombres y mujeres de distintas ideolog\u00edas para defender la democracia en Espa\u00f1a, es el mismo que hoy vemos reflejado en los movimientos internacionales por la paz y la justicia\u201d.<\/p>\n<p style=\"text-align: justify;\">En ese sentido, ha recordado que \u201cen un momento en que el mundo entero se moviliza contra la violencia y en favor de la paz \u2014como estamos viendo con las protestas por el fin del genocidio en Gaza\u2014, recuperar el ejemplo de las Brigadas Internacionales tiene un enorme valor moral y c\u00edvico\u201d.<\/p>\n<p style=\"text-align: justify;\">Valera ha destacado adem\u00e1s que la Diputaci\u00f3n de Albacete, a trav\u00e9s del IEA y del CEDOBI, mantiene \u201cuna apuesta firme por la investigaci\u00f3n y la memoria democr\u00e1tica, no como un gesto de revancha sino como una herramienta acad\u00e9mica y pedag\u00f3gica al servicio de la verdad y la democracia\u201d, a\u00f1adiendo que \u201ces necesario recordar que en Espa\u00f1a hubo una democracia que fue asaltada por la fuerza y que los peores a\u00f1os de nuestra historia reciente fueron los de una dictadura; reconocerlo con serenidad y con rigor es un deber de las instituciones p\u00fablicas y de la ciudadan\u00eda\u201d.<\/p>\n<p style=\"text-align: justify;\">Un marco en el que el vicepresidente tambi\u00e9n ha puesto en valor el uso y la revitalizaci\u00f3n del Chal\u00e9 Fontecha, que se ha convertido en un espacio vivo para la ciencia, la cultura y la historia. \u201cEste edificio, que durante a\u00f1os estuvo cerrado, hoy respira conocimiento y colaboraci\u00f3n entre la Diputaci\u00f3n y la Universidad. Es un lugar donde conviven la memoria, la investigaci\u00f3n y la divulgaci\u00f3n, donde se habla tanto de setas como de memoria democr\u00e1tica, de refajos o de naturaleza, siempre con rigor y con vocaci\u00f3n de servicio p\u00fablico\u201d, ha se\u00f1alado.<\/p>\n<p style=\"text-align: justify;\">Valera ha concluido agradeciendo el trabajo del equipo del IEA y de la UCLM, afirmando que \u201ccada euro que se invierte en fortalecer la democracia y en reconocer la verdad hist\u00f3rica, es un euro bien invertido\u201d.<\/p>\n<p style=\"text-align: justify;\">Francisco Al\u00eda: \u201cLa historia nunca tiene punto final: siempre hay nuevas preguntas que responder\u201d<\/p>\n<p style=\"text-align: justify;\">El profesor e investigador de la UCLM Francisco Al\u00eda Miranda ha abierto las jornadas con una conferencia centrada en los procesos de alistamiento, movilizaci\u00f3n y desmovilizaci\u00f3n de las Brigadas Internacionales, aspectos menos conocidos pero fundamentales para comprender su papel en la Guerra Civil.<\/p>\n<p style=\"text-align: justify;\">Al\u00eda ha explicado que su trabajo, por ejemplo, aborda las luchas internas entre comunistas y anarquistas dentro de las propias brigadas y c\u00f3mo esas tensiones influyeron tanto en su creaci\u00f3n como en su disoluci\u00f3n. \u201cLa historia nunca tiene punto y final \u2014ha subrayado\u2014. Creemos saberlo todo sobre las Brigadas, pero cada investigaci\u00f3n en los archivos revela nuevas perspectivas que nos ayudan a entender mejor aquel tiempo y sus lecciones para el presente\u201d.<\/p>\n<p style=\"text-align: justify;\">El historiador ha destacado adem\u00e1s la importancia de proteger la democracia y de seguir estudiando la Guerra Civil sin miedo ni prejuicios porque \u201cla democracia es fr\u00e1gil, como se demostr\u00f3 en 1936, y debemos aprender de la historia para consolidarla y cuidarla\u201d.<\/p>\n<p style=\"text-align: justify;\">Cuevas: \u201cConocer el pasado nos ayuda a construir el presente y el futuro\u201d<\/p>\n<p style=\"text-align: justify;\">Por su parte, el vicerrector de Pol\u00edtica Cient\u00edfica de la UCLM, Ricardo Cuevas, ha agradecido la colaboraci\u00f3n institucional con la Diputaci\u00f3n y el IEA, se\u00f1alando que la Universidad de Castilla-La Mancha \u201cnaci\u00f3 para investigar por y para la regi\u00f3n, y las jornadas del CEDOBI son un ejemplo de esa misi\u00f3n\u201d.<\/p>\n<p style=\"text-align: justify;\">Ha destacado el valor de los centros mixtos de investigaci\u00f3n y documentaci\u00f3n como el CEDOBI, \u201cque permiten unir el rigor cient\u00edfico con el compromiso social\u201d y reiter\u00f3 el apoyo de la UCLM a proyectos conjuntos que impulsen el conocimiento, la memoria y el patrimonio cultural de la provincia. \u201cConocer el pasado nos ayuda a entender qui\u00e9nes somos y a construir mejor nuestro futuro\u201d, ha afirmado.<\/p>\n<p style=\"text-align: justify;\">Caul\u00edn: \u201cBuscamos una nueva generaci\u00f3n de investigadores sobre las Brigadas Internacionales\u201d<\/p>\n<p style=\"text-align: justify;\">El director del IEA, Antonio Caul\u00edn, ha puesto en contexto el programa de las jornadas, recordando que no se celebraba nada similar desde 2018 y que su objetivo es revitalizar el estudio de las Brigadas Internacionales desde una perspectiva actual, fomentando el relevo generacional en la investigaci\u00f3n.<\/p>\n<p style=\"text-align: justify;\">Ha explicado que el CEDOBI est\u00e1 promoviendo la incorporaci\u00f3n de j\u00f3venes investigadores mediante premios a trabajos de fin de grado y m\u00e1ster, as\u00ed como el acceso a bibliograf\u00eda y fuentes primarias. Asimismo, ha destacado que el CEDOBI participar\u00e1 a finales de mes en un congreso internacional en Barcelona y que, el pr\u00f3ximo a\u00f1o, el Instituto desplegar\u00e1 una amplia programaci\u00f3n con motivo del 90\u00ba aniversario de la llegada de las Brigadas Internacionales a Albacete.<\/p>\n<p style=\"text-align: justify;\">Caul\u00edn ha expresado su satisfacci\u00f3n por la respuesta del p\u00fablico y ha agradecido la labor de Carmen Monteagudo, bibliotecaria del CEDOBI, por mantener vivo el inter\u00e9s y la documentaci\u00f3n en torno a este tema.<\/p>\n<p style=\"text-align: justify;\">Un programa con vocaci\u00f3n acad\u00e9mica, divulgativa y territorial<\/p>\n<p style=\"text-align: justify;\">Las Jornadas CEDOBI Brigadas Internacionales se desarrollar\u00e1n a lo largo de esta semana en Albacete, Madrigueras, Almansa y Hell\u00edn, reivindicando el papel hist\u00f3rico que estas localidades tuvieron en la presencia de las Brigadas Internacionales.<\/p>\n<p style=\"text-align: justify;\">Se enmarcan dentro del esfuerzo de revitalizaci\u00f3n que est\u00e1 llevando a cabo el CEDOBI para llegar a m\u00e1s personas, y las actividades programas se van a desarrollar no s\u00f3lo en diferentes puntos de Albacete (Chal\u00e9 Fontecha y Teatro Circo), sino en espacios de la provincia, al tiempo que incluye una visita al Memorial de las Brigadas Internacionales en Madrigueras, convertido en el \u00fanico del pa\u00eds impulsado por dos instituciones p\u00fablicas: la Diputaci\u00f3n de Albacete y el ayuntamiento local.<\/p>\n<p style=\"text-align: justify;\">As\u00ed, tras la inauguraci\u00f3n ha tenido lugar una conferencia a cargo del profesor Francisco Al\u00eda Miranda de la UCLM, en torno a \u2018De h\u00e9roes a villanos. La movilizaci\u00f3n y desmovilizaci\u00f3n de las Brigadas Internacionales\u2019 y posteriormente, el Teatro Circo acoger\u00e1 una representaci\u00f3n teatral, \u2018Hemingway. Enviado especial\u2019. Obra que tambi\u00e9n se podr\u00e1 disfrutar en Madrigueras y Almansa el d\u00eda 17 y el 24 de octubre, respectivamente.<\/p>\n<p style=\"text-align: justify;\">Ya el mi\u00e9rcoles, 15 de octubre, est\u00e1 prevista la presentaci\u00f3n, en el Archivo Hist\u00f3rico Municipal de Hell\u00edn, del libro \u201818 de julio en los campos de Hell\u00edn\u2019, obra de Francisco Pe\u00f1a Rodr\u00edguez, editado por el IEA). Y el Chal\u00e9 Fontecha acoger\u00e1 una conferencia de los profesores de la UB, Lourdes Prades Artigas y Ram\u00f3n Naya Ortega: \u2018Sois el ejemplo heroico de la solidaridad. El adi\u00f3s de las Brigadas Internacionales\u2019.<\/p>\n<p style=\"text-align: justify;\">Un d\u00eda m\u00e1s tarde, tambi\u00e9n en la sede del IEA se presentar\u00e1 el libro \u2018Hambre y escasez. Abastecimiento en Albacete durante la guerra civil (1936-1939)\u2019 de Alba Nueda Lozano (editado por el IEA). Esta profesora de la UCLM dar\u00e1, posteriormente, una conferencia titulada \u2018Convivir con los otros. La vida en Albacete: sede de las Brigadas Internacionales\u2019. Finalmente, el viernes 17 de octubre, se ha programado, tambi\u00e9n en el Chal\u00e9 Fontecha, la presentaci\u00f3n de un tercer libro: \u2018Los m\u00fasicos de El Campesino\u2019 de C\u00e9sar Jara Fern\u00e1ndez.<\/p>\n<p style=\"text-align: justify;\">Con una combinaci\u00f3n de rigurosidad cient\u00edfica y sensibilidad hist\u00f3rica, estas jornadas pretenden no s\u00f3lo poner en valor el papel de Albacete como base de las Brigadas Internacionales, sino tambi\u00e9n fortalecer el compromiso social con la memoria democr\u00e1tica, la investigaci\u00f3n y la paz.<\/p>\n<p><!--publicidad-voz03--><a href=\"https:\/\/www.facebook.com\/profile.php?id=100063593791305&amp;locale=es_ES\"><img decoding=\"async\" class=\"alignnone size-medium\" src=\"https:\/\/blogger.googleusercontent.com\/img\/b\/R29vZ2xl\/AVvXsEi8_n_ll8UOcGxCqzFvb_9Io4ICczlGC990BPtPj2w9Px-u7B3oqWUW5vtjZUqPNJ-nyjiUIorE0ATsib_l5tV8BVN-UJ03RTnU__IHJF_4DgDBtY4LIqXNG-FomrO-7ywes20CBCRM2Hcm7EJSh3UUw1dO-c_uTflUrtgY1i7uBRezj_DpympmEFkfbQY\/s1600\/logo-principal2.jpg\" width=\"100%\" height=\"100\" \/><\/a><!--bestpublic-voz03--><!--desk-in-out-voz03--><br \/>\n<!--publicidad-voz04--><a href=\"https:\/\/www.facebook.com\/profile.php?id=61557370768692&amp;locale=es_ES\"><img decoding=\"async\" class=\"alignnone size-medium\" src=\"https:\/\/blogger.googleusercontent.com\/img\/b\/R29vZ2xl\/AVvXsEgy5RdcfffrnrItnYTcV9bCJjgJwldsQLWssfVfrLbyfXeBNTFKgBf0rMIvhrUaGUhiXzVr9_eQgCbi-j63ZDpfTvLIty9w7s140y-m1yHe7eKmEK7v2NAHUJDVYGdfeiQFeRCqUjdwWmN1MX_AUxxz4IVdJ4WIM0APxit8bjWkXzrnEFGqBvW_1F13H1g\/s1600\/logo-principal5.jpg\" width=\"100%\" height=\"100\" \/><\/a><!--bestpublic-voz04--><!--desk-in-out-voz04--><br \/>\n<!--publicidad-voz05--><a href=\"https:\/\/www.facebook.com\/asociaciontamborileroshellin?locale=es_ES\"><img decoding=\"async\" class=\"alignnone size-medium\" src=\"https:\/\/blogger.googleusercontent.com\/img\/b\/R29vZ2xl\/AVvXsEhHEEpZsKK1VpwiYMrS7aE2ujtqIDZoLd4B5wtbiseSU9s2HdTdQfhF84So2XwEB1fv0BLw95GADm6hUl1bkKtzh-eIgVigXONuu_5RxeIMPhjk8q6uNX4EaEHbooKkbu7pCADWPpVJjhKIH5NQSJpWqedC-YBez4QAQeJYokkLot9bhrIaUAeztsGis6M\/s1600\/logo-principal3.jpg\" width=\"100%\" height=\"100\" \/><\/a><!--bestpublic-voz05--><!--desk-in-out-voz05--><br \/>\n<!--publicidad-voz06--><!--bestpublic-voz06--><!--desk-in-out-voz06--><br \/>\n<!--publicidad-voz07--><!--bestpublic-voz07--><!--desk-in-out-voz07--><br \/>\n<!--publicidad-voz08--><!--bestpublic-voz08--><!--desk-in-out-voz08--><br \/>\n<!--publicidad-voz09--><!--bestpublic-voz09--><!--desk-in-out-voz09--><br \/>\n<!--publicidad-voz10--><!--bestpublic-voz10--><!--desk-in-out-voz10--><br \/>\n<!--publicidad-voz11--><!--bestpublic-voz11--><!--desk-in-out-voz11--><br \/>\n<!--publicidad-voz12--><!--bestpublic-voz12--><!--desk-in-out-voz12--><br \/>\n<!--publicidad-voz13--><!--bestpublic-voz13--><!--desk-in-out-voz13--><br \/>\n<!--publicidad-voz14--><!--bestpublic-voz14--><!--desk-in-out-voz14--><br \/>\n<!--publicidad-voz15--><!--bestpublic-voz15--><!--desk-in-out-voz15--><br \/>\n<!--publicidad-voz16--><!--bestpublic-voz16--><!--desk-in-out-voz16--><\/p>\n","protected":false},"excerpt":{"rendered":"<p>El vicepresidente provincial, Fran Valera, ha inaugurado en la tarde de este martes las Jornadas CEDOBI sobre las Brigadas Internacionales, celebradas en el Chal\u00e9 Fontecha de la Diputaci\u00f3n de Albacete,&#8230;<\/p>\n","protected":false},"author":2,"featured_media":160580,"comment_status":"closed","ping_status":"closed","sticky":false,"template":"","format":"standard","meta":{"footnotes":""},"categories":[761,718,715,716,717],"tags":[],"class_list":["post-160579","post","type-post","status-publish","format-standard","has-post-thumbnail","hentry","category-blog-lv042","category-blogger","category-la-voz-de-hellin","category-la-voz-de-hellin-la-voz-de-hellin","category-noticias"],"_links":{"self":[{"href":"https:\/\/lavozdehellin.com\/noticias\/wp-json\/wp\/v2\/posts\/160579","targetHints":{"allow":["GET"]}}],"collection":[{"href":"https:\/\/lavozdehellin.com\/noticias\/wp-json\/wp\/v2\/posts"}],"about":[{"href":"https:\/\/lavozdehellin.com\/noticias\/wp-json\/wp\/v2\/types\/post"}],"author":[{"embeddable":true,"href":"https:\/\/lavozdehellin.com\/noticias\/wp-json\/wp\/v2\/users\/2"}],"replies":[{"embeddable":true,"href":"https:\/\/lavozdehellin.com\/noticias\/wp-json\/wp\/v2\/comments?post=160579"}],"version-history":[{"count":0,"href":"https:\/\/lavozdehellin.com\/noticias\/wp-json\/wp\/v2\/posts\/160579\/revisions"}],"wp:featuredmedia":[{"embeddable":true,"href":"https:\/\/lavozdehellin.com\/noticias\/wp-json\/wp\/v2\/media\/160580"}],"wp:attachment":[{"href":"https:\/\/lavozdehellin.com\/noticias\/wp-json\/wp\/v2\/media?parent=160579"}],"wp:term":[{"taxonomy":"category","embeddable":true,"href":"https:\/\/lavozdehellin.com\/noticias\/wp-json\/wp\/v2\/categories?post=160579"},{"taxonomy":"post_tag","embeddable":true,"href":"https:\/\/lavozdehellin.com\/noticias\/wp-json\/wp\/v2\/tags?post=160579"}],"curies":[{"name":"wp","href":"https:\/\/api.w.org\/{rel}","templated":true}]}}