{"id":160582,"date":"2025-10-14T13:46:50","date_gmt":"2025-10-14T11:46:50","guid":{"rendered":"https:\/\/lavozdehellin.com\/noticias\/?p=160582"},"modified":"2025-12-15T18:06:45","modified_gmt":"2025-12-15T16:06:45","slug":"v10-464-lvh-noticias-la-diputacion-de-albacete-trabaja-para-restablecer-la-normalidad-en-la-ab-300-en-cuanto-se-reduzca-el-lagunamiento-del-terreno","status":"publish","type":"post","link":"https:\/\/lavozdehellin.com\/noticias\/v10-464-lvh-noticias-la-diputacion-de-albacete-trabaja-para-restablecer-la-normalidad-en-la-ab-300-en-cuanto-se-reduzca-el-lagunamiento-del-terreno\/","title":{"rendered":"LVH NOTICIAS | LA DIPUTACI\u00d3N DE ALBACETE TRABAJA PARA RESTABLECER LA NORMALIDAD EN LA AB-300 EN CUANTO SE REDUZCA EL LAGUNAMIENTO DEL TERRENO"},"content":{"rendered":"<p style=\"text-align: justify;\">La carretera provincial AB-300, que conecta la autov\u00eda A-31 con el Parador Nacional de Albacete, permanece cortada al tr\u00e1fico desde la tarde del lunes, 13 de octubre, como consecuencia de las intensas lluvias ca\u00eddas en la zona de Chinchilla de Montearag\u00f3n, que llegaron a superar los 45-50 litros por metro cuadrado en pocas horas.<\/p>\n<p><!--more--><br \/>\n<!--publicidad-voz01--><a href=\"https:\/\/www.facebook.com\/SoloRadioHellin\/?locale=es_ES\"><img decoding=\"async\" class=\"alignnone size-medium\" src=\"https:\/\/blogger.googleusercontent.com\/img\/b\/R29vZ2xl\/AVvXsEiNncirNnyGedv00mhjZjh5Wl4_YPdJGanoAl8tL8zH-HwqE8uHqjEfSt340RHdx-9tuCSIkZ8rFamZiGyYlgDGxCsmXjCH_1xk5eYM3ntFZRvJP_jndOKR7w1UAo9Tu0vrZyOLfqRpHIxYI5SymJJ-pfGCQw6QVpggBH-UgfjiFQ2JOxqxG0Jx94kW83c\/s1600\/logo-principal.jpg\" width=\"100%\" height=\"100\" \/><\/a><!--bestpublic-voz01--><!--desk-in-out-voz01--><br \/>\n<!--publicidad-voz02--><a href=\"https:\/\/www.hellincf.com\/\"><img decoding=\"async\" class=\"alignnone size-medium\" src=\"https:\/\/blogger.googleusercontent.com\/img\/b\/R29vZ2xl\/AVvXsEhuZ4-XfBVj3UtdP8-RZugy3WVrg-Zv28c53m4oV47qYCxL1rX_dqWX_YddsGSnpH5SRDqZ7bZeKPIfDVCDncpjVlhy3aQs2vojcJBn7Gdv9hC2_Nzct_pRFrnFE1a7KTCdY1bT_kAgnY3-iadRZrGeJf1fR2P5fu11bokx0pWjaypoy-ctwCjklldpEbA\/s1600\/logo-principal7.jpg\" width=\"100%\" height=\"100\" \/><\/a><!--bestpublic-voz02--><!--desk-in-out-voz02--><\/p>\n<p style=\"text-align: justify;\">El vicepresidente de la Diputaci\u00f3n de Albacete y responsable del \u00e1rea de Obras, Fran Valera, ha visitado este martes la zona afectada junto al personal t\u00e9cnico del Servicio para evaluar los da\u00f1os y coordinar los trabajos necesarios para la reapertura segura de la v\u00eda.<\/p>\n<p style=\"text-align: justify;\">Una situaci\u00f3n recurrente en el paraje del Hondo de la Morena<\/p>\n<p style=\"text-align: justify;\">\u201cCada vez que se producen lluvias fuertes en la zona de Chinchilla se repiten estos problemas en el paraje del Hondo de la Morena, donde la carretera en la AB-300 se sit\u00faa en el punto m\u00e1s bajo del terreno y sufre un importante embalsamiento de agua\u201d, ha explicado Valera desde el lugar.<\/p>\n<p style=\"text-align: justify;\">El vicepresidente ha se\u00f1alado que, debido al nivel de inundaci\u00f3n actual, las labores de limpieza son imposibles por el momento, por lo que la prioridad es esperar a que baje el nivel del agua para poder intervenir con la maquinaria y restablecer la circulaci\u00f3n \u201ca lo largo de esta tarde o, en su defecto, a primera hora de ma\u00f1ana\u201d.<\/p>\n<p style=\"text-align: justify;\">Accesos seguros al Parador Nacional y coordinaci\u00f3n permanente<\/p>\n<p style=\"text-align: justify;\">Durante la visita, Valera tambi\u00e9n ha mantenido una conversaci\u00f3n con Javier \u00c1lvarez, director del Parador Nacional de Albacete, trasl\u00e1ndole el seguimiento de la situaci\u00f3n. En este sentido, ha se\u00f1alado que el establecimiento mantiene operativa su entrada y salida por la carretera de Murcia, en condiciones de plena seguridad y normalidad.<\/p>\n<p style=\"text-align: justify;\">\u201cEl Parador sigue teniendo entrada y salida perfectamente; como me comentaba su director, tiene una ocupaci\u00f3n plena y no hay ning\u00fan problema de acceso a este punto por otras v\u00edas\u201d, ha confirmado Valera.<\/p>\n<p style=\"text-align: justify;\">El vicepresidente ha a\u00f1adido que, desde la Diputaci\u00f3n, se est\u00e1 a la espera de las decisiones que adopten los organismos competentes, como la Confederaci\u00f3n Hidrogr\u00e1fica o el Gobierno de Espa\u00f1a, ya que la situaci\u00f3n se ve condicionada por infraestructuras pr\u00f3ximas, como la autov\u00eda o la l\u00ednea ferroviaria, que podr\u00edan estar dificultando la evacuaci\u00f3n natural de las aguas.<\/p>\n<p style=\"text-align: justify;\">\u201cDesde la Diputaci\u00f3n tenemos una predisposici\u00f3n absoluta para colaborar en soluciones a largo plazo, incluso valorando una posible elevaci\u00f3n de la carretera, pero entendemos que ser\u00e1 necesario abordar previamente actuaciones hidr\u00e1ulicas de mayor calado para evitar que este tipo de episodios se sigan repitiendo\u201d, ha concluido Valera.<\/p>\n<p style=\"text-align: justify;\">La Diputaci\u00f3n de Albacete continuar\u00e1 monitorizando la evoluci\u00f3n del terreno y del nivel del agua con el objetivo de reabrir la AB-300 lo antes posible y con todas las garant\u00edas de seguridad.<\/p>\n<p><!--publicidad-voz03--><a href=\"https:\/\/www.facebook.com\/profile.php?id=100063593791305&amp;locale=es_ES\"><img decoding=\"async\" class=\"alignnone size-medium\" src=\"https:\/\/blogger.googleusercontent.com\/img\/b\/R29vZ2xl\/AVvXsEi8_n_ll8UOcGxCqzFvb_9Io4ICczlGC990BPtPj2w9Px-u7B3oqWUW5vtjZUqPNJ-nyjiUIorE0ATsib_l5tV8BVN-UJ03RTnU__IHJF_4DgDBtY4LIqXNG-FomrO-7ywes20CBCRM2Hcm7EJSh3UUw1dO-c_uTflUrtgY1i7uBRezj_DpympmEFkfbQY\/s1600\/logo-principal2.jpg\" width=\"100%\" height=\"100\" \/><\/a><!--bestpublic-voz03--><!--desk-in-out-voz03--><br \/>\n<!--publicidad-voz04--><a href=\"https:\/\/www.facebook.com\/profile.php?id=61557370768692&amp;locale=es_ES\"><img decoding=\"async\" class=\"alignnone size-medium\" src=\"https:\/\/blogger.googleusercontent.com\/img\/b\/R29vZ2xl\/AVvXsEgy5RdcfffrnrItnYTcV9bCJjgJwldsQLWssfVfrLbyfXeBNTFKgBf0rMIvhrUaGUhiXzVr9_eQgCbi-j63ZDpfTvLIty9w7s140y-m1yHe7eKmEK7v2NAHUJDVYGdfeiQFeRCqUjdwWmN1MX_AUxxz4IVdJ4WIM0APxit8bjWkXzrnEFGqBvW_1F13H1g\/s1600\/logo-principal5.jpg\" width=\"100%\" height=\"100\" \/><\/a><!--bestpublic-voz04--><!--desk-in-out-voz04--><br \/>\n<!--publicidad-voz05--><a href=\"https:\/\/www.facebook.com\/asociaciontamborileroshellin?locale=es_ES\"><img decoding=\"async\" class=\"alignnone size-medium\" src=\"https:\/\/blogger.googleusercontent.com\/img\/b\/R29vZ2xl\/AVvXsEhHEEpZsKK1VpwiYMrS7aE2ujtqIDZoLd4B5wtbiseSU9s2HdTdQfhF84So2XwEB1fv0BLw95GADm6hUl1bkKtzh-eIgVigXONuu_5RxeIMPhjk8q6uNX4EaEHbooKkbu7pCADWPpVJjhKIH5NQSJpWqedC-YBez4QAQeJYokkLot9bhrIaUAeztsGis6M\/s1600\/logo-principal3.jpg\" width=\"100%\" height=\"100\" \/><\/a><!--bestpublic-voz05--><!--desk-in-out-voz05--><br \/>\n<!--publicidad-voz06--><!--bestpublic-voz06--><!--desk-in-out-voz06--><br \/>\n<!--publicidad-voz07--><!--bestpublic-voz07--><!--desk-in-out-voz07--><br \/>\n<!--publicidad-voz08--><!--bestpublic-voz08--><!--desk-in-out-voz08--><br \/>\n<!--publicidad-voz09--><!--bestpublic-voz09--><!--desk-in-out-voz09--><br \/>\n<!--publicidad-voz10--><!--bestpublic-voz10--><!--desk-in-out-voz10--><br \/>\n<!--publicidad-voz11--><!--bestpublic-voz11--><!--desk-in-out-voz11--><br \/>\n<!--publicidad-voz12--><!--bestpublic-voz12--><!--desk-in-out-voz12--><br \/>\n<!--publicidad-voz13--><!--bestpublic-voz13--><!--desk-in-out-voz13--><br \/>\n<!--publicidad-voz14--><!--bestpublic-voz14--><!--desk-in-out-voz14--><br \/>\n<!--publicidad-voz15--><!--bestpublic-voz15--><!--desk-in-out-voz15--><br \/>\n<!--publicidad-voz16--><!--bestpublic-voz16--><!--desk-in-out-voz16--><\/p>\n","protected":false},"excerpt":{"rendered":"<p>La carretera provincial AB-300, que conecta la autov\u00eda A-31 con el Parador Nacional de Albacete, permanece cortada al tr\u00e1fico desde la tarde del lunes, 13 de octubre, como consecuencia de&#8230;<\/p>\n","protected":false},"author":2,"featured_media":160583,"comment_status":"closed","ping_status":"closed","sticky":false,"template":"","format":"standard","meta":{"footnotes":""},"categories":[761,718,715,716,717],"tags":[],"class_list":["post-160582","post","type-post","status-publish","format-standard","has-post-thumbnail","hentry","category-blog-lv042","category-blogger","category-la-voz-de-hellin","category-la-voz-de-hellin-la-voz-de-hellin","category-noticias"],"_links":{"self":[{"href":"https:\/\/lavozdehellin.com\/noticias\/wp-json\/wp\/v2\/posts\/160582","targetHints":{"allow":["GET"]}}],"collection":[{"href":"https:\/\/lavozdehellin.com\/noticias\/wp-json\/wp\/v2\/posts"}],"about":[{"href":"https:\/\/lavozdehellin.com\/noticias\/wp-json\/wp\/v2\/types\/post"}],"author":[{"embeddable":true,"href":"https:\/\/lavozdehellin.com\/noticias\/wp-json\/wp\/v2\/users\/2"}],"replies":[{"embeddable":true,"href":"https:\/\/lavozdehellin.com\/noticias\/wp-json\/wp\/v2\/comments?post=160582"}],"version-history":[{"count":0,"href":"https:\/\/lavozdehellin.com\/noticias\/wp-json\/wp\/v2\/posts\/160582\/revisions"}],"wp:featuredmedia":[{"embeddable":true,"href":"https:\/\/lavozdehellin.com\/noticias\/wp-json\/wp\/v2\/media\/160583"}],"wp:attachment":[{"href":"https:\/\/lavozdehellin.com\/noticias\/wp-json\/wp\/v2\/media?parent=160582"}],"wp:term":[{"taxonomy":"category","embeddable":true,"href":"https:\/\/lavozdehellin.com\/noticias\/wp-json\/wp\/v2\/categories?post=160582"},{"taxonomy":"post_tag","embeddable":true,"href":"https:\/\/lavozdehellin.com\/noticias\/wp-json\/wp\/v2\/tags?post=160582"}],"curies":[{"name":"wp","href":"https:\/\/api.w.org\/{rel}","templated":true}]}}