{"id":160691,"date":"2025-12-15T15:00:55","date_gmt":"2025-12-15T13:00:55","guid":{"rendered":"https:\/\/lavozdehellin.com\/noticias\/?p=160691"},"modified":"2025-12-16T18:46:28","modified_gmt":"2025-12-16T16:46:28","slug":"v10-488-lvh-noticias-la-diputacion-de-albacete-impulsa-te-falta-calle-un-nuevo-festival-de-teatro-de-calle-para-dinamizar-el-turismo-en-la-provincia-a-traves-de-la-cultura","status":"publish","type":"post","link":"https:\/\/lavozdehellin.com\/noticias\/v10-488-lvh-noticias-la-diputacion-de-albacete-impulsa-te-falta-calle-un-nuevo-festival-de-teatro-de-calle-para-dinamizar-el-turismo-en-la-provincia-a-traves-de-la-cultura\/","title":{"rendered":"LVH NOTICIAS | LA DIPUTACI\u00d3N DE ALBACETE IMPULSA \u2018TE FALTA CALLE\u2019, UN NUEVO FESTIVAL DE TEATRO DE CALLE PARA DINAMIZAR EL TURISMO EN LA PROVINCIA A TRAV\u00c9S DE LA CULTURA"},"content":{"rendered":"<p style=\"text-align: justify;\">La Diputaci\u00f3n de Albacete, a trav\u00e9s de su Servicio de Educaci\u00f3n y Cultura, impulsa este mes de diciembre \u2018Te Falta Calle\u2019, el I Festival Provincial de Teatro de Calle.<\/p>\n<p><!--more--><br \/>\n<!--publicidad-voz01--><a href=\"https:\/\/www.facebook.com\/SoloRadioHellin\/?locale=es_ES\"><img decoding=\"async\" class=\"alignnone size-medium\" src=\"https:\/\/blogger.googleusercontent.com\/img\/b\/R29vZ2xl\/AVvXsEiNncirNnyGedv00mhjZjh5Wl4_YPdJGanoAl8tL8zH-HwqE8uHqjEfSt340RHdx-9tuCSIkZ8rFamZiGyYlgDGxCsmXjCH_1xk5eYM3ntFZRvJP_jndOKR7w1UAo9Tu0vrZyOLfqRpHIxYI5SymJJ-pfGCQw6QVpggBH-UgfjiFQ2JOxqxG0Jx94kW83c\/s1600\/logo-principal.jpg\" width=\"100%\" height=\"100\" \/><\/a><!--bestpublic-voz01--><!--desk-in-out-voz01--><br \/>\n<!--publicidad-voz02--><a href=\"https:\/\/www.hellincf.com\/\"><img decoding=\"async\" class=\"alignnone size-medium\" src=\"https:\/\/blogger.googleusercontent.com\/img\/b\/R29vZ2xl\/AVvXsEhuZ4-XfBVj3UtdP8-RZugy3WVrg-Zv28c53m4oV47qYCxL1rX_dqWX_YddsGSnpH5SRDqZ7bZeKPIfDVCDncpjVlhy3aQs2vojcJBn7Gdv9hC2_Nzct_pRFrnFE1a7KTCdY1bT_kAgnY3-iadRZrGeJf1fR2P5fu11bokx0pWjaypoy-ctwCjklldpEbA\/s1600\/logo-principal7.jpg\" width=\"100%\" height=\"100\" \/><\/a><!--bestpublic-voz02--><!--desk-in-out-voz02--><\/p>\n<p style=\"text-align: justify;\">Se trata de una nueva iniciativa cultural que apuesta por sacar las artes esc\u00e9nicas a plazas y calles de municipios con especial valor patrimonial y paisaj\u00edstico, convirtiendo el espacio p\u00fablico en un punto de encuentro entre cultura, ciudadan\u00eda y territorio.<\/p>\n<p style=\"text-align: justify;\">El festival se celebra en cuatro fines de semana consecutivos en el marco de las celebraciones navide\u00f1as, con espect\u00e1culos matinales a las 12:30 horas, una franja pensada tanto para el p\u00fablico local como para visitantes, y concebida como un reclamo cultural que anime a pasar el d\u00eda en las localidades, disfrutar de su entorno, de su oferta gastron\u00f3mica y de su comercio.<\/p>\n<p style=\"text-align: justify;\">Cuatro propuestas, cuatro formas de \u2018vivir la calle\u2019<\/p>\n<p style=\"text-align: justify;\">Las citas ser\u00e1n el s\u00e1bado, 20 de diciembre, en Tarazona de la Mancha, con el espect\u00e1culo \u2018Olympics\u2019. El domingo 21, en Ayna, con \u2018Glubs\u2019. El s\u00e1bado, 27 de diciembre, en Alcaraz, con \u2018A la fresca\u2019. Y el domingo, 28 de diciembre, la experiencia concluye en Alcal\u00e1 del J\u00facar, con \u2018Playground\u2019.<\/p>\n<p style=\"text-align: justify;\">Las propuestas son para todos los p\u00fablicos y han sido seleccionadas por su calidad art\u00edstica y su capacidad de interacci\u00f3n con el espacio urbano y el p\u00fablico:<\/p>\n<p style=\"text-align: justify;\">\u2018Olympics\u2019, de Nacho Vilar Producciones &amp; Yllana, es un espect\u00e1culo itinerante de comedia gestual, surrealista y visual, que transforma la calle en una peculiar competici\u00f3n deportiva cargada de humor y ritmo.<\/p>\n<p style=\"text-align: justify;\">\u2018Glubs\u2019, de la misma compa\u00f1\u00eda, propone una comedia itinerante basada en el humor f\u00edsico y el juego esc\u00e9nico, reconocida por la Red Espa\u00f1ola de Teatros y Auditorios y finalista a los Premios Max, pensada para sorprender al p\u00fablico en pleno recorrido urbano.<\/p>\n<p style=\"text-align: justify;\">\u2018A la fresca\u2019, de la compa\u00f1\u00eda Anna Confetti, es una propuesta divertida y cercana que recupera el esp\u00edritu de la conversaci\u00f3n en la calle y la vida compartida en las plazas, con un lenguaje gestual accesible para todas las edades.<\/p>\n<p style=\"text-align: justify;\">\u2018Playground\u2019, de Collectif Primavez, combina m\u00e1stil chino, danza, teatro y humor en un espect\u00e1culo est\u00e1tico que se desarrolla a ocho metros de altura, con participaci\u00f3n del p\u00fablico y una potente carga visual, avalada por numerosos premios internacionales.<\/p>\n<p style=\"text-align: justify;\">La cultura\u2026 donde sucede la vida<\/p>\n<p style=\"text-align: justify;\">\u2018Te Falta Calle\u2019 nace con una doble vocaci\u00f3n: por un lado, acercar la cultura a la ciudadan\u00eda, especialmente a municipios que no cuentan con programaci\u00f3n esc\u00e9nica continuada o con espacios teatrales convencionales; y por otro, dinamizar el turismo cultural, poniendo en valor enclaves singulares de la provincia a trav\u00e9s de propuestas art\u00edsticas accesibles y de calidad.<\/p>\n<p style=\"text-align: justify;\">La iniciativa se enmarca en la l\u00ednea de trabajo del equipo de Gobierno que preside Santi Caba\u00f1ero, que concibe la cultura como un servicio p\u00fablico esencial, una herramienta de cohesi\u00f3n social y un motor para el desarrollo del territorio. En este sentido, el festival refuerza la idea de que la cultura no s\u00f3lo se consume, sino que se vive en comunidad, en los espacios donde transcurre la vida cotidiana.<\/p>\n<p style=\"text-align: justify;\">Adem\u00e1s, el car\u00e1cter matinal de los espect\u00e1culos permite que la experiencia cultural se integre de forma natural en la visita a los municipios, favoreciendo que vecinos y visitantes prolonguen su estancia, coman en la localidad, paseen por sus calles y disfruten de su patrimonio, generando un impacto positivo en la econom\u00eda local.<\/p>\n<p style=\"text-align: justify;\">\u2018Te Falta Calle\u2019 se suma as\u00ed a la programaci\u00f3n cultural que la Diputaci\u00f3n de Albacete desarrolla a lo largo del a\u00f1o, ampliando su alcance y explorando nuevos formatos que conectan cultura, territorio y ciudadan\u00eda, con una propuesta pensada para todos los p\u00fablicos y abierta a quienes, muchas veces, se encuentran con el teatro de manera inesperada\u2026 en la calle.<\/p>\n<p><!--publicidad-voz03--><a href=\"https:\/\/www.facebook.com\/profile.php?id=100063593791305&amp;locale=es_ES\"><img decoding=\"async\" class=\"alignnone size-medium\" src=\"https:\/\/blogger.googleusercontent.com\/img\/b\/R29vZ2xl\/AVvXsEi8_n_ll8UOcGxCqzFvb_9Io4ICczlGC990BPtPj2w9Px-u7B3oqWUW5vtjZUqPNJ-nyjiUIorE0ATsib_l5tV8BVN-UJ03RTnU__IHJF_4DgDBtY4LIqXNG-FomrO-7ywes20CBCRM2Hcm7EJSh3UUw1dO-c_uTflUrtgY1i7uBRezj_DpympmEFkfbQY\/s1600\/logo-principal2.jpg\" width=\"100%\" height=\"100\" \/><\/a><!--bestpublic-voz03--><!--desk-in-out-voz03--><br \/>\n<!--publicidad-voz04--><a href=\"https:\/\/www.facebook.com\/profile.php?id=61557370768692&amp;locale=es_ES\"><img decoding=\"async\" class=\"alignnone size-medium\" src=\"https:\/\/blogger.googleusercontent.com\/img\/b\/R29vZ2xl\/AVvXsEgy5RdcfffrnrItnYTcV9bCJjgJwldsQLWssfVfrLbyfXeBNTFKgBf0rMIvhrUaGUhiXzVr9_eQgCbi-j63ZDpfTvLIty9w7s140y-m1yHe7eKmEK7v2NAHUJDVYGdfeiQFeRCqUjdwWmN1MX_AUxxz4IVdJ4WIM0APxit8bjWkXzrnEFGqBvW_1F13H1g\/s1600\/logo-principal5.jpg\" width=\"100%\" height=\"100\" \/><\/a><!--bestpublic-voz04--><!--desk-in-out-voz04--><br \/>\n<!--publicidad-voz05--><a href=\"https:\/\/www.facebook.com\/asociaciontamborileroshellin?locale=es_ES\"><img decoding=\"async\" class=\"alignnone size-medium\" src=\"https:\/\/blogger.googleusercontent.com\/img\/b\/R29vZ2xl\/AVvXsEhHEEpZsKK1VpwiYMrS7aE2ujtqIDZoLd4B5wtbiseSU9s2HdTdQfhF84So2XwEB1fv0BLw95GADm6hUl1bkKtzh-eIgVigXONuu_5RxeIMPhjk8q6uNX4EaEHbooKkbu7pCADWPpVJjhKIH5NQSJpWqedC-YBez4QAQeJYokkLot9bhrIaUAeztsGis6M\/s1600\/logo-principal3.jpg\" width=\"100%\" height=\"100\" \/><\/a><!--bestpublic-voz05--><!--desk-in-out-voz05--><br \/>\n<!--publicidad-voz06--><!--bestpublic-voz06--><!--desk-in-out-voz06--><br \/>\n<!--publicidad-voz07--><!--bestpublic-voz07--><!--desk-in-out-voz07--><br \/>\n<!--publicidad-voz08--><!--bestpublic-voz08--><!--desk-in-out-voz08--><br \/>\n<!--publicidad-voz09--><!--bestpublic-voz09--><!--desk-in-out-voz09--><br \/>\n<!--publicidad-voz10--><!--bestpublic-voz10--><!--desk-in-out-voz10--><br \/>\n<!--publicidad-voz11--><!--bestpublic-voz11--><!--desk-in-out-voz11--><br \/>\n<!--publicidad-voz12--><!--bestpublic-voz12--><!--desk-in-out-voz12--><br \/>\n<!--publicidad-voz13--><!--bestpublic-voz13--><!--desk-in-out-voz13--><br \/>\n<!--publicidad-voz14--><!--bestpublic-voz14--><!--desk-in-out-voz14--><br \/>\n<!--publicidad-voz15--><!--bestpublic-voz15--><!--desk-in-out-voz15--><br \/>\n<!--publicidad-voz16--><!--bestpublic-voz16--><!--desk-in-out-voz16--><\/p>\n","protected":false},"excerpt":{"rendered":"<p>La Diputaci\u00f3n de Albacete, a trav\u00e9s de su Servicio de Educaci\u00f3n y Cultura, impulsa este mes de diciembre \u2018Te Falta Calle\u2019, el I Festival Provincial de Teatro de Calle.<\/p>\n","protected":false},"author":2,"featured_media":160692,"comment_status":"closed","ping_status":"closed","sticky":false,"template":"","format":"standard","meta":{"footnotes":""},"categories":[761,718,715,716,717],"tags":[],"class_list":["post-160691","post","type-post","status-publish","format-standard","has-post-thumbnail","hentry","category-blog-lv042","category-blogger","category-la-voz-de-hellin","category-la-voz-de-hellin-la-voz-de-hellin","category-noticias"],"_links":{"self":[{"href":"https:\/\/lavozdehellin.com\/noticias\/wp-json\/wp\/v2\/posts\/160691","targetHints":{"allow":["GET"]}}],"collection":[{"href":"https:\/\/lavozdehellin.com\/noticias\/wp-json\/wp\/v2\/posts"}],"about":[{"href":"https:\/\/lavozdehellin.com\/noticias\/wp-json\/wp\/v2\/types\/post"}],"author":[{"embeddable":true,"href":"https:\/\/lavozdehellin.com\/noticias\/wp-json\/wp\/v2\/users\/2"}],"replies":[{"embeddable":true,"href":"https:\/\/lavozdehellin.com\/noticias\/wp-json\/wp\/v2\/comments?post=160691"}],"version-history":[{"count":0,"href":"https:\/\/lavozdehellin.com\/noticias\/wp-json\/wp\/v2\/posts\/160691\/revisions"}],"wp:featuredmedia":[{"embeddable":true,"href":"https:\/\/lavozdehellin.com\/noticias\/wp-json\/wp\/v2\/media\/160692"}],"wp:attachment":[{"href":"https:\/\/lavozdehellin.com\/noticias\/wp-json\/wp\/v2\/media?parent=160691"}],"wp:term":[{"taxonomy":"category","embeddable":true,"href":"https:\/\/lavozdehellin.com\/noticias\/wp-json\/wp\/v2\/categories?post=160691"},{"taxonomy":"post_tag","embeddable":true,"href":"https:\/\/lavozdehellin.com\/noticias\/wp-json\/wp\/v2\/tags?post=160691"}],"curies":[{"name":"wp","href":"https:\/\/api.w.org\/{rel}","templated":true}]}}