{"id":160694,"date":"2025-12-15T10:10:03","date_gmt":"2025-12-15T08:10:03","guid":{"rendered":"https:\/\/lavozdehellin.com\/noticias\/?p=160694"},"modified":"2025-12-16T18:46:28","modified_gmt":"2025-12-16T16:46:28","slug":"v10-487-lvh-noticias-la-diputacion-de-albacete-cierra-un-2025-de-impulso-historico-para-su-instituto-de-estudios-albacetenses","status":"publish","type":"post","link":"https:\/\/lavozdehellin.com\/noticias\/v10-487-lvh-noticias-la-diputacion-de-albacete-cierra-un-2025-de-impulso-historico-para-su-instituto-de-estudios-albacetenses\/","title":{"rendered":"LVH NOTICIAS | LA DIPUTACI\u00d3N DE ALBACETE CIERRA UN 2025 DE IMPULSO HIST\u00d3RICO PARA SU INSTITUTO DE ESTUDIOS ALBACETENSES"},"content":{"rendered":"<p style=\"text-align: justify;\">El Instituto de Estudios Albacetenses (IEA) \u2018Don Juan Manuel\u2019 de la Diputaci\u00f3n ha celebrado en su sede del Chal\u00e9 Fontecha la Asamblea Anual de cierre del a\u00f1o, en un encuentro marcado por el reconocimiento al extraordinario crecimiento que ha experimentado este centro durante 2025, tanto en actividad cient\u00edfica como en implicaci\u00f3n ciudadana.<\/p>\n<p><!--more--><br \/>\n<!--publicidad-voz01--><a href=\"https:\/\/www.facebook.com\/SoloRadioHellin\/?locale=es_ES\"><img decoding=\"async\" class=\"alignnone size-medium\" src=\"https:\/\/blogger.googleusercontent.com\/img\/b\/R29vZ2xl\/AVvXsEiNncirNnyGedv00mhjZjh5Wl4_YPdJGanoAl8tL8zH-HwqE8uHqjEfSt340RHdx-9tuCSIkZ8rFamZiGyYlgDGxCsmXjCH_1xk5eYM3ntFZRvJP_jndOKR7w1UAo9Tu0vrZyOLfqRpHIxYI5SymJJ-pfGCQw6QVpggBH-UgfjiFQ2JOxqxG0Jx94kW83c\/s1600\/logo-principal.jpg\" width=\"100%\" height=\"100\" \/><\/a><!--bestpublic-voz01--><!--desk-in-out-voz01--><br \/>\n<!--publicidad-voz02--><a href=\"https:\/\/www.hellincf.com\/\"><img decoding=\"async\" class=\"alignnone size-medium\" src=\"https:\/\/blogger.googleusercontent.com\/img\/b\/R29vZ2xl\/AVvXsEhuZ4-XfBVj3UtdP8-RZugy3WVrg-Zv28c53m4oV47qYCxL1rX_dqWX_YddsGSnpH5SRDqZ7bZeKPIfDVCDncpjVlhy3aQs2vojcJBn7Gdv9hC2_Nzct_pRFrnFE1a7KTCdY1bT_kAgnY3-iadRZrGeJf1fR2P5fu11bokx0pWjaypoy-ctwCjklldpEbA\/s1600\/logo-principal7.jpg\" width=\"100%\" height=\"100\" \/><\/a><!--bestpublic-voz02--><!--desk-in-out-voz02--><\/p>\n<p style=\"text-align: justify;\">El vicepresidente de la Diputaci\u00f3n y del Consejo Rector del IEA, Fran Valera, ha encabezado la representaci\u00f3n institucional en la sesi\u00f3n, junto al director del Instituto, Antonio Caul\u00edn, la diputada del equipo de Gobierno, Yolanda Ballesteros, y los diputados provinciales Antonio Mart\u00ednez (PP) y Jos\u00e9 Luis Serrano (Vox), adem\u00e1s del secretario del IEA y de la Diputaci\u00f3n, Francisco Suay.<\/p>\n<p style=\"text-align: justify;\">Valera ha abierto la Asamblea con un mensaje de agradecimiento a los miembros del Instituto por \u201csu compromiso y su labor desinteresada\u201d, al tiempo que ha expresado una \u201cprofunda satisfacci\u00f3n\u201d por el balance del a\u00f1o.<\/p>\n<p style=\"text-align: justify;\">\u201cEste instituto ha recobrado vida como nunca gracias al trabajo de sus miembros y de todos los colectivos que han querido trabajar con nosotros. El Chal\u00e9 Fontecha ha pasado de estar cerrado a convertirse en un referente de conocimiento, de actividad y de encuentro cultural\u201d, ha resaltado.<\/p>\n<p style=\"text-align: justify;\">R\u00e9cord de visitantes en el Chal\u00e9 Fontecha: m\u00e1s de 22.600 personas en 2025<\/p>\n<p style=\"text-align: justify;\">Uno de los datos m\u00e1s significativos de la jornada fue el balance de visitantes recibido por la sede del IEA en este 2025: un total de 22.652 personas (sin contabilizar a\u00fan la cifra de diciembre) han pasado por el Chal\u00e9 Fontecha en alguno de sus tres formatos de visita: el uso de la biblioteca, la participaci\u00f3n en visitas guiadas o la entrada individual a exposiciones. S\u00f3lo entre enero y abril, ya se hab\u00eda superado la cifra de 8.700 personas.<\/p>\n<p style=\"text-align: justify;\">\u201cCreo que estos n\u00fameros son una prueba del acierto que ha supuesto abrir este espacio emblem\u00e1tico a la ciudadan\u00eda: lo hemos llenado de vida, de actividad y de conocimiento. Y esa es una de las decisiones m\u00e1s acertadas de este mandato\u201d, ha destacado Valera.<\/p>\n<p style=\"text-align: justify;\">Apuesta firme de la Diputaci\u00f3n: m\u00e1s recursos, m\u00e1s proyectos<\/p>\n<p style=\"text-align: justify;\">En el marco de la reciente aprobaci\u00f3n de los Presupuestos de la Diputaci\u00f3n para 2026, el vicepresidente ha puesto tambi\u00e9n el foco en el crecimiento presupuestario que el Gobierno de Santi Caba\u00f1ero ha consignado para el Instituto de cara al pr\u00f3ximo ejercicio: 1.060.000 euros, lo que supone un incremento del 13,90% respecto a 2025.<\/p>\n<p style=\"text-align: justify;\">Una inversi\u00f3n creciente por parte del Gobierno de Santi Caba\u00f1ero encaminada a seguir consolidando al IEA como una herramienta esencial para la divulgaci\u00f3n del conocimiento y el impulso del patrimonio hist\u00f3rico, cultural y cient\u00edfico de la provincia.<\/p>\n<p style=\"text-align: justify;\">\u201cSiempre decimos que colaborar con el Instituto es como colaborar con la Universidad: uno siempre sale un poco m\u00e1s cultivado. Por eso nuestra apuesta es firme: porque invertir en conocimiento es invertir en libertad, en identidad y en futuro para nuestros pueblos\u201d, ha remarcado el vicepresidente.<\/p>\n<p style=\"text-align: justify;\">Trece nuevos miembros se incorporan al IEA con amplio respaldo<\/p>\n<p style=\"text-align: justify;\">Uno de los momentos centrales de la Asamblea ha sido la votaci\u00f3n para la admisi\u00f3n de nuevas y nuevos integrantes. Candidaturas que han sido presentadas por cada responsable de departamento y que, tras una breve exposici\u00f3n de m\u00e9ritos, fueron aprobadas por amplia mayor\u00eda, superando todas el 75% de apoyos.<\/p>\n<p style=\"text-align: justify;\">Las nuevas incorporaciones al Instituto de Estudios Albacetenses \u2018Don Juan Manuel\u2019, reflejo del compromiso con la renovaci\u00f3n, el talento y el enfoque interdisciplinar, son: en el Departamento de Prehistoria y Arqueolog\u00eda: Gabriel Garc\u00eda Ati\u00e9nzar, \u00c1ngel Arjona M\u00e1rquez, Mar\u00eda Soledad Torres Romero, Aniceto L\u00f3pez Serrano y Jos\u00e9 \u00c1ngel Munera Mart\u00ednez. En el Departamento de Geograf\u00eda, Gabino Joaqu\u00edn Ponce Herrero. En el Departamento de Filolog\u00eda y Comunicaci\u00f3n, Jos\u00e9 Fidel L\u00f3pez Zornoza y Santiago Vico Monteoliva. En el Departamento de Econom\u00eda, Francisco Escribano Sotos e Isabel Pardo Garc\u00eda. En el Departamento de Ecolog\u00eda y Medio Ambiente, Carmen Bel\u00e9n Mart\u00ednez Escobar. En el Departamento de Bot\u00e1nica, Rodrigo Rold\u00e1n Mart\u00ednez. Y en el Departamento de Zoolog\u00eda, Guillermo Garc\u00eda-Sa\u00faco S\u00e1nchez.<\/p>\n<p style=\"text-align: justify;\">Nuevos integrantes que, como se ha comentado en la sesi\u00f3n, vienen a reforzar el car\u00e1cter cient\u00edfico, cultural y social del IEA, asegurando la continuidad de sus fines fundacionales a trav\u00e9s de nuevas voces expertas en disciplinas clave para el conocimiento provincial.<\/p>\n<p style=\"text-align: justify;\">Una Asamblea sin fisuras y un Instituto con futuro<\/p>\n<p style=\"text-align: justify;\">Siendo el de las nuevas incorporaciones el \u00fanico a votar, el resto de puntos del Orden del D\u00eda han sido daciones de cuenta entre las que ha destacado la presentaci\u00f3n de la Memoria de Actividades 2025, semblanza de una programaci\u00f3n diversa, transversal, cient\u00edfica y con clara vocaci\u00f3n de proyecci\u00f3n exterior.<\/p>\n<p style=\"text-align: justify;\">Entre los hitos m\u00e1s rese\u00f1ables de este a\u00f1o, figuran: la convocatoria de cuatro l\u00edneas de ayudas a la investigaci\u00f3n y la conservaci\u00f3n del patrimonio por un total de 85.500 euros, con un incremento del 7,5% respecto al a\u00f1o anterior. Tambi\u00e9n la celebraci\u00f3n de m\u00e1s de 30 actos culturales y cient\u00edficos, incluyendo exposiciones itinerantes, presentaciones de libros y coloquios interuniversitarios. Y el desarrollo de proyectos editoriales clave, como el libro \u2018El monumento orientalizante de Pozo Moro\u2019, obra de referencia en la arqueolog\u00eda mediterr\u00e1nea, entre otras.<\/p>\n<p style=\"text-align: justify;\">El director del IEA, Antonio Caul\u00edn, ha destacado que 2025 ha sido \u201cun a\u00f1o de consolidaci\u00f3n\u201d, y agradeci\u00f3 el respaldo de la Diputaci\u00f3n: \u201cEl incremento presupuestario del 13,9% es una muestra de la implicaci\u00f3n del Gobierno provincial con el futuro del Instituto y con el conocimiento como herramienta de cohesi\u00f3n social y territorial\u201d.<\/p>\n<p style=\"text-align: justify;\">Un modelo de \u00e9xito<\/p>\n<p style=\"text-align: justify;\">Tanto Valera como Caul\u00edn han coincidido en se\u00f1alar que el modelo del IEA es un ejemplo de c\u00f3mo las instituciones p\u00fablicas pueden fomentar el conocimiento, la investigaci\u00f3n y la cultura con impacto real en el territorio. Como ha expresado el vicepresidente: \u201cContar con un recurso como \u00e9ste es un lujo que debemos cuidar\u201d.<\/p>\n<p style=\"text-align: justify;\">El Instituto de Estudios Albacetenses sigue reafirm\u00e1ndose para el Gobierno de la Diputaci\u00f3n de Albacete como un instrumento clave de dinamizaci\u00f3n cultural, educativa y cient\u00edfica, con un firme compromiso con la historia, el patrimonio y la identidad de la provincia de Albacete.<\/p>\n<p><!--publicidad-voz03--><a href=\"https:\/\/www.facebook.com\/profile.php?id=100063593791305&amp;locale=es_ES\"><img decoding=\"async\" class=\"alignnone size-medium\" src=\"https:\/\/blogger.googleusercontent.com\/img\/b\/R29vZ2xl\/AVvXsEi8_n_ll8UOcGxCqzFvb_9Io4ICczlGC990BPtPj2w9Px-u7B3oqWUW5vtjZUqPNJ-nyjiUIorE0ATsib_l5tV8BVN-UJ03RTnU__IHJF_4DgDBtY4LIqXNG-FomrO-7ywes20CBCRM2Hcm7EJSh3UUw1dO-c_uTflUrtgY1i7uBRezj_DpympmEFkfbQY\/s1600\/logo-principal2.jpg\" width=\"100%\" height=\"100\" \/><\/a><!--bestpublic-voz03--><!--desk-in-out-voz03--><br \/>\n<!--publicidad-voz04--><a href=\"https:\/\/www.facebook.com\/profile.php?id=61557370768692&amp;locale=es_ES\"><img decoding=\"async\" class=\"alignnone size-medium\" src=\"https:\/\/blogger.googleusercontent.com\/img\/b\/R29vZ2xl\/AVvXsEgy5RdcfffrnrItnYTcV9bCJjgJwldsQLWssfVfrLbyfXeBNTFKgBf0rMIvhrUaGUhiXzVr9_eQgCbi-j63ZDpfTvLIty9w7s140y-m1yHe7eKmEK7v2NAHUJDVYGdfeiQFeRCqUjdwWmN1MX_AUxxz4IVdJ4WIM0APxit8bjWkXzrnEFGqBvW_1F13H1g\/s1600\/logo-principal5.jpg\" width=\"100%\" height=\"100\" \/><\/a><!--bestpublic-voz04--><!--desk-in-out-voz04--><br \/>\n<!--publicidad-voz05--><a href=\"https:\/\/www.facebook.com\/asociaciontamborileroshellin?locale=es_ES\"><img decoding=\"async\" class=\"alignnone size-medium\" src=\"https:\/\/blogger.googleusercontent.com\/img\/b\/R29vZ2xl\/AVvXsEhHEEpZsKK1VpwiYMrS7aE2ujtqIDZoLd4B5wtbiseSU9s2HdTdQfhF84So2XwEB1fv0BLw95GADm6hUl1bkKtzh-eIgVigXONuu_5RxeIMPhjk8q6uNX4EaEHbooKkbu7pCADWPpVJjhKIH5NQSJpWqedC-YBez4QAQeJYokkLot9bhrIaUAeztsGis6M\/s1600\/logo-principal3.jpg\" width=\"100%\" height=\"100\" \/><\/a><!--bestpublic-voz05--><!--desk-in-out-voz05--><br \/>\n<!--publicidad-voz06--><!--bestpublic-voz06--><!--desk-in-out-voz06--><br \/>\n<!--publicidad-voz07--><!--bestpublic-voz07--><!--desk-in-out-voz07--><br \/>\n<!--publicidad-voz08--><!--bestpublic-voz08--><!--desk-in-out-voz08--><br \/>\n<!--publicidad-voz09--><!--bestpublic-voz09--><!--desk-in-out-voz09--><br \/>\n<!--publicidad-voz10--><!--bestpublic-voz10--><!--desk-in-out-voz10--><br \/>\n<!--publicidad-voz11--><!--bestpublic-voz11--><!--desk-in-out-voz11--><br \/>\n<!--publicidad-voz12--><!--bestpublic-voz12--><!--desk-in-out-voz12--><br \/>\n<!--publicidad-voz13--><!--bestpublic-voz13--><!--desk-in-out-voz13--><br \/>\n<!--publicidad-voz14--><!--bestpublic-voz14--><!--desk-in-out-voz14--><br \/>\n<!--publicidad-voz15--><!--bestpublic-voz15--><!--desk-in-out-voz15--><br \/>\n<!--publicidad-voz16--><!--bestpublic-voz16--><!--desk-in-out-voz16--><\/p>\n","protected":false},"excerpt":{"rendered":"<p>El Instituto de Estudios Albacetenses (IEA) \u2018Don Juan Manuel\u2019 de la Diputaci\u00f3n ha celebrado en su sede del Chal\u00e9 Fontecha la Asamblea Anual de cierre del a\u00f1o, en un encuentro&#8230;<\/p>\n","protected":false},"author":2,"featured_media":160695,"comment_status":"closed","ping_status":"closed","sticky":false,"template":"","format":"standard","meta":{"footnotes":""},"categories":[761,718,715,716,717],"tags":[],"class_list":["post-160694","post","type-post","status-publish","format-standard","has-post-thumbnail","hentry","category-blog-lv042","category-blogger","category-la-voz-de-hellin","category-la-voz-de-hellin-la-voz-de-hellin","category-noticias"],"_links":{"self":[{"href":"https:\/\/lavozdehellin.com\/noticias\/wp-json\/wp\/v2\/posts\/160694","targetHints":{"allow":["GET"]}}],"collection":[{"href":"https:\/\/lavozdehellin.com\/noticias\/wp-json\/wp\/v2\/posts"}],"about":[{"href":"https:\/\/lavozdehellin.com\/noticias\/wp-json\/wp\/v2\/types\/post"}],"author":[{"embeddable":true,"href":"https:\/\/lavozdehellin.com\/noticias\/wp-json\/wp\/v2\/users\/2"}],"replies":[{"embeddable":true,"href":"https:\/\/lavozdehellin.com\/noticias\/wp-json\/wp\/v2\/comments?post=160694"}],"version-history":[{"count":0,"href":"https:\/\/lavozdehellin.com\/noticias\/wp-json\/wp\/v2\/posts\/160694\/revisions"}],"wp:featuredmedia":[{"embeddable":true,"href":"https:\/\/lavozdehellin.com\/noticias\/wp-json\/wp\/v2\/media\/160695"}],"wp:attachment":[{"href":"https:\/\/lavozdehellin.com\/noticias\/wp-json\/wp\/v2\/media?parent=160694"}],"wp:term":[{"taxonomy":"category","embeddable":true,"href":"https:\/\/lavozdehellin.com\/noticias\/wp-json\/wp\/v2\/categories?post=160694"},{"taxonomy":"post_tag","embeddable":true,"href":"https:\/\/lavozdehellin.com\/noticias\/wp-json\/wp\/v2\/tags?post=160694"}],"curies":[{"name":"wp","href":"https:\/\/api.w.org\/{rel}","templated":true}]}}