{"id":160703,"date":"2025-10-15T19:33:38","date_gmt":"2025-10-15T17:33:38","guid":{"rendered":"https:\/\/lavozdehellin.com\/noticias\/?p=160703"},"modified":"2025-12-16T18:46:29","modified_gmt":"2025-12-16T16:46:29","slug":"v10-484-lvh-noticias-carlos-pitarch-y-el-trineo-de-viento-protagonizan-una-nueva-charla-en-las-iv-jornadas-de-montana-que-organiza-la-federacion-de-c-lm-con-el-respaldo-de-la-diputacion","status":"publish","type":"post","link":"https:\/\/lavozdehellin.com\/noticias\/v10-484-lvh-noticias-carlos-pitarch-y-el-trineo-de-viento-protagonizan-una-nueva-charla-en-las-iv-jornadas-de-montana-que-organiza-la-federacion-de-c-lm-con-el-respaldo-de-la-diputacion\/","title":{"rendered":"LVH NOTICIAS | CARLOS PITARCH Y EL \u2018TRINEO DE VIENTO\u2019 PROTAGONIZAN UNA NUEVA CHARLA EN LAS IV JORNADAS DE MONTA\u00d1A QUE ORGANIZA LA FEDERACI\u00d3N DE C-LM CON EL RESPALDO DE LA DIPUTACI\u00d3N"},"content":{"rendered":"<p style=\"text-align: justify;\">El Sal\u00f3n de Actos de la Diputaci\u00f3n ha acogido este mi\u00e9rcoles una nueva charla en el marco de las IV Jornadas de Monta\u00f1a en Albacete. En esta ocasi\u00f3n, ha sido el turno del alpinista Carlos Pitarch y su aventura \u2018Anori, el trineo de viento\u2019.<\/p>\n<p><!--more--><br \/>\n<!--publicidad-voz01--><a href=\"https:\/\/www.facebook.com\/SoloRadioHellin\/?locale=es_ES\"><img decoding=\"async\" class=\"alignnone size-medium\" src=\"https:\/\/blogger.googleusercontent.com\/img\/b\/R29vZ2xl\/AVvXsEiNncirNnyGedv00mhjZjh5Wl4_YPdJGanoAl8tL8zH-HwqE8uHqjEfSt340RHdx-9tuCSIkZ8rFamZiGyYlgDGxCsmXjCH_1xk5eYM3ntFZRvJP_jndOKR7w1UAo9Tu0vrZyOLfqRpHIxYI5SymJJ-pfGCQw6QVpggBH-UgfjiFQ2JOxqxG0Jx94kW83c\/s1600\/logo-principal.jpg\" width=\"100%\" height=\"100\" \/><\/a><!--bestpublic-voz01--><!--desk-in-out-voz01--><br \/>\n<!--publicidad-voz02--><a href=\"https:\/\/www.hellincf.com\/\"><img decoding=\"async\" class=\"alignnone size-medium\" src=\"https:\/\/blogger.googleusercontent.com\/img\/b\/R29vZ2xl\/AVvXsEhuZ4-XfBVj3UtdP8-RZugy3WVrg-Zv28c53m4oV47qYCxL1rX_dqWX_YddsGSnpH5SRDqZ7bZeKPIfDVCDncpjVlhy3aQs2vojcJBn7Gdv9hC2_Nzct_pRFrnFE1a7KTCdY1bT_kAgnY3-iadRZrGeJf1fR2P5fu11bokx0pWjaypoy-ctwCjklldpEbA\/s1600\/logo-principal7.jpg\" width=\"100%\" height=\"100\" \/><\/a><!--bestpublic-voz02--><!--desk-in-out-voz02--><\/p>\n<p style=\"text-align: justify;\">El diputado provincial de Medio Ambiente, Jos\u00e9 Antonio G\u00f3mez, junto al vicepresidente de la Federaci\u00f3n de Deportes de Monta\u00f1a de C-LM, \u00d3scar Cardo, y al concejal de Deportes en el Ayuntamiento de la ciudad, Francisco Villaescusa, ha subrayado el \u201cextraordinario\u201d nivel de esta iniciativa en alusi\u00f3n a sus protagonistas (junto a Pitarch, \u00d3scar Cardo, Pipi Cardell y Carlos Soria) y ha remarcado el honor que es albergar citas como \u00e9sta, en las que se ofrece una visi\u00f3n en profundidad de una disciplina deportiva que es una \u201cescuela de vida, en la que se ense\u00f1an valores como la constancia, el trabajo en equipo, la resiliencia ante las dificultades y la importancia de la preparaci\u00f3n y el esfuerzo\u201d.<\/p>\n<p style=\"text-align: justify;\">Durante su intervenci\u00f3n el diputado provincial ha presentado a Carlos Pitarch, director, realizador audiovisual, monta\u00f1ero, fot\u00f3grafo, y camar\u00f3grafo especializado en documentar expediciones de monta\u00f1a y traves\u00edas en entornos naturales extremos, y ha explicado que, desde 1985, ha documentado m\u00e1s de 180 ascensiones a cumbres de m\u00e1s de 3.000 metros en los Pirineos, adem\u00e1s de m\u00faltiples expediciones internacionales en los Andes, el Himalaya, Asia Central y el \u00c1rtico<\/p>\n<p style=\"text-align: justify;\">Tambi\u00e9n ha tenido palabras de reconocimiento y gratitud para la Federaci\u00f3n de Deportes de Monta\u00f1a de C-LM, organizadora del evento con el respaldo y el apoyo de la Diputaci\u00f3n, la Junta de Comunidades de Castilla-La Mancha, y el Ayuntamiento de Albacete, y ha se\u00f1alado la colaboraci\u00f3n constante que la instituci\u00f3n provincial y la entidad mantienen en el marco de un convenio anual que impulsa acciones deportivas, formativas, de seguridad o respeto al entorno natural.<\/p>\n<p style=\"text-align: justify;\">\u201cPara la Diputaci\u00f3n colaborar con el deporte y con el desarrollo de estas jornadas es un placer, como lo es colaborar con la Federaci\u00f3n; y lo hacemos a lo largo de todo el a\u00f1o porque entendemos que apostar por los deportes de monta\u00f1a es hacerlo por un estilo de vida saludable, pero tambi\u00e9n por la promoci\u00f3n y el desarrollo sostenible de nuestros pueblos\u201d, ha apuntado el diputado, recordando que esta provincia \u201cno es s\u00f3lo llanura, es tambi\u00e9n sierra y contamos con grandes monta\u00f1as, que os animo a conocer\u201d, y ha explicado, que estas modalidades deportivas \u201cson un motor de bienestar, de sostenibilidad y de crecimiento socioecon\u00f3mico, especialmente en las zonas rurales\u201d.<\/p>\n<p style=\"text-align: justify;\">De hecho, fruto de esta estrecha colaboraci\u00f3n se imparten actividades formativas en el marco del Plan de Formaci\u00f3n Deportiva de la instituci\u00f3n para capacitar a senderistas y gestores en la conservaci\u00f3n y aprovechamiento sostenible de los senderos, y este a\u00f1o la provincia acoger\u00e1 por primera vez (en Alcal\u00e1 del J\u00facar en noviembre) las Jornadas Estatales de Senderos y Senderismo.<\/p>\n<p style=\"text-align: justify;\">Adem\u00e1s, ambas entidades trabajan en la se\u00f1alizaci\u00f3n homologada de numerosos senderos de diferentes puntos de la geograf\u00eda albacetense, superando las 40 rutas ya marcadas, avanzando en calidad, seguridad y sostenibilidad y, con ello, afianzando un tipo de turismo que cada vez cobra m\u00e1s peso.<\/p>\n<p style=\"text-align: justify;\">Tras sus palabras, el diputado provincial ha entregado al alpinista, a modo de obsequio, un libro de la provincia: \u2018Albacete, para\u00edso natural\u2019 (obra de Antonio Manzanares), para hacerlo conocedor de los tesoros naturales a los que ha aludido a lo largo de su intervenci\u00f3n.<\/p>\n<p style=\"text-align: justify;\">Proyecci\u00f3n de una expedici\u00f3n sin precedentes en un trineo de viento<\/p>\n<p style=\"text-align: justify;\">Durante el acto, se ha proyectado el documental \u2018Anori, el trineo de viento\u2019, dirigido por el propio Carlos Pitarch, en el que narra la expedici\u00f3n \u2018SOS Arctic 2022\u2019 liderada por el explorador Ram\u00f3n Larramendi. Una traves\u00eda sin precedentes que recorri\u00f3 m\u00e1s de 1000 kil\u00f3metros en el sur de Groenlandia, impulsada por un innovador trineo de viento, un veh\u00edculo \u00fanico impulsado por energ\u00eda e\u00f3lica (cero emisiones).<\/p>\n<p style=\"text-align: justify;\">En esta expedici\u00f3n, se llevaron a cabo dos proyectos cient\u00edficos clave, uno de la Universidad Aut\u00f3noma de Madrid y otro del Centro de Astrobiolog\u00eda de Madrid, para recopilar datos esenciales sobre el impacto del cambio clim\u00e1tico en las regiones polares. Adem\u00e1s, se hizo un descubrimiento sorprendente: un nuevo Nunataq, una isla que emerge del hielo.<\/p>\n<p style=\"text-align: justify;\">Las IV Jornadas de Monta\u00f1a en Albacete finalizan ma\u00f1ana, 16 de octubre, con la charla de Carlos Soria Font\u00e1n en la Filmoteca, quien recientemente ha hecho historia en el alpinismo al coronal, a los 86 a\u00f1os el Manuslu (8.163 metros, Nepal), coincidiendo con el 50 aniversario de su primera subida a esta cima.<\/p>\n<p><!--publicidad-voz03--><a href=\"https:\/\/www.facebook.com\/profile.php?id=100063593791305&amp;locale=es_ES\"><img decoding=\"async\" class=\"alignnone size-medium\" src=\"https:\/\/blogger.googleusercontent.com\/img\/b\/R29vZ2xl\/AVvXsEi8_n_ll8UOcGxCqzFvb_9Io4ICczlGC990BPtPj2w9Px-u7B3oqWUW5vtjZUqPNJ-nyjiUIorE0ATsib_l5tV8BVN-UJ03RTnU__IHJF_4DgDBtY4LIqXNG-FomrO-7ywes20CBCRM2Hcm7EJSh3UUw1dO-c_uTflUrtgY1i7uBRezj_DpympmEFkfbQY\/s1600\/logo-principal2.jpg\" width=\"100%\" height=\"100\" \/><\/a><!--bestpublic-voz03--><!--desk-in-out-voz03--><br \/>\n<!--publicidad-voz04--><a href=\"https:\/\/www.facebook.com\/profile.php?id=61557370768692&amp;locale=es_ES\"><img decoding=\"async\" class=\"alignnone size-medium\" src=\"https:\/\/blogger.googleusercontent.com\/img\/b\/R29vZ2xl\/AVvXsEgy5RdcfffrnrItnYTcV9bCJjgJwldsQLWssfVfrLbyfXeBNTFKgBf0rMIvhrUaGUhiXzVr9_eQgCbi-j63ZDpfTvLIty9w7s140y-m1yHe7eKmEK7v2NAHUJDVYGdfeiQFeRCqUjdwWmN1MX_AUxxz4IVdJ4WIM0APxit8bjWkXzrnEFGqBvW_1F13H1g\/s1600\/logo-principal5.jpg\" width=\"100%\" height=\"100\" \/><\/a><!--bestpublic-voz04--><!--desk-in-out-voz04--><br \/>\n<!--publicidad-voz05--><a href=\"https:\/\/www.facebook.com\/asociaciontamborileroshellin?locale=es_ES\"><img decoding=\"async\" class=\"alignnone size-medium\" src=\"https:\/\/blogger.googleusercontent.com\/img\/b\/R29vZ2xl\/AVvXsEhHEEpZsKK1VpwiYMrS7aE2ujtqIDZoLd4B5wtbiseSU9s2HdTdQfhF84So2XwEB1fv0BLw95GADm6hUl1bkKtzh-eIgVigXONuu_5RxeIMPhjk8q6uNX4EaEHbooKkbu7pCADWPpVJjhKIH5NQSJpWqedC-YBez4QAQeJYokkLot9bhrIaUAeztsGis6M\/s1600\/logo-principal3.jpg\" width=\"100%\" height=\"100\" \/><\/a><!--bestpublic-voz05--><!--desk-in-out-voz05--><br \/>\n<!--publicidad-voz06--><!--bestpublic-voz06--><!--desk-in-out-voz06--><br \/>\n<!--publicidad-voz07--><!--bestpublic-voz07--><!--desk-in-out-voz07--><br \/>\n<!--publicidad-voz08--><!--bestpublic-voz08--><!--desk-in-out-voz08--><br \/>\n<!--publicidad-voz09--><!--bestpublic-voz09--><!--desk-in-out-voz09--><br \/>\n<!--publicidad-voz10--><!--bestpublic-voz10--><!--desk-in-out-voz10--><br \/>\n<!--publicidad-voz11--><!--bestpublic-voz11--><!--desk-in-out-voz11--><br \/>\n<!--publicidad-voz12--><!--bestpublic-voz12--><!--desk-in-out-voz12--><br \/>\n<!--publicidad-voz13--><!--bestpublic-voz13--><!--desk-in-out-voz13--><br \/>\n<!--publicidad-voz14--><!--bestpublic-voz14--><!--desk-in-out-voz14--><br \/>\n<!--publicidad-voz15--><!--bestpublic-voz15--><!--desk-in-out-voz15--><br \/>\n<!--publicidad-voz16--><!--bestpublic-voz16--><!--desk-in-out-voz16--><\/p>\n","protected":false},"excerpt":{"rendered":"<p>El Sal\u00f3n de Actos de la Diputaci\u00f3n ha acogido este mi\u00e9rcoles una nueva charla en el marco de las IV Jornadas de Monta\u00f1a en Albacete. En esta ocasi\u00f3n, ha sido&#8230;<\/p>\n","protected":false},"author":2,"featured_media":160704,"comment_status":"closed","ping_status":"closed","sticky":false,"template":"","format":"standard","meta":{"footnotes":""},"categories":[761,718,715,716,717],"tags":[],"class_list":["post-160703","post","type-post","status-publish","format-standard","has-post-thumbnail","hentry","category-blog-lv042","category-blogger","category-la-voz-de-hellin","category-la-voz-de-hellin-la-voz-de-hellin","category-noticias"],"_links":{"self":[{"href":"https:\/\/lavozdehellin.com\/noticias\/wp-json\/wp\/v2\/posts\/160703","targetHints":{"allow":["GET"]}}],"collection":[{"href":"https:\/\/lavozdehellin.com\/noticias\/wp-json\/wp\/v2\/posts"}],"about":[{"href":"https:\/\/lavozdehellin.com\/noticias\/wp-json\/wp\/v2\/types\/post"}],"author":[{"embeddable":true,"href":"https:\/\/lavozdehellin.com\/noticias\/wp-json\/wp\/v2\/users\/2"}],"replies":[{"embeddable":true,"href":"https:\/\/lavozdehellin.com\/noticias\/wp-json\/wp\/v2\/comments?post=160703"}],"version-history":[{"count":0,"href":"https:\/\/lavozdehellin.com\/noticias\/wp-json\/wp\/v2\/posts\/160703\/revisions"}],"wp:featuredmedia":[{"embeddable":true,"href":"https:\/\/lavozdehellin.com\/noticias\/wp-json\/wp\/v2\/media\/160704"}],"wp:attachment":[{"href":"https:\/\/lavozdehellin.com\/noticias\/wp-json\/wp\/v2\/media?parent=160703"}],"wp:term":[{"taxonomy":"category","embeddable":true,"href":"https:\/\/lavozdehellin.com\/noticias\/wp-json\/wp\/v2\/categories?post=160703"},{"taxonomy":"post_tag","embeddable":true,"href":"https:\/\/lavozdehellin.com\/noticias\/wp-json\/wp\/v2\/tags?post=160703"}],"curies":[{"name":"wp","href":"https:\/\/api.w.org\/{rel}","templated":true}]}}