{"id":160751,"date":"2025-12-15T11:46:51","date_gmt":"2025-12-15T09:46:51","guid":{"rendered":"https:\/\/lavozdehellin.com\/noticias\/?p=160751"},"modified":"2025-12-16T19:19:28","modified_gmt":"2025-12-16T17:19:28","slug":"v10-493-lvh-noticias-tras-recorrer-casi-700-kilometros-concluyen-con-exito-la-xii-edicion-de-rutas-de-senderismo-con-la-diputacion-en-jorquera-y-lietor","status":"publish","type":"post","link":"https:\/\/lavozdehellin.com\/noticias\/v10-493-lvh-noticias-tras-recorrer-casi-700-kilometros-concluyen-con-exito-la-xii-edicion-de-rutas-de-senderismo-con-la-diputacion-en-jorquera-y-lietor\/","title":{"rendered":"LVH NOTICIAS | TRAS RECORRER CASI 700 KIL\u00d3METROS, CONCLUYEN CON \u00c9XITO LA XII EDICI\u00d3N DE RUTAS DE SENDERISMO CON LA DIPUTACI\u00d3N, EN JORQUERA Y LI\u00c9TOR"},"content":{"rendered":"<p style=\"text-align: justify;\">Este s\u00e1bado, d\u00eda 13, y el domingo, 14 de diciembre, tuvieron lugar las dos \u00faltimas pruebas de la XII Edici\u00f3n de las Rutas de Senderismo 2025, que organiza la Diputaci\u00f3n Provincial de Albacete. En esta ocasi\u00f3n, se desplazaron hasta La Manchuela, en Jorquera; y la Sierra del Segura, en Li\u00e9tor.<\/p>\n<p><!--more--><br \/>\n<!--publicidad-voz01--><a href=\"https:\/\/www.facebook.com\/SoloRadioHellin\/?locale=es_ES\"><img decoding=\"async\" class=\"alignnone size-medium\" src=\"https:\/\/blogger.googleusercontent.com\/img\/b\/R29vZ2xl\/AVvXsEiNncirNnyGedv00mhjZjh5Wl4_YPdJGanoAl8tL8zH-HwqE8uHqjEfSt340RHdx-9tuCSIkZ8rFamZiGyYlgDGxCsmXjCH_1xk5eYM3ntFZRvJP_jndOKR7w1UAo9Tu0vrZyOLfqRpHIxYI5SymJJ-pfGCQw6QVpggBH-UgfjiFQ2JOxqxG0Jx94kW83c\/s1600\/logo-principal.jpg\" width=\"100%\" height=\"100\" \/><\/a><!--bestpublic-voz01--><!--desk-in-out-voz01--><br \/>\n<!--publicidad-voz02--><a href=\"https:\/\/www.hellincf.com\/\"><img decoding=\"async\" class=\"alignnone size-medium\" src=\"https:\/\/blogger.googleusercontent.com\/img\/b\/R29vZ2xl\/AVvXsEhuZ4-XfBVj3UtdP8-RZugy3WVrg-Zv28c53m4oV47qYCxL1rX_dqWX_YddsGSnpH5SRDqZ7bZeKPIfDVCDncpjVlhy3aQs2vojcJBn7Gdv9hC2_Nzct_pRFrnFE1a7KTCdY1bT_kAgnY3-iadRZrGeJf1fR2P5fu11bokx0pWjaypoy-ctwCjklldpEbA\/s1600\/logo-principal7.jpg\" width=\"100%\" height=\"100\" \/><\/a><!--bestpublic-voz02--><!--desk-in-out-voz02--><\/p>\n<p style=\"text-align: justify;\">As\u00ed, el s\u00e1bado, los senderistas visitaron Jorquera, en una prueba denominada \u201cBarrancos y cumbres- La Somailla\u201d. Una prueba circular, de 14 kil\u00f3metros de distancia, de una dificultad media, con una duraci\u00f3n aproximada de cinco horas.<\/p>\n<p style=\"text-align: justify;\">A las puertas del Ayuntamiento, les recibir\u00eda la alcaldesa, Mar\u00eda Pilar Medina, junto al teniente de alcalde, Pedro G\u00f3mez; y Juan Mart\u00ednez, concejal de Deportes y gu\u00eda de esta fant\u00e1stica ruta, quienes les acompa\u00f1ar\u00edan durante todo el trayecto.<\/p>\n<p style=\"text-align: justify;\">Con el cielo cubierto, sobre las nueve de la ma\u00f1ana, desde la puerta del Ayuntamiento, que se sit\u00faa frente a la iglesia, arrancar\u00eda la marcha, descendiendo por las peculiares calles de Jorquera hasta llegar al cauce del r\u00edo J\u00facar. Cruzar\u00edan este por el puente, para girar a la derecha y caminar por la orilla a pie de roca, hasta comenzar a ascender por la antigua calzada romana, para adentrase en un bosque de pinos hasta llegar al primero de los miradores, con la maravillosa vista del pueblo al frente y todo el valle que forma el J\u00facar a su paso.<\/p>\n<p style=\"text-align: justify;\">Comenzar\u00eda entonces una ligera lluvia y continuar\u00edan la marcha para recorrer distintos rincones por donde antiguamente pasaban los vecinos del pueblo para desarrollar sus labores en el campo, por lo tanto, muchas sendas han sido recuperadas para la ocasi\u00f3n. Har\u00edan una parada t\u00e9cnica, y muy de agradecer, para, por cortes\u00eda del Ayuntamiento de municipio, tomar un rico y calentito chocolate con magdalenas, que les dar\u00eda fuerzas para continuar con la marcha.<\/p>\n<p style=\"text-align: justify;\">Ascender\u00edan un poco m\u00e1s, hasta llegar a la llanura y la parte m\u00e1s elevada del recorrido, cruzar\u00edan entonces la carretera, para recuperar sobre un par de kil\u00f3metros y enlazar una serie de barrancos, pasando tambi\u00e9n por algunos tollos hasta llegar al m\u00edtico mirador de Jorquera, con excepcionales vistas del pueblo y toda la hoz del J\u00facar, donde tambi\u00e9n aqu\u00ed, el ayuntamiento, les ten\u00eda preparado un tentempi\u00e9.<\/p>\n<p style=\"text-align: justify;\">Ya de regreso, y al principio en un complicado descenso, coger\u00edan una preciosa senda, con las vista de Jorquera a su izquierda en lo alto, hasta llegar al paraje de la \u201dSomailla\u201d, para descender por su senda que les conducir\u00e1 a la carretera hasta el puente de acceso al municipio y comenzar la subida hasta llegar a Jorquera y su Restaurante Piscina &#8211; Mirador Jorquera, donde disfrutar\u00edan de una merecida comida.<\/p>\n<p style=\"text-align: justify;\">Por otro lado, y como colof\u00f3n de estas rutas, el domingo 14, en Li\u00e9tor, 50 participantes distintos recorrer\u00e1n la prueba denominada \u201cRuta Pantano de Talave \u2013 Li\u00e9tor (tramo del GR-67)\u201d. Cuenta con un recorrido lineal, de 14 kil\u00f3metros de distancia, de una dificultad media, con una duraci\u00f3n aproximada de cuatro horas. La salida est\u00e1 prevista, a las nueve de la ma\u00f1ana, desde la presa del pantano de Talave.<\/p>\n<p style=\"text-align: justify;\">En esta ocasi\u00f3n, comenzar\u00eda la ruta en la presa del pantano de Talave, que estaba a rebosar de agua, para recorrer las marcas rojiblancas del GR-67, conocido tambi\u00e9n como Sendero del Mundo y les conducir\u00e1 hasta Li\u00e9tor, este gran recorrido enlaza Alcaraz con Hell\u00edn y transcurre en buena parte junto al r\u00edo Mundo.<\/p>\n<p style=\"text-align: justify;\">Al igual que el d\u00eda anterior el cielo estaba encapotado, y en ciertas ocasiones descargando agua con m\u00e1s o menos intensidad, aunque respetando gran parte del recorrido.<\/p>\n<p style=\"text-align: justify;\">Pasaban un poco las nueve de la ma\u00f1ana cuando arrancaron, primero por el asfalto junto a la presa, para tomar una pista forestal al lado izquierdo del embalse, m\u00e1s adelante tomar\u00edan una senda e ir\u00edan cogiendo altura.<\/p>\n<p style=\"text-align: justify;\">Pasar\u00edan cerca de la casa de los Majales, abandonando la senda para coger una pista y perder, de momento, la vista del embalse. Al poco llegar\u00edan al Barranco de Piqueras, y entre monte bajo, por un sendero mal definido, hasta unas rocas que albergan una peque\u00f1a oquedad utilizada como refugio para el ganado, la conocida Tin\u00e1, en este punto volver\u00eda a aparecer de nuevo el embalse, con unas preciosas vistas, con gran cantidad de \u00e1rboles y arbustos, con sus ocres colores, sumergidos parcialmente en el agua.<\/p>\n<p style=\"text-align: justify;\">Descender\u00edan hacia el barranco de Juan Garc\u00eda, pasando tambi\u00e9n por el paraje de Casa de Marta para enlazar con el Camino de Caravaca, escenario habitual de una concurrida romer\u00eda a principios de mayo, cuando los vecinos de Li\u00e9tor acuden en peregrinaci\u00f3n a la ermita de Santa B\u00e1rbara.<\/p>\n<p style=\"text-align: justify;\">Continuar\u00edan por el GR-67 que les conduce frente uno de los parajes m\u00e1s singulares del trayecto: el Pe\u00f1ascal de los Infiernos. Ya s\u00f3lo les restaba llegar hasta la presa del Azud, para afrontar la exigente subida que les conducir\u00eda de nuevo a Li\u00e9tor.<\/p>\n<p style=\"text-align: justify;\">Cierre a lo grande, con dos preciosas rutas, que ponen el broche de oro a otra fant\u00e1stica edici\u00f3n rutas de Senderismo, y ya van 12, de gran atractivo natural y paisaj\u00edstico. Una iniciativa que cada vez tiene m\u00e1s seguidores. Y que tanto \u00e9xito ha tenido en anteriores ediciones, organizada por la Diputaci\u00f3n Provincial de Albacete.<\/p>\n<p style=\"text-align: justify;\">Tras casi recorrer 700 kil\u00f3metros por una provincia que no deja de sorprender a los participantes en este tipo de actividades.<\/p>\n<p style=\"text-align: justify;\">Un circuito que, en 2026, en su XIII edici\u00f3n, sorprender\u00e1 todav\u00eda m\u00e1s, con innumerables sorpresas, que seguro disfrutaran los muchos participantes en este tipo de actividades.<\/p>\n<p style=\"text-align: justify;\">Ya s\u00f3lo quedar\u00eda, para cerrar el a\u00f1o, una actividad extraordinaria el pr\u00f3ximo fin de semana. Se trata de la 1\u00aa traves\u00eda integral de las Almenaras, Almenarilla y Muleto, una salida con pernoctaci\u00f3n, de unos 32 kil\u00f3metros de distancia, repartido en los dos d\u00edas, y con una dificultad media-alta.<\/p>\n<p><!--publicidad-voz03--><a href=\"https:\/\/www.facebook.com\/profile.php?id=100063593791305&amp;locale=es_ES\"><img decoding=\"async\" class=\"alignnone size-medium\" src=\"https:\/\/blogger.googleusercontent.com\/img\/b\/R29vZ2xl\/AVvXsEi8_n_ll8UOcGxCqzFvb_9Io4ICczlGC990BPtPj2w9Px-u7B3oqWUW5vtjZUqPNJ-nyjiUIorE0ATsib_l5tV8BVN-UJ03RTnU__IHJF_4DgDBtY4LIqXNG-FomrO-7ywes20CBCRM2Hcm7EJSh3UUw1dO-c_uTflUrtgY1i7uBRezj_DpympmEFkfbQY\/s1600\/logo-principal2.jpg\" width=\"100%\" height=\"100\" \/><\/a><!--bestpublic-voz03--><!--desk-in-out-voz03--><br \/>\n<!--publicidad-voz04--><a href=\"https:\/\/www.facebook.com\/profile.php?id=61557370768692&amp;locale=es_ES\"><img decoding=\"async\" class=\"alignnone size-medium\" src=\"https:\/\/blogger.googleusercontent.com\/img\/b\/R29vZ2xl\/AVvXsEgy5RdcfffrnrItnYTcV9bCJjgJwldsQLWssfVfrLbyfXeBNTFKgBf0rMIvhrUaGUhiXzVr9_eQgCbi-j63ZDpfTvLIty9w7s140y-m1yHe7eKmEK7v2NAHUJDVYGdfeiQFeRCqUjdwWmN1MX_AUxxz4IVdJ4WIM0APxit8bjWkXzrnEFGqBvW_1F13H1g\/s1600\/logo-principal5.jpg\" width=\"100%\" height=\"100\" \/><\/a><!--bestpublic-voz04--><!--desk-in-out-voz04--><br \/>\n<!--publicidad-voz05--><a href=\"https:\/\/www.facebook.com\/asociaciontamborileroshellin?locale=es_ES\"><img decoding=\"async\" class=\"alignnone size-medium\" src=\"https:\/\/blogger.googleusercontent.com\/img\/b\/R29vZ2xl\/AVvXsEhHEEpZsKK1VpwiYMrS7aE2ujtqIDZoLd4B5wtbiseSU9s2HdTdQfhF84So2XwEB1fv0BLw95GADm6hUl1bkKtzh-eIgVigXONuu_5RxeIMPhjk8q6uNX4EaEHbooKkbu7pCADWPpVJjhKIH5NQSJpWqedC-YBez4QAQeJYokkLot9bhrIaUAeztsGis6M\/s1600\/logo-principal3.jpg\" width=\"100%\" height=\"100\" \/><\/a><!--bestpublic-voz05--><!--desk-in-out-voz05--><br \/>\n<!--publicidad-voz06--><!--bestpublic-voz06--><!--desk-in-out-voz06--><br \/>\n<!--publicidad-voz07--><!--bestpublic-voz07--><!--desk-in-out-voz07--><br \/>\n<!--publicidad-voz08--><!--bestpublic-voz08--><!--desk-in-out-voz08--><br \/>\n<!--publicidad-voz09--><!--bestpublic-voz09--><!--desk-in-out-voz09--><br \/>\n<!--publicidad-voz10--><!--bestpublic-voz10--><!--desk-in-out-voz10--><br \/>\n<!--publicidad-voz11--><!--bestpublic-voz11--><!--desk-in-out-voz11--><br \/>\n<!--publicidad-voz12--><!--bestpublic-voz12--><!--desk-in-out-voz12--><br \/>\n<!--publicidad-voz13--><!--bestpublic-voz13--><!--desk-in-out-voz13--><br \/>\n<!--publicidad-voz14--><!--bestpublic-voz14--><!--desk-in-out-voz14--><br \/>\n<!--publicidad-voz15--><!--bestpublic-voz15--><!--desk-in-out-voz15--><br \/>\n<!--publicidad-voz16--><!--bestpublic-voz16--><!--desk-in-out-voz16--><\/p>\n","protected":false},"excerpt":{"rendered":"<p>Este s\u00e1bado, d\u00eda 13, y el domingo, 14 de diciembre, tuvieron lugar las dos \u00faltimas pruebas de la XII Edici\u00f3n de las Rutas de Senderismo 2025, que organiza la Diputaci\u00f3n&#8230;<\/p>\n","protected":false},"author":2,"featured_media":160752,"comment_status":"closed","ping_status":"closed","sticky":false,"template":"","format":"standard","meta":{"footnotes":""},"categories":[761,718,715,716,717],"tags":[],"class_list":["post-160751","post","type-post","status-publish","format-standard","has-post-thumbnail","hentry","category-blog-lv042","category-blogger","category-la-voz-de-hellin","category-la-voz-de-hellin-la-voz-de-hellin","category-noticias"],"_links":{"self":[{"href":"https:\/\/lavozdehellin.com\/noticias\/wp-json\/wp\/v2\/posts\/160751","targetHints":{"allow":["GET"]}}],"collection":[{"href":"https:\/\/lavozdehellin.com\/noticias\/wp-json\/wp\/v2\/posts"}],"about":[{"href":"https:\/\/lavozdehellin.com\/noticias\/wp-json\/wp\/v2\/types\/post"}],"author":[{"embeddable":true,"href":"https:\/\/lavozdehellin.com\/noticias\/wp-json\/wp\/v2\/users\/2"}],"replies":[{"embeddable":true,"href":"https:\/\/lavozdehellin.com\/noticias\/wp-json\/wp\/v2\/comments?post=160751"}],"version-history":[{"count":0,"href":"https:\/\/lavozdehellin.com\/noticias\/wp-json\/wp\/v2\/posts\/160751\/revisions"}],"wp:featuredmedia":[{"embeddable":true,"href":"https:\/\/lavozdehellin.com\/noticias\/wp-json\/wp\/v2\/media\/160752"}],"wp:attachment":[{"href":"https:\/\/lavozdehellin.com\/noticias\/wp-json\/wp\/v2\/media?parent=160751"}],"wp:term":[{"taxonomy":"category","embeddable":true,"href":"https:\/\/lavozdehellin.com\/noticias\/wp-json\/wp\/v2\/categories?post=160751"},{"taxonomy":"post_tag","embeddable":true,"href":"https:\/\/lavozdehellin.com\/noticias\/wp-json\/wp\/v2\/tags?post=160751"}],"curies":[{"name":"wp","href":"https:\/\/api.w.org\/{rel}","templated":true}]}}