{"id":160754,"date":"2025-12-15T09:49:43","date_gmt":"2025-12-15T07:49:43","guid":{"rendered":"https:\/\/lavozdehellin.com\/noticias\/?p=160754"},"modified":"2025-12-16T19:19:29","modified_gmt":"2025-12-16T17:19:29","slug":"v10-492-lvh-noticias-la-junta-subraya-el-crecimiento-turistico-y-los-avances-en-sostenibilidad-del-parque-natural-de-los-calares-del-mundo-y-de-la-sima","status":"publish","type":"post","link":"https:\/\/lavozdehellin.com\/noticias\/v10-492-lvh-noticias-la-junta-subraya-el-crecimiento-turistico-y-los-avances-en-sostenibilidad-del-parque-natural-de-los-calares-del-mundo-y-de-la-sima\/","title":{"rendered":"LVH NOTICIAS | LA JUNTA SUBRAYA EL CRECIMIENTO TUR\u00cdSTICO Y LOS AVANCES EN SOSTENIBILIDAD DEL PARQUE NATURAL DE LOS CALARES DEL MUNDO Y DE LA SIMA"},"content":{"rendered":"<p style=\"text-align: justify;\">Durante la reuni\u00f3n de control se dieron a conocer los planes de actuaci\u00f3n para 2026 y el estado actual de distintas especies y valores naturales de especial relevancia en el parque como: el quebrantahuesos, la ratilla de Cabrera, especies bot\u00e1nicas como Anthyllis ruestris y distintas variedades de narcisos<\/p>\n<p><!--more--><br \/>\n<!--publicidad-voz01--><a href=\"https:\/\/www.facebook.com\/SoloRadioHellin\/?locale=es_ES\"><img decoding=\"async\" class=\"alignnone size-medium\" src=\"https:\/\/blogger.googleusercontent.com\/img\/b\/R29vZ2xl\/AVvXsEiNncirNnyGedv00mhjZjh5Wl4_YPdJGanoAl8tL8zH-HwqE8uHqjEfSt340RHdx-9tuCSIkZ8rFamZiGyYlgDGxCsmXjCH_1xk5eYM3ntFZRvJP_jndOKR7w1UAo9Tu0vrZyOLfqRpHIxYI5SymJJ-pfGCQw6QVpggBH-UgfjiFQ2JOxqxG0Jx94kW83c\/s1600\/logo-principal.jpg\" width=\"100%\" height=\"100\" \/><\/a><!--bestpublic-voz01--><!--desk-in-out-voz01--><br \/>\n<!--publicidad-voz02--><a href=\"https:\/\/www.hellincf.com\/\"><img decoding=\"async\" class=\"alignnone size-medium\" src=\"https:\/\/blogger.googleusercontent.com\/img\/b\/R29vZ2xl\/AVvXsEhuZ4-XfBVj3UtdP8-RZugy3WVrg-Zv28c53m4oV47qYCxL1rX_dqWX_YddsGSnpH5SRDqZ7bZeKPIfDVCDncpjVlhy3aQs2vojcJBn7Gdv9hC2_Nzct_pRFrnFE1a7KTCdY1bT_kAgnY3-iadRZrGeJf1fR2P5fu11bokx0pWjaypoy-ctwCjklldpEbA\/s1600\/logo-principal7.jpg\" width=\"100%\" height=\"100\" \/><\/a><!--bestpublic-voz02--><!--desk-in-out-voz02--><\/p>\n<p style=\"text-align: justify;\">La delegada provincial de Desarrollo Sostenible, Llanos Valero, en calidad de vicepresidenta de la Junta Rectora del Parque Natural de los Calares del Mundo y de la Sima presidi\u00f3 la reuni\u00f3n de control que la entidad ha mantenido en el municipio de Cotillas.<\/p>\n<p style=\"text-align: justify;\">Durante el encuentro, en el que tambi\u00e9n participaron representantes municipales, t\u00e9cnicos del parque, miembros del SACAM, del Grupo de Acci\u00f3n Local de la Sierra del Segura, Agentes Medioambientales, efectivos del Seprona, y representantes de las federaciones de Monta\u00f1a y Espeleolog\u00edas, se abordaron cuestiones clave relacionadas con la planificaci\u00f3n, conservaci\u00f3n y uso p\u00fablico de este espacio natural protegido, as\u00ed como los pasos a seguir para avanzar en las principales l\u00edneas de actuaci\u00f3n previstas para el pr\u00f3ximo a\u00f1o.<\/p>\n<p style=\"text-align: justify;\">El borrador del Plan Rector de Uso y Gesti\u00f3n (PRUG) centr\u00f3 buena parte de la reuni\u00f3n de control y durante la sesi\u00f3n se inform\u00f3 sobre el estado del proceso de tramitaci\u00f3n y participaci\u00f3n p\u00fablica, destacando que se abrir\u00e1 una nueva oportunidad para la presentaci\u00f3n de alegaciones, con el objetivo de seguir incorporando las aportaciones de administraciones, entidades y ciudadan\u00eda al documento definitivo.<\/p>\n<p style=\"text-align: justify;\">En materia de conservaci\u00f3n, el encuentro sirvi\u00f3 para conocer el estado de distintas especies y valores naturales de especial relevancia en el parque como: el quebrantahuesos, la ratilla de Cabrera, especies bot\u00e1nicas como Anthyllis ruestris y distintas variedades de narcisos, valorando las actuaciones que se han realizado y el trabajo de seguimiento que se viene llevando a cabo de manera continuada. \u201cEl Parque Natural de los Calares del Mundo y de la Sima es un referente ambiental y tur\u00edstico de la provincia, y nuestro compromiso es seguir avanzando en su protecci\u00f3n, su puesta en valor y en una gesti\u00f3n responsable que garantice su conservaci\u00f3n para las generaciones futuras\u201d, explic\u00f3 la delegada.<\/p>\n<p style=\"text-align: justify;\">M\u00e1s de 125.000 visitantes y un 20\u00ba aniversario participado<\/p>\n<p style=\"text-align: justify;\">Respecto al inter\u00e9s que el Parque Natural despierta en la ciudadan\u00eda, cabe destacar que hasta el 31 de octubre de 2025 este espacio natural suma m\u00e1s de 125.000 visitantes experimentando la mayor cifra de su historia reciente, con el mayor pico de afluencia durante la Semana Santa de 2025.<\/p>\n<p style=\"text-align: justify;\">Asimismo, se destac\u00f3 el \u00e9xito de las actividades organizadas con motivo del 20 aniversario del Parque Natural, que contaron con la participaci\u00f3n de 3.020 personas. Datos muy positivos, apunt\u00f3 la delegada quien reiter\u00f3 el compromiso del Gobierno de Castilla-La Mancha con este espacio y record\u00f3 que se han destinado 600.000 euros a inversiones en conservaci\u00f3n, mejora de infraestructuras y actuaciones de uso p\u00fablico de un enclave que \u201ccombina belleza, ciencia, turismo responsable y desarrollo rural y que constituye uno de los grandes tesoros naturales de la regi\u00f3n\u201d.<\/p>\n<p style=\"text-align: justify;\">Una vez realizados los balances, y con la mirada puesta en el futuro la reuni\u00f3n sirvi\u00f3 tambi\u00e9n para avanzar nuevas actuaciones relacionadas con la conservaci\u00f3n, el seguimiento ambiental y el uso p\u00fablico del Parque Natural y para informar de los dos proyectos que el Grupo de Acci\u00f3n Local de la Sierra del Segura pondr\u00e1 en marcha de manera inmediata.<\/p>\n<p style=\"text-align: justify;\">Se trata de un estudio de la capacidad de carga del Hueco de los Chorros, y de la se\u00f1alizaci\u00f3n de la ruta del Puerto del Arenal al Nacimiento del R\u00edo Mundo.<\/p>\n<p style=\"text-align: justify;\">En ese sentido, desde el Grupo de Acci\u00f3n Local se traslad\u00f3 un \u201cagradecimiento expreso\u201d a la Delegaci\u00f3n Provincial de Desarrollo Sostenible en Albacete por la agilidad en la tramitaci\u00f3n de las autorizaciones necesarias para el inicio de proyectos incluidos en el Plan de Sostenibilidad Tur\u00edstica, valorando especialmente los avances realizados con la Red de Senderos de Anta\u00f1o.<\/p>\n<p><!--publicidad-voz03--><a href=\"https:\/\/www.facebook.com\/profile.php?id=100063593791305&amp;locale=es_ES\"><img decoding=\"async\" class=\"alignnone size-medium\" src=\"https:\/\/blogger.googleusercontent.com\/img\/b\/R29vZ2xl\/AVvXsEi8_n_ll8UOcGxCqzFvb_9Io4ICczlGC990BPtPj2w9Px-u7B3oqWUW5vtjZUqPNJ-nyjiUIorE0ATsib_l5tV8BVN-UJ03RTnU__IHJF_4DgDBtY4LIqXNG-FomrO-7ywes20CBCRM2Hcm7EJSh3UUw1dO-c_uTflUrtgY1i7uBRezj_DpympmEFkfbQY\/s1600\/logo-principal2.jpg\" width=\"100%\" height=\"100\" \/><\/a><!--bestpublic-voz03--><!--desk-in-out-voz03--><br \/>\n<!--publicidad-voz04--><a href=\"https:\/\/www.facebook.com\/profile.php?id=61557370768692&amp;locale=es_ES\"><img decoding=\"async\" class=\"alignnone size-medium\" src=\"https:\/\/blogger.googleusercontent.com\/img\/b\/R29vZ2xl\/AVvXsEgy5RdcfffrnrItnYTcV9bCJjgJwldsQLWssfVfrLbyfXeBNTFKgBf0rMIvhrUaGUhiXzVr9_eQgCbi-j63ZDpfTvLIty9w7s140y-m1yHe7eKmEK7v2NAHUJDVYGdfeiQFeRCqUjdwWmN1MX_AUxxz4IVdJ4WIM0APxit8bjWkXzrnEFGqBvW_1F13H1g\/s1600\/logo-principal5.jpg\" width=\"100%\" height=\"100\" \/><\/a><!--bestpublic-voz04--><!--desk-in-out-voz04--><br \/>\n<!--publicidad-voz05--><a href=\"https:\/\/www.facebook.com\/asociaciontamborileroshellin?locale=es_ES\"><img decoding=\"async\" class=\"alignnone size-medium\" src=\"https:\/\/blogger.googleusercontent.com\/img\/b\/R29vZ2xl\/AVvXsEhHEEpZsKK1VpwiYMrS7aE2ujtqIDZoLd4B5wtbiseSU9s2HdTdQfhF84So2XwEB1fv0BLw95GADm6hUl1bkKtzh-eIgVigXONuu_5RxeIMPhjk8q6uNX4EaEHbooKkbu7pCADWPpVJjhKIH5NQSJpWqedC-YBez4QAQeJYokkLot9bhrIaUAeztsGis6M\/s1600\/logo-principal3.jpg\" width=\"100%\" height=\"100\" \/><\/a><!--bestpublic-voz05--><!--desk-in-out-voz05--><br \/>\n<!--publicidad-voz06--><!--bestpublic-voz06--><!--desk-in-out-voz06--><br \/>\n<!--publicidad-voz07--><!--bestpublic-voz07--><!--desk-in-out-voz07--><br \/>\n<!--publicidad-voz08--><!--bestpublic-voz08--><!--desk-in-out-voz08--><br \/>\n<!--publicidad-voz09--><!--bestpublic-voz09--><!--desk-in-out-voz09--><br \/>\n<!--publicidad-voz10--><!--bestpublic-voz10--><!--desk-in-out-voz10--><br \/>\n<!--publicidad-voz11--><!--bestpublic-voz11--><!--desk-in-out-voz11--><br \/>\n<!--publicidad-voz12--><!--bestpublic-voz12--><!--desk-in-out-voz12--><br \/>\n<!--publicidad-voz13--><!--bestpublic-voz13--><!--desk-in-out-voz13--><br \/>\n<!--publicidad-voz14--><!--bestpublic-voz14--><!--desk-in-out-voz14--><br \/>\n<!--publicidad-voz15--><!--bestpublic-voz15--><!--desk-in-out-voz15--><br \/>\n<!--publicidad-voz16--><!--bestpublic-voz16--><!--desk-in-out-voz16--><\/p>\n","protected":false},"excerpt":{"rendered":"<p>Durante la reuni\u00f3n de control se dieron a conocer los planes de actuaci\u00f3n para 2026 y el estado actual de distintas especies y valores naturales de especial relevancia en el&#8230;<\/p>\n","protected":false},"author":2,"featured_media":160755,"comment_status":"closed","ping_status":"closed","sticky":false,"template":"","format":"standard","meta":{"footnotes":""},"categories":[761,718,715,716,717],"tags":[],"class_list":["post-160754","post","type-post","status-publish","format-standard","has-post-thumbnail","hentry","category-blog-lv042","category-blogger","category-la-voz-de-hellin","category-la-voz-de-hellin-la-voz-de-hellin","category-noticias"],"_links":{"self":[{"href":"https:\/\/lavozdehellin.com\/noticias\/wp-json\/wp\/v2\/posts\/160754","targetHints":{"allow":["GET"]}}],"collection":[{"href":"https:\/\/lavozdehellin.com\/noticias\/wp-json\/wp\/v2\/posts"}],"about":[{"href":"https:\/\/lavozdehellin.com\/noticias\/wp-json\/wp\/v2\/types\/post"}],"author":[{"embeddable":true,"href":"https:\/\/lavozdehellin.com\/noticias\/wp-json\/wp\/v2\/users\/2"}],"replies":[{"embeddable":true,"href":"https:\/\/lavozdehellin.com\/noticias\/wp-json\/wp\/v2\/comments?post=160754"}],"version-history":[{"count":0,"href":"https:\/\/lavozdehellin.com\/noticias\/wp-json\/wp\/v2\/posts\/160754\/revisions"}],"wp:featuredmedia":[{"embeddable":true,"href":"https:\/\/lavozdehellin.com\/noticias\/wp-json\/wp\/v2\/media\/160755"}],"wp:attachment":[{"href":"https:\/\/lavozdehellin.com\/noticias\/wp-json\/wp\/v2\/media?parent=160754"}],"wp:term":[{"taxonomy":"category","embeddable":true,"href":"https:\/\/lavozdehellin.com\/noticias\/wp-json\/wp\/v2\/categories?post=160754"},{"taxonomy":"post_tag","embeddable":true,"href":"https:\/\/lavozdehellin.com\/noticias\/wp-json\/wp\/v2\/tags?post=160754"}],"curies":[{"name":"wp","href":"https:\/\/api.w.org\/{rel}","templated":true}]}}